{"id":88377,"date":"2025-01-06T21:10:41","date_gmt":"2025-01-06T21:10:41","guid":{"rendered":"https:\/\/tvbrazilusa.com\/2025\/01\/06\/segundo-o-senador-rogerio-marinho-o-ex-presidente-jair-bolsonaro-tem-todas-as-condicoes-de-reverter-sua-inelegibilidade-veja-video\/"},"modified":"2025-01-06T21:10:45","modified_gmt":"2025-01-06T21:10:45","slug":"segundo-o-senador-rogerio-marinho-o-ex-presidente-jair-bolsonaro-tem-todas-as-condicoes-de-reverter-sua-inelegibilidade-veja-video","status":"publish","type":"post","link":"https:\/\/tvbrazilusa.com\/pt\/2025\/01\/06\/segundo-o-senador-rogerio-marinho-o-ex-presidente-jair-bolsonaro-tem-todas-as-condicoes-de-reverter-sua-inelegibilidade-veja-video\/","title":{"rendered":"Segundo o Senador Rog\u00e9rio Marinho, o ex-presidente Jair Bolsonaro tem todas as condi\u00e7\u00f5es de reverter sua inelegibilidade; VEJA V\u00cdDEO"},"content":{"rendered":"<p> <script async src=\"https:\/\/pagead2.googlesyndication.com\/pagead\/js\/adsbygoogle.js?client=ca-pub-8864793242727901\"\r\n     crossorigin=\"anonymous\"><\/script><br \/>\n<br \/>Segundo o Senador Rog\u00e9rio Marinho, o ex-presidente Jair Bolsonaro tem todas as condi\u00e7\u00f5es de reverter sua inelegibilidade<br \/>\n<br \/><br \/>\n<br \/><a href=\"https:\/\/diariodobrasilnoticias.com.br\/noticia\/segundo-o-senador-rogerio-marinho-o-ex-presidente-jair-bolsonaro-tem-todas-as-condicoes-de-reverter-sua-inelegibilidade-veja-video-677c2ff22b108\">Source link <\/a><\/p>","protected":false},"excerpt":{"rendered":"<p>Segundo o Senador Rog\u00e9rio Marinho, o ex-presidente Jair Bolsonaro tem todas as condi\u00e7\u00f5es de reverter sua inelegibilidade Source link<\/p>","protected":false},"author":1,"featured_media":88378,"comment_status":"closed","ping_status":"open","sticky":false,"template":"","format":"standard","meta":{"content-type":"","footnotes":""},"categories":[16],"tags":[123,2448,5313,1267],"class_list":["post-88377","post","type-post","status-publish","format-standard","has-post-thumbnail","hentry","category-noticias","tag-brasil","tag-diario","tag-noticia","tag-noticias"],"_links":{"self":[{"href":"https:\/\/tvbrazilusa.com\/pt\/wp-json\/wp\/v2\/posts\/88377","targetHints":{"allow":["GET"]}}],"collection":[{"href":"https:\/\/tvbrazilusa.com\/pt\/wp-json\/wp\/v2\/posts"}],"about":[{"href":"https:\/\/tvbrazilusa.com\/pt\/wp-json\/wp\/v2\/types\/post"}],"author":[{"embeddable":true,"href":"https:\/\/tvbrazilusa.com\/pt\/wp-json\/wp\/v2\/users\/1"}],"replies":[{"embeddable":true,"href":"https:\/\/tvbrazilusa.com\/pt\/wp-json\/wp\/v2\/comments?post=88377"}],"version-history":[{"count":1,"href":"https:\/\/tvbrazilusa.com\/pt\/wp-json\/wp\/v2\/posts\/88377\/revisions"}],"predecessor-version":[{"id":88379,"href":"https:\/\/tvbrazilusa.com\/pt\/wp-json\/wp\/v2\/posts\/88377\/revisions\/88379"}],"wp:featuredmedia":[{"embeddable":true,"href":"https:\/\/tvbrazilusa.com\/pt\/wp-json\/wp\/v2\/media\/88378"}],"wp:attachment":[{"href":"https:\/\/tvbrazilusa.com\/pt\/wp-json\/wp\/v2\/media?parent=88377"}],"wp:term":[{"taxonomy":"category","embeddable":true,"href":"https:\/\/tvbrazilusa.com\/pt\/wp-json\/wp\/v2\/categories?post=88377"},{"taxonomy":"post_tag","embeddable":true,"href":"https:\/\/tvbrazilusa.com\/pt\/wp-json\/wp\/v2\/tags?post=88377"}],"curies":[{"name":"wp","href":"https:\/\/api.w.org\/{rel}","templated":true}]}}