{"id":88380,"date":"2025-01-06T21:14:25","date_gmt":"2025-01-06T21:14:25","guid":{"rendered":"https:\/\/tvbrazilusa.com\/2025\/01\/06\/o-governador-ned-lamont-pede-minuto-de-silencio-em-todo-o-estado-para-jimmy-carter-em-9-de-janeiro\/"},"modified":"2025-01-06T21:18:09","modified_gmt":"2025-01-06T21:18:09","slug":"o-governador-ned-lamont-pede-minuto-de-silencio-em-todo-o-estado-para-jimmy-carter-em-9-de-janeiro","status":"publish","type":"post","link":"https:\/\/tvbrazilusa.com\/pt\/2025\/01\/06\/o-governador-ned-lamont-pede-minuto-de-silencio-em-todo-o-estado-para-jimmy-carter-em-9-de-janeiro\/","title":{"rendered":"O governador Ned Lamont pede minuto de sil\u00eancio em todo o estado para Jimmy Carter em 9 de janeiro"},"content":{"rendered":"<script async src=\"https:\/\/pagead2.googlesyndication.com\/pagead\/js\/adsbygoogle.js?client=ca-pub-8864793242727901\"\r\n     crossorigin=\"anonymous\"><\/script>\n<p>HARTFORD, Connecticut (WTNH) \u2013 O governador Ned Lamont (D-Conn.) anunciou na segunda-feira que assinou uma ordem executiva declarando quinta-feira, 9 de janeiro, um Dia de Mem\u00f3ria em Connecticut em homenagem \u00e0 vida e servi\u00e7o do ex-presidente Jimmy Carter .<\/p>\n<p>O <a href=\"https:\/\/portal.ct.gov\/governor\/-\/media\/office-of-the-governor\/executive-orders\/lamont-executive-orders\/executive-order-no-25-1.pdf\" data-type=\"link\" data-id=\"https:\/\/portal.ct.gov\/governor\/-\/media\/office-of-the-governor\/executive-orders\/lamont-executive-orders\/executive-order-no-25-1.pdf\">ordem executiva <\/a>tamb\u00e9m solicita que todos os residentes de Connecticut participem de um minuto de sil\u00eancio em todo o estado \u00e0s 10h de quinta-feira, no mesmo hor\u00e1rio <a href=\"https:\/\/www.wtnh.com\/news\/national\/jimmy-carter-to-receive-state-funeral-in-january\/\" data-type=\"link\" data-id=\"https:\/\/www.wtnh.com\/news\/national\/jimmy-carter-to-receive-state-funeral-in-january\/\">Funeral de Carter<\/a> est\u00e1 programado para come\u00e7ar na Catedral Nacional de Washington, em Washington, DC<\/p>\n<div class=\"nlp-ignore-block article-content rich-text\">\n<aside class=\"promo-link\">\n\t<a href=\"https:\/\/www.wtnh.com\/news\/washington\/white-house-announces-state-funeral-for-jimmy-carter\/?ipid=promo-link-block1\" class=\"promo-link__link\"><\/p>\n<p>\t\tCasa Branca anuncia funeral de estado para Jimmy Carter\t<\/a><br \/>\n<\/aside>\n<\/div>\n<p>O governador pede especificamente aos \u00f3rg\u00e3os governamentais estaduais e locais, escolas e institui\u00e7\u00f5es de ensino superior que observem o minuto de sil\u00eancio.<\/p>\n<p>O presidente Joe Biden declarou anteriormente quinta-feira como Dia Nacional da Manh\u00e3 em todo o pa\u00eds.<\/p>\n<p>As bandeiras em todo o pa\u00eds ficam com meio mastro durante o tradicional per\u00edodo de 30 dias ap\u00f3s a morte de um presidente ou ex-presidente. Eles devem ser aumentados para o quadro completo ao p\u00f4r do sol de ter\u00e7a-feira, 28 de janeiro.<\/p>\n<p>Carter, o 39\u00ba presidente dos Estados Unidos, <a href=\"https:\/\/www.wtnh.com\/news\/ap-us-news\/ap-jimmy-carter-the-39th-us-president-has-died-at-100\/\" data-type=\"link\" data-id=\"https:\/\/www.wtnh.com\/news\/ap-us-news\/ap-jimmy-carter-the-39th-us-president-has-died-at-100\/\">morreu em 29 de dezembro<\/a>aos 100 anos, em sua casa em Plains, Ge\u00f3rgia.<\/p>\n<p><br \/>\n<br \/><a href=\"https:\/\/www.wtnh.com\/news\/connecticut\/gov-ned-lamont-calls-for-statewide-minute-of-silence-for-jimmy-carter-on-jan-9\/\">Source link <\/a><\/p>","protected":false},"excerpt":{"rendered":"<p>HARTFORD, Connecticut (WTNH) \u2013 O governador Ned Lamont (D-Conn.) anunciou na segunda-feira que assinou uma ordem executiva declarando quinta-feira, 9 de janeiro, um Dia de Mem\u00f3ria em Connecticut em homenagem&hellip;<\/p>","protected":false},"author":1,"featured_media":88381,"comment_status":"closed","ping_status":"open","sticky":false,"template":"","format":"standard","meta":{"content-type":"","footnotes":""},"categories":[1],"tags":[],"class_list":["post-88380","post","type-post","status-publish","format-standard","has-post-thumbnail","hentry","category-uncategorized"],"_links":{"self":[{"href":"https:\/\/tvbrazilusa.com\/pt\/wp-json\/wp\/v2\/posts\/88380","targetHints":{"allow":["GET"]}}],"collection":[{"href":"https:\/\/tvbrazilusa.com\/pt\/wp-json\/wp\/v2\/posts"}],"about":[{"href":"https:\/\/tvbrazilusa.com\/pt\/wp-json\/wp\/v2\/types\/post"}],"author":[{"embeddable":true,"href":"https:\/\/tvbrazilusa.com\/pt\/wp-json\/wp\/v2\/users\/1"}],"replies":[{"embeddable":true,"href":"https:\/\/tvbrazilusa.com\/pt\/wp-json\/wp\/v2\/comments?post=88380"}],"version-history":[{"count":1,"href":"https:\/\/tvbrazilusa.com\/pt\/wp-json\/wp\/v2\/posts\/88380\/revisions"}],"predecessor-version":[{"id":88382,"href":"https:\/\/tvbrazilusa.com\/pt\/wp-json\/wp\/v2\/posts\/88380\/revisions\/88382"}],"wp:featuredmedia":[{"embeddable":true,"href":"https:\/\/tvbrazilusa.com\/pt\/wp-json\/wp\/v2\/media\/88381"}],"wp:attachment":[{"href":"https:\/\/tvbrazilusa.com\/pt\/wp-json\/wp\/v2\/media?parent=88380"}],"wp:term":[{"taxonomy":"category","embeddable":true,"href":"https:\/\/tvbrazilusa.com\/pt\/wp-json\/wp\/v2\/categories?post=88380"},{"taxonomy":"post_tag","embeddable":true,"href":"https:\/\/tvbrazilusa.com\/pt\/wp-json\/wp\/v2\/tags?post=88380"}],"curies":[{"name":"wp","href":"https:\/\/api.w.org\/{rel}","templated":true}]}}