{"id":88383,"date":"2025-01-06T21:23:29","date_gmt":"2025-01-06T21:23:29","guid":{"rendered":"https:\/\/tvbrazilusa.com\/2025\/01\/06\/justica-determina-sigilo-na-investigacao-contra-soldado-israelense-acusado-de-crimes-de-guerra\/"},"modified":"2025-01-06T21:23:30","modified_gmt":"2025-01-06T21:23:30","slug":"justica-determina-sigilo-na-investigacao-contra-soldado-israelense-acusado-de-crimes-de-guerra","status":"publish","type":"post","link":"https:\/\/tvbrazilusa.com\/pt\/2025\/01\/06\/justica-determina-sigilo-na-investigacao-contra-soldado-israelense-acusado-de-crimes-de-guerra\/","title":{"rendered":"Justi\u00e7a determina sigilo na investiga\u00e7\u00e3o contra soldado israelense acusado de &#8216;crimes de guerra&#8217;"},"content":{"rendered":"<p> <script async src=\"https:\/\/pagead2.googlesyndication.com\/pagead\/js\/adsbygoogle.js?client=ca-pub-8864793242727901\"\r\n     crossorigin=\"anonymous\"><\/script><br \/>\n<\/p>\n<div id=\"taboola-read-more\" style=\"display:block; width:100%\">\n<p>A Justi\u00e7a federal do Brasil determinou o sigilo nas investiga\u00e7\u00f5es que envolvem soldado israelense Yuval Vagdani, de 21 anos, que estava de f\u00e9rias no pa\u00eds, acusado de \u201ccrimes de guerra\u201d. A decis\u00e3o foi tomada pela ju\u00edza federal Raquel Soares Chiarelli, neste domingo, 5.\n<\/p>\n<p>A magistrada ordenou que a Pol\u00edcia Federal realize as dilig\u00eancias requeridas pelo Minist\u00e9rio P\u00fablico Federal (MPF). A investiga\u00e7\u00e3o foi solicitada pela Funda\u00e7\u00e3o Hind Rajab, que apoia palestinos e acusa o soldado de participa\u00e7\u00e3o em demoli\u00e7\u00f5es na Faixa de Gaza, em novembro de 2023.<\/p>\n<p>Segundo o jornal O Globo, o Vagdani decidiu deixar o Brasil neste domingo. A Embaixada de Israel em Bras\u00edlia acompanhou a viagem do militar de volta ao territ\u00f3rio israelense. As investiga\u00e7\u00f5es sobre ele devem permanecer confidenciais.\n<\/p>\n<p>\u201cConsiderando o car\u00e1ter sigiloso que deve orientar as investiga\u00e7\u00f5es, determino a anota\u00e7\u00e3o de sigilo nos autos e, posteriormente, a intima\u00e7\u00e3o da Pol\u00edcia Federal para realiza\u00e7\u00e3o das dilig\u00eancias investigativas postuladas pelo MPF\u201d, disse a ju\u00edza.\n<\/p>\n<p>Soldado israelense n\u00e3o tem mandado de pris\u00e3o\n<\/p>\n<p>Raquel tamb\u00e9m decidiu dispensar, por enquanto, a pris\u00e3o do soldado. A not\u00edcia-crime foi apresentada no fim de 2024 por advogados que acusam o militar de ser um \u201ccriminoso de guerra\u201d.\n<\/p>\n<p>Maira Machado Frota Pinheiro e Caio Patr\u00edcio de Almeida, respons\u00e1veis pela a\u00e7\u00e3o, dizem que, como signat\u00e1rio de tratados internacionais, o Brasil tem a obriga\u00e7\u00e3o de investigar crimes dessa natureza, mesmo que ocorram fora de suas fronteiras.\n<\/p>\n<p>A decis\u00e3o se baseia nos princ\u00edpios da extraterritorialidade e da compet\u00eancia universal, que autorizam o processamento e julgamento de crimes graves independentemente do local onde foram cometidos.\n<\/p>\n<p>O caso provocou rea\u00e7\u00e3o em Israel. O congressista Dan Illouz, do partido governista Likud, criticou o Brasil e qualificou o pa\u00eds como \u201cpatrocinador de terroristas\u201d.\n<\/p>\n<p>Essa n\u00e3o \u00e9 a primeira vez que tens\u00f5es diplom\u00e1ticas surgem entre Brasil e Israel. Em 2024, o presidente Luiz In\u00e1cio Lula da Silva foi declarado persona non grata em Israel depois de comparar a guerra contra o Hamas ao Holocausto na Segunda Guerra Mundial.\n<\/p>\n<p>Promovido pelo ditador Adolf Hitler, o Holocausto matou mais de 6 milh\u00f5es de judeus na d\u00e9cada de 1940. O genoc\u00eddio ocorreu na Alemanha Nazista.\n<\/p>\n<p>Fonte: Revista Oeste              <\/p>\n<\/div>\n<p><br \/>\n<br \/><a href=\"https:\/\/diariodobrasilnoticias.com.br\/noticia\/justica-determina-sigilo-na-investigacao-contra-soldado-israelense-acusado-de-crimes-de-guerra-677c2f785e7bb\">Source link <\/a><\/p>","protected":false},"excerpt":{"rendered":"<p>A Justi\u00e7a federal do Brasil determinou o sigilo nas investiga\u00e7\u00f5es que envolvem soldado israelense Yuval Vagdani, de 21 anos, que estava de f\u00e9rias no pa\u00eds, acusado de \u201ccrimes de guerra\u201d.&hellip;<\/p>","protected":false},"author":1,"featured_media":88384,"comment_status":"closed","ping_status":"open","sticky":false,"template":"","format":"standard","meta":{"content-type":"","footnotes":""},"categories":[16],"tags":[123,2448,5313,1267],"class_list":["post-88383","post","type-post","status-publish","format-standard","has-post-thumbnail","hentry","category-noticias","tag-brasil","tag-diario","tag-noticia","tag-noticias"],"_links":{"self":[{"href":"https:\/\/tvbrazilusa.com\/pt\/wp-json\/wp\/v2\/posts\/88383","targetHints":{"allow":["GET"]}}],"collection":[{"href":"https:\/\/tvbrazilusa.com\/pt\/wp-json\/wp\/v2\/posts"}],"about":[{"href":"https:\/\/tvbrazilusa.com\/pt\/wp-json\/wp\/v2\/types\/post"}],"author":[{"embeddable":true,"href":"https:\/\/tvbrazilusa.com\/pt\/wp-json\/wp\/v2\/users\/1"}],"replies":[{"embeddable":true,"href":"https:\/\/tvbrazilusa.com\/pt\/wp-json\/wp\/v2\/comments?post=88383"}],"version-history":[{"count":1,"href":"https:\/\/tvbrazilusa.com\/pt\/wp-json\/wp\/v2\/posts\/88383\/revisions"}],"predecessor-version":[{"id":88385,"href":"https:\/\/tvbrazilusa.com\/pt\/wp-json\/wp\/v2\/posts\/88383\/revisions\/88385"}],"wp:featuredmedia":[{"embeddable":true,"href":"https:\/\/tvbrazilusa.com\/pt\/wp-json\/wp\/v2\/media\/88384"}],"wp:attachment":[{"href":"https:\/\/tvbrazilusa.com\/pt\/wp-json\/wp\/v2\/media?parent=88383"}],"wp:term":[{"taxonomy":"category","embeddable":true,"href":"https:\/\/tvbrazilusa.com\/pt\/wp-json\/wp\/v2\/categories?post=88383"},{"taxonomy":"post_tag","embeddable":true,"href":"https:\/\/tvbrazilusa.com\/pt\/wp-json\/wp\/v2\/tags?post=88383"}],"curies":[{"name":"wp","href":"https:\/\/api.w.org\/{rel}","templated":true}]}}