{"id":88416,"date":"2025-01-06T22:31:16","date_gmt":"2025-01-06T22:31:16","guid":{"rendered":"https:\/\/tvbrazilusa.com\/2025\/01\/06\/raul-gil-agora-fora-do-sbt-busca-nova-emissora-para-sua-carreira\/"},"modified":"2025-01-06T22:31:18","modified_gmt":"2025-01-06T22:31:18","slug":"raul-gil-agora-fora-do-sbt-busca-nova-emissora-para-sua-carreira","status":"publish","type":"post","link":"https:\/\/tvbrazilusa.com\/pt\/2025\/01\/06\/raul-gil-agora-fora-do-sbt-busca-nova-emissora-para-sua-carreira\/","title":{"rendered":"Raul Gil, agora fora do SBT, busca nova emissora para sua carreira"},"content":{"rendered":"<p> <script async src=\"https:\/\/pagead2.googlesyndication.com\/pagead\/js\/adsbygoogle.js?client=ca-pub-8864793242727901\"\r\n     crossorigin=\"anonymous\"><\/script><br \/>\n<\/p>\n<div id=\"taboola-read-more\" style=\"display:block; width:100%\">\n<p>O apresentador Raul Gil, que tem 86 anos, est\u00e1 em busca de uma nova emissora para seu programa depois de encerrar seu ciclo no SBT. Raul tenta encontrar uma emissora interessada em transmitir seu programa, mas enfrenta dificuldades. O jornal Folha de S.Paulo divulgou a informa\u00e7\u00e3o nesta segunda-feira, 6.\n<\/p>\n<p>Com a ajuda de seu filho, Raul Gil J\u00fanior, que tamb\u00e9m \u00e9 respons\u00e1vel pela produ\u00e7\u00e3o da atra\u00e7\u00e3o, o apresentador abordou a Band. Por\u00e9m, a emissora n\u00e3o demonstrou interesse em exibir o programa nas tardes de s\u00e1bado.<\/p>\n<p>Raul Gil j\u00e1 trabalhou na Band entre 2005 e 2009. O apresentador obteve certo sucesso no per\u00edodo e acabou convidado para trabalhar no SBT.\n<\/p>\n<p>Outra op\u00e7\u00e3o considerada \u00e9 a RedeTV!, onde o filho de Raul pretende apresentar um novo projeto nas pr\u00f3ximas semanas. O apresentador deve aproveitar o bom relacionamento com a emissora.\n<\/p>\n<p>Em contrapartida, a Record, que foi palco de um dos maiores sucessos de audi\u00eancia de Raul Gil nos anos 1990 e no come\u00e7o dos anos 2000, descarta qualquer possibilidade de retomar a parceria com o apresentador.\n<\/p>\n<p>A sa\u00edda de Raul do SBT, onde esteve nos \u00faltimos 14 anos, foi motivada por baixa audi\u00eancia. O programa marcava de 2 a 3 pontos na Grande S\u00e3o Paulo.\n<\/p>\n<p><strong>Programa do Raul Gil n\u00e3o dava retorno comercial<\/strong>\n<\/p>\n<p>Al\u00e9m da audi\u00eancia insatisfat\u00f3ria, o retorno comercial do programa tamb\u00e9m foi inferior ao esperado. O programa era exibido aos s\u00e1bados, das 12h \u00e0s 14h15. A rela\u00e7\u00e3o entre Raul e a emissora estava desgastada.\n<\/p>\n<p>O desgaste ficou evidente em mar\u00e7o de 2024, quando Raul participou do Doming\u00e3o com Huck, na Rede Globo, e anunciou sua inten\u00e7\u00e3o de se aposentar no fim do ano, sem ter comunicado previamente o SBT.\n<\/p>\n<p>\u201cMe aposento em 2024\u201d, disse Raul Gil. \u201cA n\u00e3o ser que n\u00e3o me deixem. Mas quero me aposentar neste ano.\u201d\n<\/p>\n<p>O SBT, por sua vez, informou n\u00e3o se opor aos planos do apresentador, mas confirmou que n\u00e3o houve uma conversa antecipada sobre o assunto. Essa foi a segunda passagem de Raul Gil pelo SBT, a primeira foi de 1981 a 1982, nos primeiros anos da emissora.\n<\/p>\n<p>O retorno de Raul ao SBT, em 2010, come\u00e7ou com sucesso de audi\u00eancia, mas o programa perdeu f\u00f4lego ao longo dos anos e frequentemente fica atr\u00e1s da Record em termos de audi\u00eancia.\n<\/p>\n<p>Fonte: Revista Oeste              <\/p>\n<\/div>\n<p><br \/>\n<br \/><a href=\"https:\/\/diariodobrasilnoticias.com.br\/noticia\/raul-gil-agora-fora-do-sbt-busca-nova-emissora-para-sua-carreira-677c33803ae8f\">Source link <\/a><\/p>","protected":false},"excerpt":{"rendered":"<p>O apresentador Raul Gil, que tem 86 anos, est\u00e1 em busca de uma nova emissora para seu programa depois de encerrar seu ciclo no SBT. Raul tenta encontrar uma emissora&hellip;<\/p>","protected":false},"author":1,"featured_media":88417,"comment_status":"closed","ping_status":"open","sticky":false,"template":"","format":"standard","meta":{"content-type":"","footnotes":""},"categories":[16],"tags":[123,2448,5313,1267],"class_list":["post-88416","post","type-post","status-publish","format-standard","has-post-thumbnail","hentry","category-noticias","tag-brasil","tag-diario","tag-noticia","tag-noticias"],"_links":{"self":[{"href":"https:\/\/tvbrazilusa.com\/pt\/wp-json\/wp\/v2\/posts\/88416","targetHints":{"allow":["GET"]}}],"collection":[{"href":"https:\/\/tvbrazilusa.com\/pt\/wp-json\/wp\/v2\/posts"}],"about":[{"href":"https:\/\/tvbrazilusa.com\/pt\/wp-json\/wp\/v2\/types\/post"}],"author":[{"embeddable":true,"href":"https:\/\/tvbrazilusa.com\/pt\/wp-json\/wp\/v2\/users\/1"}],"replies":[{"embeddable":true,"href":"https:\/\/tvbrazilusa.com\/pt\/wp-json\/wp\/v2\/comments?post=88416"}],"version-history":[{"count":1,"href":"https:\/\/tvbrazilusa.com\/pt\/wp-json\/wp\/v2\/posts\/88416\/revisions"}],"predecessor-version":[{"id":88418,"href":"https:\/\/tvbrazilusa.com\/pt\/wp-json\/wp\/v2\/posts\/88416\/revisions\/88418"}],"wp:featuredmedia":[{"embeddable":true,"href":"https:\/\/tvbrazilusa.com\/pt\/wp-json\/wp\/v2\/media\/88417"}],"wp:attachment":[{"href":"https:\/\/tvbrazilusa.com\/pt\/wp-json\/wp\/v2\/media?parent=88416"}],"wp:term":[{"taxonomy":"category","embeddable":true,"href":"https:\/\/tvbrazilusa.com\/pt\/wp-json\/wp\/v2\/categories?post=88416"},{"taxonomy":"post_tag","embeddable":true,"href":"https:\/\/tvbrazilusa.com\/pt\/wp-json\/wp\/v2\/tags?post=88416"}],"curies":[{"name":"wp","href":"https:\/\/api.w.org\/{rel}","templated":true}]}}