{"id":88431,"date":"2025-01-06T22:55:25","date_gmt":"2025-01-06T22:55:25","guid":{"rendered":"https:\/\/tvbrazilusa.com\/2025\/01\/06\/incendio-macico-em-rise-doro-teve-causa-indeterminada-jacksonville-hoje\/"},"modified":"2025-01-06T23:03:51","modified_gmt":"2025-01-06T23:03:51","slug":"incendio-macico-em-rise-doro-teve-causa-indeterminada-jacksonville-hoje","status":"publish","type":"post","link":"https:\/\/tvbrazilusa.com\/pt\/2025\/01\/06\/incendio-macico-em-rise-doro-teve-causa-indeterminada-jacksonville-hoje\/","title":{"rendered":"Inc\u00eandio maci\u00e7o em Rise Doro teve causa \u2018indeterminada\u2019 | Jacksonville hoje"},"content":{"rendered":"<p> <script async src=\"https:\/\/pagead2.googlesyndication.com\/pagead\/js\/adsbygoogle.js?client=ca-pub-8864793242727901\"\r\n     crossorigin=\"anonymous\"><\/script><br \/>\n<\/p>\n<div>\n<p>Parece que nunca saberemos o que iniciou o inc\u00eandio que destruiu o <a href=\"https:\/\/jaxtoday.org\/2024\/01\/29\/massive-fire-torches-rise-doro-apartments-downtown\/\">US$ 65 milh\u00f5es aumentam apartamentos Doro<\/a> no centro de Jacksonville h\u00e1 quase um ano, poucos dias antes da inaugura\u00e7\u00e3o do pr\u00e9dio.<\/p>\n<p>Uma investiga\u00e7\u00e3o conclu\u00edda pela Fl\u00f3rida <a href=\"https:\/\/myfloridacfo.com\/division\/sfm\" rel=\"nofollow noopener\" target=\"_blank\">Divis\u00e3o do Corpo de Bombeiros do Estado<\/a> rotula a causa como \u201cindeterminada\u201d.<\/p>\n<p>Se\u00e7\u00f5es destru\u00eddas da estrutura de sete andares eram muito inseguras para os investigadores entrarem ou desabaram devido a danos causados \u200b\u200bpor fogo e \u00e1gua, de acordo com um relat\u00f3rio de 166 p\u00e1ginas obtido na segunda-feira por <em>Jacksonville hoje<\/em>.<\/p>\n<p>As \u00e1reas onde o inc\u00eandio pode ter come\u00e7ado n\u00e3o puderam ser alcan\u00e7adas e nenhum exame forense dessas \u00e1reas foi poss\u00edvel, disse o relat\u00f3rio.<\/p>\n<p>\u201cCom base no exame do local do inc\u00eandio, no conhecimento do desenvolvimento do inc\u00eandio, nos depoimentos dos bombeiros e das testemunhas, juntamente com a documenta\u00e7\u00e3o de apoio, n\u00e3o houve evid\u00eancias conclusivas que indicassem uma causa espec\u00edfica do inc\u00eandio\u201d, conclui o relat\u00f3rio.<\/p>\n<p>A causa provavelmente \u00e9 \u201catividade el\u00e9trica irregular\u201d, diz o relat\u00f3rio, mas \u201c\u00e9 recomendado neste momento que este caso seja classificado como indeterminado\u201d.<\/p>\n<h3 class=\"wp-block-heading\">O inc\u00eandio de Rise Doro<\/h3>\n<p>O inc\u00eandio atingiu o complexo de 247 unidades no final de 28 de janeiro. Cerca de 110 bombeiros lutaram contra o inc\u00eandio durante a noite e no dia seguinte, e ele foi finalmente extinto dias depois.<\/p>\n<p>Os engenheiros da cidade consideraram o pr\u00e9dio em frente ao 121 Financial Ballpark estruturalmente inseguro depois do que o chefe dos bombeiros Keith Powers chamou de um dos piores inc\u00eandios na cidade em uma d\u00e9cada.<\/p>\n<p>As se\u00e7\u00f5es carbonizadas dos apartamentos com estrutura de madeira <a href=\"https:\/\/jaxtoday.org\/2024\/02\/02\/rise-doros-walls-start-tumbling-down\/\">foram demolidos<\/a>mas o n\u00facleo de concreto \u2013 contendo a escada central e a se\u00e7\u00e3o do elevador, o estacionamento e a piscina na cobertura \u2013 permaneceu de p\u00e9.<\/p>\n<figure class=\"wp-block-image size-large\"><figcaption class=\"wp-element-caption\">O p\u00e1tio superior de concreto e o deck da piscina do pr\u00e9dio de apartamentos Rise Doro ainda mostram cicatrizes do inc\u00eandio que o danificou gravemente. | Dan Scanlan, Jacksonville hoje<\/figcaption><\/figure>\n<p>Greg Blais, presidente da <a href=\"https:\/\/risere.com\/construction\/\" rel=\"nofollow noopener\" target=\"_blank\">Rise empresa imobili\u00e1ria<\/a>contado <em>Jacksonville hoje<\/em> m\u00eas passado isso <a href=\"https:\/\/jaxtoday.org\/2024\/12\/26\/askjaxtdy-rise-doro-rebuild\/\">o in\u00edcio da reconstru\u00e7\u00e3o era \u201ciminente\u201d.<\/a> Ele disse na segunda-feira que a Rise fechou o financiamento na v\u00e9spera de Ano Novo e iniciaria a constru\u00e7\u00e3o dentro de duas semanas.<\/p>\n<p>\u201cObviamente, gostar\u00edamos de saber a causa do inc\u00eandio, mas n\u00e3o estou em posi\u00e7\u00e3o de especular sobre a causa e vou conviver com os coment\u00e1rios do relat\u00f3rio como todos os outros\u201d, disse ele.<\/p>\n<p>\u201cAssim como voc\u00ea, estamos ansiosos para ver o desenvolvimento de Rise Doro nos pr\u00f3ximos 18 a 20 meses.\u201d<\/p>\n<h3 class=\"wp-block-heading\">A investiga\u00e7\u00e3o<\/h3>\n<p>Investigadores do Departamento de Inc\u00eandios, Inc\u00eandios Inc\u00eandios e Explosivos entraram em partes do pr\u00e9dio um dia ap\u00f3s a extin\u00e7\u00e3o do inc\u00eandio e encontraram \u201cdanos sustentados por fogo, calor e fuma\u00e7a\u201d nos andares superiores no lado oeste. O dano exterior vis\u00edvel mais pesado ocorreu no s\u00e9timo andar.<\/p>\n<p>A parede externa nos n\u00edveis mais baixos, perto da se\u00e7\u00e3o sudoeste, estava \u201cestruturalmente comprometida e saliente em dire\u00e7\u00e3o \u00e0 estrada\u201d, disse o relat\u00f3rio.<\/p>\n<p>O lado norte do edif\u00edcio tamb\u00e9m apresentou danos por fogo, calor e fuma\u00e7a nos andares superiores, com os danos exteriores vis\u00edveis mais graves tamb\u00e9m no s\u00e9timo andar. Parte do telhado desabou no andar de baixo, disse o relat\u00f3rio.<\/p>\n<p>O lado leste tamb\u00e9m sofreu grandes danos. A parede exterior nos n\u00edveis inferiores perto da sec\u00e7\u00e3o sudeste estava \u201cestruturalmente comprometida e saliente em direc\u00e7\u00e3o \u00e0 estrada\u201d.<\/p>\n<p>Com base nos padr\u00f5es de inc\u00eandio e nas \u00e1reas de maiores danos, os investigadores determinaram que o inc\u00eandio pode ter come\u00e7ado no vazio do s\u00e9timo andar, no quadrante sudoeste da estrutura. <\/p>\n<p>Uma \u00e1rea aberta no s\u00e9timo andar no quadrante sudoeste mostrou \u201cvis\u00edvel carboniza\u00e7\u00e3o pelo fogo\u201d, disse o relat\u00f3rio. Essa \u00e1rea tinha fia\u00e7\u00e3o el\u00e9trica atravessando a \u00e1rea aberta, disse o relat\u00f3rio.<\/p>\n<p>Kent Barber, gerente do projeto de constru\u00e7\u00e3o, disse aos investigadores que \u201ca fia\u00e7\u00e3o el\u00e9trica atravessou o vazio do piso na \u00e1rea\u201d e ele acredita que um problema el\u00e9trico pode ter causado o inc\u00eandio.<\/p>\n<p><strong>LEIA MAIS:<\/strong> <a href=\"https:\/\/jaxtoday.org\/2024\/02\/22\/pull-all-of-the-crews-out-dramatic-video-captures-rise-doro-fire\/\">V\u00eddeo dram\u00e1tico captura inc\u00eandio em Rise Doro<\/a><\/p>\n<p>O pr\u00e9dio passou recentemente por problemas el\u00e9tricos, disse ele, e forneceu aos investigadores uma fotografia de um painel el\u00e9trico que estava em processo de reparo.<\/p>\n<p>\u201cEles estavam esperando a chegada de uma pe\u00e7a espec\u00edfica para concluir o reparo\u201d, disse o relat\u00f3rio.<\/p>\n<p>O Diretor de Opera\u00e7\u00f5es da Rise Doro, Walter Macauley, tamb\u00e9m identificou problemas el\u00e9tricos como uma poss\u00edvel causa. Ele citou preocupa\u00e7\u00f5es sobre o trabalho realizado por um subcontratado que n\u00e3o foi identificado no relat\u00f3rio.<\/p>\n<h3 class=\"wp-block-heading\">Outras observa\u00e7\u00f5es<\/h3>\n<p>Yenit Pupo, membro de uma equipe de limpeza que trabalhava logo ap\u00f3s o meio-dia de 28 de janeiro no quarto andar, disse aos investigadores que sentiu cheiro de \u201calgo queimando\u201d no que descreveu como \u201ccabo el\u00e9trico\u201d, mas Pupo n\u00e3o viu fuma\u00e7a ou fogo.<\/p>\n<p>Membros de outra equipe de limpeza disseram aos investigadores que depois de limpar as escadas \u00e0s 16h30 do dia 28 de janeiro, \u201cdetectaram o odor de pl\u00e1stico queimado durante o meio-dia (12h30), e o odor era mais forte no s\u00e9timo andar\u201d. perto do lado sul da estrutura.<\/p>\n<p>Os investigadores estaduais repetiram fatores que funcion\u00e1rios do Departamento de Bombeiros e Resgate de Jacksonville disseram que dificultaram os esfor\u00e7os de combate a inc\u00eandios. Primeiro, foi instalado o sistema de supress\u00e3o de inc\u00eandio, mas \u201cuma v\u00e1lvula foi desligada e o sistema n\u00e3o pressurizava\u201d.<\/p>\n<p>Al\u00e9m disso, um chefe dos bombeiros disse aos investigadores que suas equipes n\u00e3o conseguiram acessar a estrutura pelo lado norte devido a uma escada incompleta. Alguns foram obrigados a usar uma escada para acessar o s\u00e9timo andar atrav\u00e9s de uma porta de varanda para atacar o fogo com uma mangueira.<\/p>\n<p>Tamb\u00e9m houve uma reclama\u00e7\u00e3o sobre o trabalho \u201cde m\u00e1 qualidade\u201d realizado nos aparelhos de ar condicionado do telhado e dos andares superiores por algu\u00e9m que visitou o local da obra em 23 de fevereiro de 2023, disse o relat\u00f3rio.<\/p>\n<p>Os investigadores tamb\u00e9m verificaram se algu\u00e9m havia visto algo suspeito. Trabalhadores da constru\u00e7\u00e3o civil como Florlinda Sanchez disseram que n\u00e3o viu mais ningu\u00e9m dentro do pr\u00e9dio, exceto seus colegas de trabalho. Muitos colegas de trabalho disseram o mesmo.<\/p>\n<\/div>\n<p><br \/>\n<br \/><a href=\"https:\/\/jaxtoday.org\/2025\/01\/06\/rise-doro-fire-cause-undetermined\/\">Source link <\/a><\/p>","protected":false},"excerpt":{"rendered":"<p>Parece que nunca saberemos o que iniciou o inc\u00eandio que destruiu o US$ 65 milh\u00f5es aumentam apartamentos Doro no centro de Jacksonville h\u00e1 quase um ano, poucos dias antes da&hellip;<\/p>","protected":false},"author":1,"featured_media":88432,"comment_status":"closed","ping_status":"open","sticky":false,"template":"","format":"standard","meta":{"content-type":"","footnotes":""},"categories":[1],"tags":[],"class_list":["post-88431","post","type-post","status-publish","format-standard","has-post-thumbnail","hentry","category-uncategorized"],"_links":{"self":[{"href":"https:\/\/tvbrazilusa.com\/pt\/wp-json\/wp\/v2\/posts\/88431","targetHints":{"allow":["GET"]}}],"collection":[{"href":"https:\/\/tvbrazilusa.com\/pt\/wp-json\/wp\/v2\/posts"}],"about":[{"href":"https:\/\/tvbrazilusa.com\/pt\/wp-json\/wp\/v2\/types\/post"}],"author":[{"embeddable":true,"href":"https:\/\/tvbrazilusa.com\/pt\/wp-json\/wp\/v2\/users\/1"}],"replies":[{"embeddable":true,"href":"https:\/\/tvbrazilusa.com\/pt\/wp-json\/wp\/v2\/comments?post=88431"}],"version-history":[{"count":1,"href":"https:\/\/tvbrazilusa.com\/pt\/wp-json\/wp\/v2\/posts\/88431\/revisions"}],"predecessor-version":[{"id":88433,"href":"https:\/\/tvbrazilusa.com\/pt\/wp-json\/wp\/v2\/posts\/88431\/revisions\/88433"}],"wp:featuredmedia":[{"embeddable":true,"href":"https:\/\/tvbrazilusa.com\/pt\/wp-json\/wp\/v2\/media\/88432"}],"wp:attachment":[{"href":"https:\/\/tvbrazilusa.com\/pt\/wp-json\/wp\/v2\/media?parent=88431"}],"wp:term":[{"taxonomy":"category","embeddable":true,"href":"https:\/\/tvbrazilusa.com\/pt\/wp-json\/wp\/v2\/categories?post=88431"},{"taxonomy":"post_tag","embeddable":true,"href":"https:\/\/tvbrazilusa.com\/pt\/wp-json\/wp\/v2\/tags?post=88431"}],"curies":[{"name":"wp","href":"https:\/\/api.w.org\/{rel}","templated":true}]}}