{"id":88434,"date":"2025-01-06T22:52:36","date_gmt":"2025-01-06T22:52:36","guid":{"rendered":"https:\/\/tvbrazilusa.com\/2025\/01\/06\/o-juiz-nega-a-tentativa-de-trump-de-suspender-a-sentenca-do-caso-de-silencio-de-sexta-feira-enquanto-eles-apelam-para-bloquea-la\/"},"modified":"2025-01-06T23:05:48","modified_gmt":"2025-01-06T23:05:48","slug":"o-juiz-nega-a-tentativa-de-trump-de-suspender-a-sentenca-do-caso-de-silencio-de-sexta-feira-enquanto-eles-apelam-para-bloquea-la","status":"publish","type":"post","link":"https:\/\/tvbrazilusa.com\/pt\/2025\/01\/06\/o-juiz-nega-a-tentativa-de-trump-de-suspender-a-sentenca-do-caso-de-silencio-de-sexta-feira-enquanto-eles-apelam-para-bloquea-la\/","title":{"rendered":"O juiz nega a tentativa de Trump de suspender a senten\u00e7a do caso de sil\u00eancio de sexta-feira, enquanto eles apelam para bloque\u00e1-la"},"content":{"rendered":"<p> <script async src=\"https:\/\/pagead2.googlesyndication.com\/pagead\/js\/adsbygoogle.js?client=ca-pub-8864793242727901\"\r\n     crossorigin=\"anonymous\"><\/script><br \/>\n<\/p>\n<div id=\"\">\n<header class=\"m-article-header m-article-header--standard\">\n\t\t\t\t\t\t\t\t\t\t\t\t<span id=\"article-header-primary-term\"><br \/>\n\t\t\t\t\t\t\t\t<a class=\"a-term a-term--primary\" href=\"https:\/\/www.boston.com\/tag\/politics\/\"><\/p>\n<p>\t\t\t\t\t\t\t\tPol\u00edtica\t\t\t\t\t\t\t\t<\/a><br \/>\n\t\t\t\t\t\t\t<\/span><\/p>\n<h2 class=\"m-article-header__sub-headline\">Trump ainda pode pedir ao tribunal de apela\u00e7\u00f5es que intervenha e ordene uma suspens\u00e3o ou pausa. Caso contr\u00e1rio, ele ser\u00e1 sentenciado pouco mais de uma semana antes de ser empossado para um segundo mandato.<\/h2>\n<figure class=\"a-photo m-article-header__photo\"><figcaption class=\"a-photo__caption\">\n<p>\tARQUIVO \u2013 O ex-presidente Donald Trump aguarda o in\u00edcio do processo no tribunal criminal de Manhattan, 23 de abril de 2024, em Nova York.<em> AP Photo\/Yuki Iwamura, Piscina, Arquivo<\/em>\t<\/figcaption><\/figure>\n<div class=\"m-article-header__meta\">\n<div class=\"m-article-header__byline\">\n<p class=\"m-article-header__author\">\n<p>\t\t\t\t\t\t\t\tPor MICHAEL R. SISAK e JENNIFER PELTZ, Associated Press\t\t\t\t\t\t\t<\/p>\n<p>\t\t\t\t\t\t\t\t\t\t\t\t\t\t\t<time class=\"m-article-header__date\"><\/p>\n<p>\t\t\t\t\t\t\t\t\t6 de janeiro de 2025 | 17h52\t\t\t\t\t\t\t\t<\/time><\/p>\n<p><span>4 minutos para ler<\/span><\/p>\n<\/p><\/div>\n<\/p><\/div>\n<\/header>\n<p>NOVA IORQUE (AP) \u2013 O presidente eleito, Donald Trump, foi frustrado na segunda-feira em sua tentativa de adiar indefinidamente a senten\u00e7a desta semana em seu caso de sil\u00eancio, enquanto apela de uma decis\u00e3o que manteve o veredicto e o colocou no caminho para ser o primeiro presidente a assumir o cargo. condenado por crimes.<\/p>\n<div class=\"m-block t-amp__list-container m-article-list-container m-article-list-container--frame-border a-border-frame  a-list-header__headline--red m-article-list--alternative--default  m-article-list--floated\">\n<ul class=\"t-amp__list a-list--no-style m-article-list m-article-list--recirculation m-article-list--has-images\">\n<li class=\"m-article-list__item m-article-list__item--featured\">\n\t\t\t<a class=\"m-article-list__link-wrapper\" href=\"https:\/\/www.boston.com\/news\/politics\/2025\/01\/06\/congress-certifies-trump-election-win\/?p1=article_recirc_inline_feature\" data-p1=\"article_recirc_inline_feature\"><br \/>\n\t\t\t\t<img fetchpriority=\"high\" decoding=\"async\" width=\"768\" height=\"432\" src=\"https:\/\/bdc2020.o0bc.com\/wp-content\/uploads\/2025\/01\/Congress_Electoral_College_04834-677c48c79fb16-768x432.jpg\" class=\"t-amp__list-image m-article-list__image m-article-list__image--full\" alt=\"Os republicanos da C\u00e2mara aplaudem a elei\u00e7\u00e3o de Donald Trump, incluindo o vice-presidente eleito JD Vance, no canto inferior direito, em uma sess\u00e3o conjunta do Congresso para confirmar os votos do Col\u00e9gio Eleitoral, afirmando a vit\u00f3ria do presidente eleito Donald Trump nas elei\u00e7\u00f5es presidenciais, segunda-feira, 6 de janeiro. , 2025, no Capit\u00f3lio dos EUA, em Washington.\" aria-hidden=\"true\" srcset=\"https:\/\/bdc2020.o0bc.com\/wp-content\/uploads\/2025\/01\/Congress_Electoral_College_04834-677c48c79fb16-768x432.jpg?width=200 200w, https:\/\/bdc2020.o0bc.com\/wp-content\/uploads\/2025\/01\/Congress_Electoral_College_04834-677c48c79fb16-768x432.jpg?width=300 300w, https:\/\/bdc2020.o0bc.com\/wp-content\/uploads\/2025\/01\/Congress_Electoral_College_04834-677c48c79fb16-768x432.jpg?width=400 400w, https:\/\/bdc2020.o0bc.com\/wp-content\/uploads\/2025\/01\/Congress_Electoral_College_04834-677c48c79fb16-768x432.jpg?width=500 500w, https:\/\/bdc2020.o0bc.com\/wp-content\/uploads\/2025\/01\/Congress_Electoral_College_04834-677c48c79fb16-768x432.jpg?width=600 600w, https:\/\/bdc2020.o0bc.com\/wp-content\/uploads\/2025\/01\/Congress_Electoral_College_04834-677c48c79fb16-768x432.jpg?width=700 700w, https:\/\/bdc2020.o0bc.com\/wp-content\/uploads\/2025\/01\/Congress_Electoral_College_04834-677c48c79fb16-768x432.jpg?width=800 800w, https:\/\/bdc2020.o0bc.com\/wp-content\/uploads\/2025\/01\/Congress_Electoral_College_04834-677c48c79fb16-768x432.jpg?width=900 900w\" sizes=\"(max-width: 768px) 100vw, 768px\"\/>\t\t\t\t\t<\/p>\n<p><h4 class=\"m-article-list__headline t-amp__list-headline\">\n\t\t\t\t\t\t\t<span class=\"m-article-list__link a-link a-link--inline a-link--text-link a-link--text-link-dark\"><\/p>\n<p>\t\t\t\t\t\t\tCongresso certifica a vit\u00f3ria de Trump em 2024, sem a viol\u00eancia da multid\u00e3o de 6 de janeiro de quatro anos atr\u00e1s\t\t\t\t\t\t\t<\/span><br \/>\n\t\t\t\t\t\t<\/h4>\n<\/p>\n<p>\t\t\t\t<\/a>\n\t\t\t<\/li>\n<\/ul>\n<\/div>\n<p>O juiz de Manhattan, Juan M. Merchan, ordenou que a senten\u00e7a de sexta-feira prosseguisse conforme programado, rejeitando os argumentos dos advogados de Trump, que disseram que ela deveria ser suspensa enquanto pedem a um tribunal estadual de apela\u00e7\u00f5es que reverta sua decis\u00e3o de manter a condena\u00e7\u00e3o.<\/p>\n<p>Trump ainda pode pedir ao tribunal de apela\u00e7\u00f5es que intervenha e ordene uma suspens\u00e3o ou pausa. Caso contr\u00e1rio, ele ser\u00e1 sentenciado pouco mais de uma semana antes de ser empossado para um segundo mandato.<\/p>\n<p>Os advogados de Trump disseram a Merchan que, se a senten\u00e7a for cumprida, ele aparecer\u00e1 por v\u00eddeo, e n\u00e3o pessoalmente. O juiz deu-lhe a op\u00e7\u00e3o \u00e0 luz das exig\u00eancias do processo de transi\u00e7\u00e3o presidencial.<\/p>\n<p>Merchan negou na \u00faltima sexta-feira a tentativa de Trump de anular o veredicto por causa de seu retorno iminente \u00e0 Casa Branca, mas sinalizou que n\u00e3o \u00e9 prov\u00e1vel que condene o republicano a qualquer puni\u00e7\u00e3o por sua condena\u00e7\u00e3o em 34 acusa\u00e7\u00f5es criminais de falsifica\u00e7\u00e3o de registros comerciais.<\/p>\n<p>Trump escreveu em sua plataforma Truth Social depois que Merchan decidiu que \u201cseria o fim da Presid\u00eancia como a conhecemos\u201d se ela fosse autorizada a permanecer.<\/p>\n<p>Os advogados de Trump, que tamb\u00e9m est\u00e3o contestando a recusa anterior de Merchan em encerrar o caso por motivos de imunidade presidencial, entraram com documentos de apela\u00e7\u00e3o na tarde de segunda-feira na divis\u00e3o de apela\u00e7\u00e3o do tribunal de primeira inst\u00e2ncia do estado. Nenhuma discuss\u00e3o foi agendada.<\/p>\n<p>Eles n\u00e3o pediram ao tribunal que suspendesse a senten\u00e7a de Trump. Separadamente, argumentaram a Merchan que o recurso deveria desencadear uma suspens\u00e3o autom\u00e1tica do processo e, se isso n\u00e3o acontecesse, que ele pr\u00f3prio deveria intervir \u2013 uma ideia que rejeitou.<\/p>\n<p>O gabinete do promotor distrital de Manhattan instou Merchan a proceder conforme programado, \u201cdado o forte interesse p\u00fablico em um processo r\u00e1pido e na finalidade do processo criminal\u201d.<\/p>\n<p>Os promotores culparam Trump por levar sua senten\u00e7a \u00e0 beira do segundo mandato, ao tentar repetidamente adiar sua senten\u00e7a, originalmente marcada para julho.<\/p>\n<p>\u201cEle n\u00e3o deveria agora ser ouvido reclamando dos danos causados \u200b\u200bpelos atrasos que causou\u201d, escreveram eles em um processo judicial na tarde de segunda-feira.<\/p>\n<p>\u201cHoje, a equipe jur\u00eddica do presidente Trump agiu para impedir a senten\u00e7a ilegal na ca\u00e7a \u00e0s bruxas do promotor p\u00fablico de Manhattan\u201d, disse o porta-voz de Trump, Steven Cheung. \u201cA decis\u00e3o hist\u00f3rica da Suprema Corte sobre imunidade, a constitui\u00e7\u00e3o estadual de Nova York e outros precedentes legais estabelecidos determinam que esta farsa sem m\u00e9rito seja imediatamente descartada.\u201d<\/p>\n<p>Qualquer atraso na senten\u00e7a pode atrasar o encerramento do caso antes do in\u00edcio do segundo mandato de Trump, em 20 de janeiro.<\/p>\n<p>O Gabinete de Consultoria Jur\u00eddica do Departamento de Justi\u00e7a, que fornece aconselhamento e orienta\u00e7\u00e3o jur\u00eddica \u00e0s ag\u00eancias federais, sustentou que um presidente em exerc\u00edcio est\u00e1 imune a processos criminais. Se a senten\u00e7a n\u00e3o acontecer antes de Trump tomar posse, esperar at\u00e9 que ele deixe o cargo em 2029 \u201cpode se tornar a \u00fanica op\u00e7\u00e3o vi\u00e1vel\u201d, disse Merchan em sua decis\u00e3o.<\/p>\n<p>Se a senten\u00e7a prosseguir na sexta-feira conforme programado, argumentaram os advogados de Trump, ele recorrer\u00e1 do veredicto enquanto estiver no cargo e ser\u00e1 \u201cfor\u00e7ado a lidar com processos criminais nos pr\u00f3ximos anos\u201d. Eles levantaram um cen\u00e1rio improv\u00e1vel em que, se Trump ganhar o seu recurso, ele poder\u00e1 ser sujeito a outro julgamento criminal enquanto estiver no cargo.<\/p>\n<p>Ao manter o veredicto e rejeitar as propostas de demiss\u00e3o de Trump, Merchan escreveu que os interesses da justi\u00e7a s\u00f3 seriam servidos se \u201ctrazesse finalidade a este assunto\u201d atrav\u00e9s da senten\u00e7a. Ele disse que condenar Trump ao que \u00e9 conhecido como dispensa incondicional \u2013 encerrar o caso sem pena de pris\u00e3o, multa ou liberdade condicional \u2013 \u201cparece ser a solu\u00e7\u00e3o mais vi\u00e1vel\u201d.<\/p>\n<p>Os advogados de Trump permaneceram impass\u00edveis, argumentando que o \u201ccaso sem m\u00e9rito\u201d foi fomentado por \u201cnumerosos erros jur\u00eddicos\u201d, incluindo decis\u00f5es de Merchan que, segundo eles, foram contra a decis\u00e3o do Supremo Tribunal dos EUA em Julho passado, que concedeu aos presidentes ampla imunidade contra processos.<\/p>\n<p>\u201cA previs\u00e3o n\u00e3o vinculativa do Tribunal sobre o seu pensamento actual relativamente a uma senten\u00e7a hipot\u00e9tica n\u00e3o mitiga estas viola\u00e7\u00f5es constitucionais federais fundamentais\u201d, escreveram os advogados de defesa Todd Blanche e Emil Bove.<\/p>\n<p>Trump selecionou ambos para cargos de alto escal\u00e3o no Departamento de Justi\u00e7a.<\/p>\n<p>Sempre que for condenado, Trump ter\u00e1 oportunidade de falar, assim como os seus advogados e procuradores. Ele s\u00f3 poder\u00e1 recorrer da senten\u00e7a depois de ser condenado.<\/p>\n<p>As acusa\u00e7\u00f5es envolviam um suposto esquema para ocultar um pagamento secreto \u00e0 atriz porn\u00f4 Stormy Daniels nas \u00faltimas semanas da campanha de Trump em 2016, para impedi-la de divulgar alega\u00e7\u00f5es de que ela havia feito sexo com ele anos antes. Ele diz que a hist\u00f3ria dela \u00e9 falsa e que ele n\u00e3o fez nada de errado.<\/p>\n<p>O caso centrava-se na forma como Trump contabilizava o reembolso ao seu ent\u00e3o advogado pessoal, Michael Cohen, que tinha feito o pagamento a Daniels. A condena\u00e7\u00e3o acarretava a possibilidade de puni\u00e7\u00e3o que variava de multa ou liberdade condicional a at\u00e9 quatro anos de pris\u00e3o.<\/p>\n<p>Cohen, uma testemunha-chave da acusa\u00e7\u00e3o que j\u00e1 tinha pedido a pris\u00e3o de Trump, disse que \u201ccom base em todas as circunst\u00e2ncias intervenientes\u201d a decis\u00e3o de Merchan de condenar Trump sem puni\u00e7\u00e3o \u201c\u00e9 ao mesmo tempo criteriosa e apropriada\u201d.<\/p>\n<p>A senten\u00e7a de Trump foi inicialmente marcada para 11 de julho passado, mas foi adiada duas vezes a pedido da defesa. Ap\u00f3s a elei\u00e7\u00e3o de Trump em 5 de novembro, Merchan adiou novamente a senten\u00e7a para que a defesa e a acusa\u00e7\u00e3o pudessem avaliar o futuro do caso.<\/p>\n<\/p><\/div>\n<p><script>\n\t\tvar consent=\"grant\";\n\t\t\/* The above code is parsing the JSON data from the local storage and storing it in a variable. *\/\n\t\t\t\t\tconst onetrustStorageConsent = JSON.parse(localStorage.getItem( 'consent_one_trust_bdc' ) );\n\t\t\tif ( ( onetrustStorageConsent !== null ) ) {\n\t\t\t\t\/* Checking to see if the user has consented to the use of cookies.\n\t\t\t\t* If they have not, it is deleting the cookie.\n\t\t\t\t* This will comment for now, until further notice.\n\t\t\t\t*\/\n\t\t\t\t\/\/if ( onetrustStorageConsent.C0002 === false ) {\n\t\t\t\t\/\/\tdocument.cookie=\"_fbp=;expires=Thu, 01 Jan 2010 00:00:00 UTC; path=\/; domain=.boston.com\";\n\t\t\t\t\/\/}\n\t\t\t\t\/* Checking if the user has given consent for the cookie C0002.\n\t\t\t\t* If the user has given consent, the variable consent will be set to 'grant'.\n\t\t\t\t* If the user has not given consent,the variable consent will be set to 'revoke'.\n\t\t\t\t* Documentation https:\/\/developers.facebook.com\/docs\/meta-pixel\/implementation\/gdpr\n\t\t\t\t*\/\n\t\t\t\tif ( onetrustStorageConsent.C0002 !== true ) {\n\t\t\t\t\tconsent=\"revoke\";\n\t\t\t\t}\n\t\t\t}\n\t\t\t\t!function(f,b,e,v,n,t,s)\n\t\t{if(f.fbq)return;n=f.fbq=function(){n.callMethod?\n\t\tn.callMethod.apply(n,arguments):n.queue.push(arguments)};\n\t\tif(!f._fbq)f._fbq=n;n.push=n;n.loaded=!0;n.version='2.0';\n\t\tn.queue=[];t=b.createElement(e);t.async=!0;\n\t\tt.src=v;s=b.getElementsByTagName(e)[0];\n\t\ts.parentNode.insertBefore(t,s)}(window, document,'script',\n\t\t'https:\/\/connect.facebook.net\/en_US\/fbevents.js');\n\t\tfbq('consent', consent);\n\t\tfbq('init', '989222871864976');\n\t\tfbq('track', 'PageView');\n\t<\/script><script type=\"module\">\n\t\tvar consent=\"grant\";\n\t\t\/* The above code is parsing the JSON data from the local storage and storing it in a variable. *\/\n\t\t\tconst onetrustStorageConsent = JSON.parse(localStorage.getItem( 'consent_one_trust_bdc' ) );\n\t\t\t\/* Checking to see if the user has consented to the use of cookies.\n\t\t\t* If they have not, it is deleting the cookie.\n\t\t\t* This will comment for now, until further notice.\n\t\t\t*\/\n\t\t\t\/\/if ( onetrustStorageConsent.C0002 === false ) {\n\t\t\t\/\/\tdocument.cookie=\"_fbp=;expires=Thu, 01 Jan 2010 00:00:00 UTC; path=\/; domain=.boston.com\";\n\t\t\t\/\/}\n\t\t\t\/* Checking if the user has given consent for the cookie C0002.\n\t\t\t* If the user has given consent, the variable consent will be set to 'grant'.\n\t\t\t* If the user has not given consent,the variable consent will be set to 'revoke'.\n\t\t\t* Documentation https:\/\/developers.facebook.com\/docs\/meta-pixel\/implementation\/gdpr\n\t\t\t*\/\n\t\t\tif ( ( onetrustStorageConsent !== null ) && (onetrustStorageConsent.C0002 !== true ) ) {\n\t\t\t\tconsent=\"revoke\";\n\t\t\t}\n\t\t\t\t!function(f,b,e,v,n,t,s){if(f.fbq)return;n=f.fbq=function()\n\t\t{n.callMethod? n.callMethod.apply(n,arguments):n.queue.push(arguments)}\n\t\t;if(!f._fbq)f._fbq=n;\n\t\tn.push=n;n.loaded=!0;n.version='2.0';n.queue=[];t=b.createElement(e);t.async=!0;\n\t\tt.src=v;s=b.getElementsByTagName(e)[0];s.parentNode.insertBefore(t,s)}(window,\n\t\tdocument,'script','https:\/\/connect.facebook.net\/en_US\/fbevents.js');\n\t\tfbq('consent', consent);\n\t\tfbq('init', '813236348753005');\n\t\tfbq('track', \"PageView\");\n\t<\/script><br \/>\n<br \/><br \/>\n<br \/><a href=\"https:\/\/www.boston.com\/news\/politics\/2025\/01\/06\/judge-denies-trumps-bid-to-halt-fridays-hush-money-case-sentencing-while-they-appeal-to-block-it\/\">Source link <\/a><\/p>","protected":false},"excerpt":{"rendered":"<p>Pol\u00edtica Trump ainda pode pedir ao tribunal de apela\u00e7\u00f5es que intervenha e ordene uma suspens\u00e3o ou pausa. Caso contr\u00e1rio, ele ser\u00e1 sentenciado pouco mais de uma semana antes de ser&hellip;<\/p>","protected":false},"author":1,"featured_media":88435,"comment_status":"closed","ping_status":"open","sticky":false,"template":"","format":"standard","meta":{"content-type":"","footnotes":""},"categories":[1],"tags":[],"class_list":["post-88434","post","type-post","status-publish","format-standard","has-post-thumbnail","hentry","category-uncategorized"],"_links":{"self":[{"href":"https:\/\/tvbrazilusa.com\/pt\/wp-json\/wp\/v2\/posts\/88434","targetHints":{"allow":["GET"]}}],"collection":[{"href":"https:\/\/tvbrazilusa.com\/pt\/wp-json\/wp\/v2\/posts"}],"about":[{"href":"https:\/\/tvbrazilusa.com\/pt\/wp-json\/wp\/v2\/types\/post"}],"author":[{"embeddable":true,"href":"https:\/\/tvbrazilusa.com\/pt\/wp-json\/wp\/v2\/users\/1"}],"replies":[{"embeddable":true,"href":"https:\/\/tvbrazilusa.com\/pt\/wp-json\/wp\/v2\/comments?post=88434"}],"version-history":[{"count":1,"href":"https:\/\/tvbrazilusa.com\/pt\/wp-json\/wp\/v2\/posts\/88434\/revisions"}],"predecessor-version":[{"id":88436,"href":"https:\/\/tvbrazilusa.com\/pt\/wp-json\/wp\/v2\/posts\/88434\/revisions\/88436"}],"wp:featuredmedia":[{"embeddable":true,"href":"https:\/\/tvbrazilusa.com\/pt\/wp-json\/wp\/v2\/media\/88435"}],"wp:attachment":[{"href":"https:\/\/tvbrazilusa.com\/pt\/wp-json\/wp\/v2\/media?parent=88434"}],"wp:term":[{"taxonomy":"category","embeddable":true,"href":"https:\/\/tvbrazilusa.com\/pt\/wp-json\/wp\/v2\/categories?post=88434"},{"taxonomy":"post_tag","embeddable":true,"href":"https:\/\/tvbrazilusa.com\/pt\/wp-json\/wp\/v2\/tags?post=88434"}],"curies":[{"name":"wp","href":"https:\/\/api.w.org\/{rel}","templated":true}]}}