{"id":88440,"date":"2025-01-06T23:12:09","date_gmt":"2025-01-06T23:12:09","guid":{"rendered":"https:\/\/tvbrazilusa.com\/2025\/01\/06\/tsunami-mortal-foi-sentido-no-litoral-de-sao-paulo-veja-detalhes\/"},"modified":"2025-01-06T23:12:11","modified_gmt":"2025-01-06T23:12:11","slug":"tsunami-mortal-foi-sentido-no-litoral-de-sao-paulo-veja-detalhes","status":"publish","type":"post","link":"https:\/\/tvbrazilusa.com\/pt\/2025\/01\/06\/tsunami-mortal-foi-sentido-no-litoral-de-sao-paulo-veja-detalhes\/","title":{"rendered":"Tsunami mortal foi sentido no litoral de S\u00e3o Paulo; veja detalhes"},"content":{"rendered":"<p> <script async src=\"https:\/\/pagead2.googlesyndication.com\/pagead\/js\/adsbygoogle.js?client=ca-pub-8864793242727901\"\r\n     crossorigin=\"anonymous\"><\/script><br \/>\n<\/p>\n<div id=\"taboola-read-more\" style=\"display:block; width:100%\">\n<p>A primeira vila do Brasil, S\u00e3o Vicente, j\u00e1 enfrentou um \u2018tsunami\u2019. Uma onda gigante teria destru\u00eddo a Igreja Matriz, o Pelourinho e o primeiro trapiche alfandeg\u00e1rio, em 1541. Por\u00e9m, h\u00e1 20 anos o planeta terra tremia, um dos maiores tsunamis da hist\u00f3ria acontecia no Oceano \u00edndico, pr\u00f3ximo \u00e0 Indon\u00e9sia. Esse fen\u00f4meno foi t\u00e3o forte que pode ser sentido em Canan\u00e9ia, no litoral de S\u00e3o Paulo, com oscila\u00e7\u00f5es atingindo 20cm de altura.\n<\/p>\n<p>Al\u00e9m disso, outra cidade do litoral de S\u00e3o Paulo tamb\u00e9m sentiu os tremores. Uma media\u00e7\u00e3o de esta\u00e7\u00e3o exposta no Oceano Aberto aconteceu em Ubatuba, com at\u00e9 1,2 metro de altura, de acordo com o instuto meterol\u00f3gico MetSul.<\/p>\n<p>Relembre a trag\u00e9dia<br \/>Em 26 de dezembro de 2004, um tremor no fundo do mar gerou ondas gigantescas no Oceano \u00cdndico e, em aproximadamente 15 minutos, ondas de at\u00e9 30 metros come\u00e7aram a atingir a costa de v\u00e1rios pa\u00edses. O jornal A Tribuna, na \u00e9poca, relatou que o tremor inicial provocou o movimento das \u00e1guas do mar adentro, erguendo ondas gigantescas que se deslocavam a velocidades superiores a 700 quil\u00f4metros por hora em todas as dire\u00e7\u00f5es.\n<\/p>\n<p>Pelo menos 227 mil pessoas perderam a vida e paisagens inteiras foram devastadas, tornando-se a trag\u00e9dia natural mais impressionante do s\u00e9culo 21. O fen\u00f4meno liberou tremenda energia, que foram equivalentes a cerca de 1500 bombas at\u00f4micas, como aquelas que foram jogadas pelos Estados Unidos sobre Hiroshima, no Jap\u00e3o, em 1945. A trag\u00e9dia natural foi classificada pela Organiza\u00e7\u00e3o das Na\u00e7\u00f5es Unidas (ONU) como a pior da hist\u00f3ria j\u00e1 registrada e no ano de 2024, completou 20 anos.\n<\/p>\n<p>Fonte: A Tribuna              <\/p>\n<\/div>\n<p><br \/>\n<br \/><a href=\"https:\/\/diariodobrasilnoticias.com.br\/noticia\/tsunami-mortal-foi-sentido-no-litoral-de-sao-paulo-veja-detalhes-677c3fd56ad9b\">Source link <\/a><\/p>","protected":false},"excerpt":{"rendered":"<p>A primeira vila do Brasil, S\u00e3o Vicente, j\u00e1 enfrentou um \u2018tsunami\u2019. Uma onda gigante teria destru\u00eddo a Igreja Matriz, o Pelourinho e o primeiro trapiche alfandeg\u00e1rio, em 1541. Por\u00e9m, h\u00e1&hellip;<\/p>","protected":false},"author":1,"featured_media":88441,"comment_status":"closed","ping_status":"open","sticky":false,"template":"","format":"standard","meta":{"content-type":"","footnotes":""},"categories":[16],"tags":[123,2448,5313,1267],"class_list":["post-88440","post","type-post","status-publish","format-standard","has-post-thumbnail","hentry","category-noticias","tag-brasil","tag-diario","tag-noticia","tag-noticias"],"_links":{"self":[{"href":"https:\/\/tvbrazilusa.com\/pt\/wp-json\/wp\/v2\/posts\/88440","targetHints":{"allow":["GET"]}}],"collection":[{"href":"https:\/\/tvbrazilusa.com\/pt\/wp-json\/wp\/v2\/posts"}],"about":[{"href":"https:\/\/tvbrazilusa.com\/pt\/wp-json\/wp\/v2\/types\/post"}],"author":[{"embeddable":true,"href":"https:\/\/tvbrazilusa.com\/pt\/wp-json\/wp\/v2\/users\/1"}],"replies":[{"embeddable":true,"href":"https:\/\/tvbrazilusa.com\/pt\/wp-json\/wp\/v2\/comments?post=88440"}],"version-history":[{"count":1,"href":"https:\/\/tvbrazilusa.com\/pt\/wp-json\/wp\/v2\/posts\/88440\/revisions"}],"predecessor-version":[{"id":88442,"href":"https:\/\/tvbrazilusa.com\/pt\/wp-json\/wp\/v2\/posts\/88440\/revisions\/88442"}],"wp:featuredmedia":[{"embeddable":true,"href":"https:\/\/tvbrazilusa.com\/pt\/wp-json\/wp\/v2\/media\/88441"}],"wp:attachment":[{"href":"https:\/\/tvbrazilusa.com\/pt\/wp-json\/wp\/v2\/media?parent=88440"}],"wp:term":[{"taxonomy":"category","embeddable":true,"href":"https:\/\/tvbrazilusa.com\/pt\/wp-json\/wp\/v2\/categories?post=88440"},{"taxonomy":"post_tag","embeddable":true,"href":"https:\/\/tvbrazilusa.com\/pt\/wp-json\/wp\/v2\/tags?post=88440"}],"curies":[{"name":"wp","href":"https:\/\/api.w.org\/{rel}","templated":true}]}}