{"id":88443,"date":"2025-01-06T22:55:10","date_gmt":"2025-01-06T22:55:10","guid":{"rendered":"https:\/\/tvbrazilusa.com\/2025\/01\/06\/caso-karen-read-soldado-em-desgraca-enfrenta-audiencia-por-ma-conduta-na-proxima-semana\/"},"modified":"2025-01-06T23:17:27","modified_gmt":"2025-01-06T23:17:27","slug":"caso-karen-read-soldado-em-desgraca-enfrenta-audiencia-por-ma-conduta-na-proxima-semana","status":"publish","type":"post","link":"https:\/\/tvbrazilusa.com\/pt\/2025\/01\/06\/caso-karen-read-soldado-em-desgraca-enfrenta-audiencia-por-ma-conduta-na-proxima-semana\/","title":{"rendered":"Caso Karen Read: Soldado em desgra\u00e7a enfrenta audi\u00eancia por m\u00e1 conduta na pr\u00f3xima semana"},"content":{"rendered":"<p> <script async src=\"https:\/\/pagead2.googlesyndication.com\/pagead\/js\/adsbygoogle.js?client=ca-pub-8864793242727901\"\r\n     crossorigin=\"anonymous\"><\/script><br \/>\n<\/p>\n<div id=\"\">\n<header class=\"m-article-header m-article-header--standard\">\n\t\t\t\t\t\t\t\t\t\t\t\t<span id=\"article-header-primary-term\"><br \/>\n\t\t\t\t\t\t\t\t<a class=\"a-term a-term--primary\" href=\"https:\/\/www.boston.com\/tag\/local-news\/\"><\/p>\n<p>\t\t\t\t\t\t\t\tNot\u00edcias locais\t\t\t\t\t\t\t\t<\/a><br \/>\n\t\t\t\t\t\t\t<\/span><\/p>\n<h2 class=\"m-article-header__sub-headline\">O policial do estado de Massachusetts, Michael Proctor, pode enfrentar \u201cdisciplina permanente\u201d ap\u00f3s uma audi\u00eancia na pr\u00f3xima semana, de acordo com um novo processo judicial.<\/h2>\n<figure class=\"a-photo m-article-header__photo\"><figcaption class=\"a-photo__caption\">\n<p>\tO policial do estado de Massachusetts, Michael Proctor, escuta no banco das testemunhas durante o primeiro julgamento de assassinato de Karen Read em junho de 2024.<em> Greg Derr\/The Patriot Ledger via AP, Pool<\/em>\t<\/figcaption><\/figure>\n<div class=\"m-article-header__meta\">\n<div class=\"m-article-header__byline\">\n<p class=\"m-article-header__author\">\n<p>\t\t\t\t\t\t\t\tPor <a class=\"a-link a-link--inline\" href=\"https:\/\/www.boston.com\/author\/abby-patkin\/\">Abby Patkin<\/a>\t\t\t\t\t\t\t<\/p>\n<p>\t\t\t\t\t\t\t\t\t\t\t\t\t\t\t<time class=\"m-article-header__date\"><\/p>\n<p>\t\t\t\t\t\t\t\t\t6 de janeiro de 2025 | 17h55\t\t\t\t\t\t\t\t<\/time><\/p>\n<p><span>2 minutos para ler<\/span><\/p>\n<\/p><\/div>\n<\/p><\/div>\n<\/header>\n<p>Suspenso por meses depois que seus textos vulgares surgiram durante <a href=\"https:\/\/www.boston.com\/tag\/karen-read\/\" target=\"_blank\" rel=\"noreferrer noopener\">Karen leu<\/a>No primeiro julgamento de Massachusetts, o policial do estado de Massachusetts, Michael Proctor, pode enfrentar \u201cdisciplina permanente\u201d ap\u00f3s uma audi\u00eancia na pr\u00f3xima semana, de acordo com um novo processo judicial.<\/p>\n<p>O policial desgra\u00e7ado comparecer\u00e1 perante um conselho de julgamento da Pol\u00edcia Estadual em 15 de janeiro para responder \u201calega\u00e7\u00f5es de m\u00e1 conduta no desempenho de suas fun\u00e7\u00f5es como membro uniformizado da Pol\u00edcia Estadual de Massachusetts\u201d, disseram os promotores do caso Read em um documento de sexta-feira. A audi\u00eancia n\u00e3o ser\u00e1 aberta ao p\u00fablico, segundo a Pol\u00edcia Estadual.<\/p>\n<p>O coronel da Pol\u00edcia Estadual Geoffrey Noble pode \u201cimpor imediatamente uma disciplina permanente\u201d se a audi\u00eancia determinar que h\u00e1 motivos razo\u00e1veis \u200b\u200bpara faz\u00ea-lo, de acordo com o documento do tribunal. <\/p>\n<p>Proctor foi <a href=\"https:\/\/www.boston.com\/news\/crime\/2024\/07\/08\/trooper-proctor-suspended-without-pay-following-state-police-hearing\/\" target=\"_blank\" rel=\"noreferrer noopener\">suspenso sem remunera\u00e7\u00e3o<\/a> desde julho, dias ap\u00f3s o primeiro julgamento de Read terminar com um j\u00fari empatado. Ela \u00e9 acusada pela morte de seu namorado, o policial de Boston John O&#8217;Keefe, que foi encontrado inconsciente na neve do lado de fora da casa de outro oficial de Boston em Canton em 2022. Enquanto os promotores alegam que Read, b\u00eabado e deliberadamente, deu r\u00e9 com seu SUV em O&#8217;Keefe enquanto ca\u00eda ele em uma festa em casa, seus advogados afirmam que ela foi enquadrada em um encobrimento. <\/p>\n<p>O principal investigador do caso, Proctor, tomou posi\u00e7\u00e3o durante o julgamento de Read e foi for\u00e7ado a ler em voz alta seu <a href=\"https:\/\/www.boston.com\/news\/crime\/2024\/06\/10\/karen-read-murder-trial-livestream-video-monday-june-10\/\" target=\"_blank\" rel=\"noreferrer noopener\">mensagens de texto grosseiras<\/a> sobre o r\u00e9u. Em mensagens para familiares, amigos e colegas de trabalho, Proctor chamou Read de \u201cmaluco\u201d, fez pouco caso de sua doen\u00e7a de Crohn, brincou sobre procurar nus em seu telefone e disse que <a href=\"https:\/\/www.boston.com\/news\/crime\/2024\/06\/12\/karen-read-trial-trooper-michael-proctor-admits-he-dehumanized-read\/\" target=\"_blank\" rel=\"noreferrer noopener\">esperava que Read se matasse<\/a>. <\/p>\n<p>A Pol\u00edcia Estadual lan\u00e7ou uma <a href=\"https:\/\/www.boston.com\/news\/local-news\/2024\/03\/14\/state-police-investigating-detective-in-karen-read-murder-case\/\" target=\"_blank\" rel=\"noreferrer noopener\">investiga\u00e7\u00e3o de assuntos internos<\/a> em Proctor no ano passado, e a ag\u00eancia confirmou na segunda-feira que a investiga\u00e7\u00e3o foi conclu\u00edda. De acordo com uma ordem judicial de mar\u00e7o, os promotores disseram aos advogados de Read que esperam que a Pol\u00edcia Estadual entregue relat\u00f3rios e registros da disciplina de Proctor ap\u00f3s a investiga\u00e7\u00e3o da corregedoria.  <\/p>\n<p>Proctor tamb\u00e9m esteve envolvido na investiga\u00e7\u00e3o de Brian Walshe, o homem de Cohasset acusado de matar e desmembrar sua esposa, Ana, em 2023. No entanto, os promotores disseram que <a href=\"https:\/\/www.boston.com\/news\/crime\/2024\/09\/11\/prosecutors-say-they-dont-plan-to-call-trooper-proctor-to-testify-in-brian-walshe-murder-trial\/\" target=\"_blank\" rel=\"noreferrer noopener\">n\u00e3o pretendo ligar para Proctor<\/a> testemunhar quando Walshe <a href=\"https:\/\/www.boston.com\/news\/crime\/2024\/12\/02\/brian-walshe-tentatively-heading-to-trial-in-october-2025\/\" target=\"_blank\" rel=\"noreferrer noopener\">vai a julgamento<\/a> em outubro. <\/p>\n<p>Ainda n\u00e3o est\u00e1 claro se Proctor testemunhar\u00e1 quando Read for julgado novamente ainda este ano.<\/p>\n<div class=\"o-author-single has-avatar\">\n<header class=\"m-author-card\">\n<div class=\"a-image a-image--square m-author-card__image\">\n\t\t<img decoding=\"async\" class=\"\" src=\"https:\/\/www.boston.com\/wp-content\/uploads\/2024\/10\/cropped-Patkin-Headshot-66fea67b66dd2-scaled-1-66fea6a1c6f25.jpg\" alt=\"Imagem do perfil de Abby Patkin\"\/>\t<\/div>\n<\/header>\n<section class=\"author-info\">\n<div class=\"m-author__section\">\n<p>Abby Patkin \u00e9 uma rep\u00f3rter de not\u00edcias gerais cujo trabalho aborda transporte p\u00fablico, crime, sa\u00fade e tudo mais.<\/p>\n<\/div>\n<\/section>\n<\/div>\n<div class=\"m-block m-generic-cta\t m-generic-cta--post-content\t m-generic-cta--dark\t m-generic-cta--homepage\t m-generic-cta--email-signup\t\t m-generic-cta-block-style--default \tt-amp__generic-cta\"><\/p>\n<div class=\"m-generic-cta__wrap\">\n<div class=\"m-generic-cta__content\">\n<h3 class=\"m-generic-cta__title\">Boston.com hoje<\/h3>\n<p class=\"m-generic-cta__subtitle\">Inscreva-se para receber as \u00faltimas manchetes em sua caixa de entrada todas as manh\u00e3s.<\/p>\n<\/p><\/div>\n<\/p><\/div>\n<\/div><\/div>\n<p><script>\n\t\tvar consent=\"grant\";\n\t\t\/* The above code is parsing the JSON data from the local storage and storing it in a variable. *\/\n\t\t\t\t\tconst onetrustStorageConsent = JSON.parse(localStorage.getItem( 'consent_one_trust_bdc' ) );\n\t\t\tif ( ( onetrustStorageConsent !== null ) ) {\n\t\t\t\t\/* Checking to see if the user has consented to the use of cookies.\n\t\t\t\t* If they have not, it is deleting the cookie.\n\t\t\t\t* This will comment for now, until further notice.\n\t\t\t\t*\/\n\t\t\t\t\/\/if ( onetrustStorageConsent.C0002 === false ) {\n\t\t\t\t\/\/\tdocument.cookie=\"_fbp=;expires=Thu, 01 Jan 2010 00:00:00 UTC; path=\/; domain=.boston.com\";\n\t\t\t\t\/\/}\n\t\t\t\t\/* Checking if the user has given consent for the cookie C0002.\n\t\t\t\t* If the user has given consent, the variable consent will be set to 'grant'.\n\t\t\t\t* If the user has not given consent,the variable consent will be set to 'revoke'.\n\t\t\t\t* Documentation https:\/\/developers.facebook.com\/docs\/meta-pixel\/implementation\/gdpr\n\t\t\t\t*\/\n\t\t\t\tif ( onetrustStorageConsent.C0002 !== true ) {\n\t\t\t\t\tconsent=\"revoke\";\n\t\t\t\t}\n\t\t\t}\n\t\t\t\t!function(f,b,e,v,n,t,s)\n\t\t{if(f.fbq)return;n=f.fbq=function(){n.callMethod?\n\t\tn.callMethod.apply(n,arguments):n.queue.push(arguments)};\n\t\tif(!f._fbq)f._fbq=n;n.push=n;n.loaded=!0;n.version='2.0';\n\t\tn.queue=[];t=b.createElement(e);t.async=!0;\n\t\tt.src=v;s=b.getElementsByTagName(e)[0];\n\t\ts.parentNode.insertBefore(t,s)}(window, document,'script',\n\t\t'https:\/\/connect.facebook.net\/en_US\/fbevents.js');\n\t\tfbq('consent', consent);\n\t\tfbq('init', '989222871864976');\n\t\tfbq('track', 'PageView');\n\t<\/script><script type=\"module\">\n\t\tvar consent=\"grant\";\n\t\t\/* The above code is parsing the JSON data from the local storage and storing it in a variable. *\/\n\t\t\tconst onetrustStorageConsent = JSON.parse(localStorage.getItem( 'consent_one_trust_bdc' ) );\n\t\t\t\/* Checking to see if the user has consented to the use of cookies.\n\t\t\t* If they have not, it is deleting the cookie.\n\t\t\t* This will comment for now, until further notice.\n\t\t\t*\/\n\t\t\t\/\/if ( onetrustStorageConsent.C0002 === false ) {\n\t\t\t\/\/\tdocument.cookie=\"_fbp=;expires=Thu, 01 Jan 2010 00:00:00 UTC; path=\/; domain=.boston.com\";\n\t\t\t\/\/}\n\t\t\t\/* Checking if the user has given consent for the cookie C0002.\n\t\t\t* If the user has given consent, the variable consent will be set to 'grant'.\n\t\t\t* If the user has not given consent,the variable consent will be set to 'revoke'.\n\t\t\t* Documentation https:\/\/developers.facebook.com\/docs\/meta-pixel\/implementation\/gdpr\n\t\t\t*\/\n\t\t\tif ( ( onetrustStorageConsent !== null ) && (onetrustStorageConsent.C0002 !== true ) ) {\n\t\t\t\tconsent=\"revoke\";\n\t\t\t}\n\t\t\t\t!function(f,b,e,v,n,t,s){if(f.fbq)return;n=f.fbq=function()\n\t\t{n.callMethod? n.callMethod.apply(n,arguments):n.queue.push(arguments)}\n\t\t;if(!f._fbq)f._fbq=n;\n\t\tn.push=n;n.loaded=!0;n.version='2.0';n.queue=[];t=b.createElement(e);t.async=!0;\n\t\tt.src=v;s=b.getElementsByTagName(e)[0];s.parentNode.insertBefore(t,s)}(window,\n\t\tdocument,'script','https:\/\/connect.facebook.net\/en_US\/fbevents.js');\n\t\tfbq('consent', consent);\n\t\tfbq('init', '813236348753005');\n\t\tfbq('track', \"PageView\");\n\t<\/script><br \/>\n<br \/><br \/>\n<br \/><a href=\"https:\/\/www.boston.com\/news\/local-news\/2025\/01\/06\/karen-read-case-disgraced-trooper-faces-misconduct-hearing\/\">Source link <\/a><\/p>","protected":false},"excerpt":{"rendered":"<p>Not\u00edcias locais O policial do estado de Massachusetts, Michael Proctor, pode enfrentar \u201cdisciplina permanente\u201d ap\u00f3s uma audi\u00eancia na pr\u00f3xima semana, de acordo com um novo processo judicial. O policial do&hellip;<\/p>","protected":false},"author":1,"featured_media":88444,"comment_status":"closed","ping_status":"open","sticky":false,"template":"","format":"standard","meta":{"content-type":"","footnotes":""},"categories":[1],"tags":[],"class_list":["post-88443","post","type-post","status-publish","format-standard","has-post-thumbnail","hentry","category-uncategorized"],"_links":{"self":[{"href":"https:\/\/tvbrazilusa.com\/pt\/wp-json\/wp\/v2\/posts\/88443","targetHints":{"allow":["GET"]}}],"collection":[{"href":"https:\/\/tvbrazilusa.com\/pt\/wp-json\/wp\/v2\/posts"}],"about":[{"href":"https:\/\/tvbrazilusa.com\/pt\/wp-json\/wp\/v2\/types\/post"}],"author":[{"embeddable":true,"href":"https:\/\/tvbrazilusa.com\/pt\/wp-json\/wp\/v2\/users\/1"}],"replies":[{"embeddable":true,"href":"https:\/\/tvbrazilusa.com\/pt\/wp-json\/wp\/v2\/comments?post=88443"}],"version-history":[{"count":1,"href":"https:\/\/tvbrazilusa.com\/pt\/wp-json\/wp\/v2\/posts\/88443\/revisions"}],"predecessor-version":[{"id":88445,"href":"https:\/\/tvbrazilusa.com\/pt\/wp-json\/wp\/v2\/posts\/88443\/revisions\/88445"}],"wp:featuredmedia":[{"embeddable":true,"href":"https:\/\/tvbrazilusa.com\/pt\/wp-json\/wp\/v2\/media\/88444"}],"wp:attachment":[{"href":"https:\/\/tvbrazilusa.com\/pt\/wp-json\/wp\/v2\/media?parent=88443"}],"wp:term":[{"taxonomy":"category","embeddable":true,"href":"https:\/\/tvbrazilusa.com\/pt\/wp-json\/wp\/v2\/categories?post=88443"},{"taxonomy":"post_tag","embeddable":true,"href":"https:\/\/tvbrazilusa.com\/pt\/wp-json\/wp\/v2\/tags?post=88443"}],"curies":[{"name":"wp","href":"https:\/\/api.w.org\/{rel}","templated":true}]}}