{"id":88464,"date":"2025-01-07T00:04:34","date_gmt":"2025-01-07T00:04:34","guid":{"rendered":"https:\/\/tvbrazilusa.com\/2025\/01\/07\/juiza-brasileira-acatou-solicitacao-de-ex-integrante-do-hezbollah\/"},"modified":"2025-01-07T00:04:35","modified_gmt":"2025-01-07T00:04:35","slug":"juiza-brasileira-acatou-solicitacao-de-ex-integrante-do-hezbollah","status":"publish","type":"post","link":"https:\/\/tvbrazilusa.com\/pt\/2025\/01\/07\/juiza-brasileira-acatou-solicitacao-de-ex-integrante-do-hezbollah\/","title":{"rendered":"Ju\u00edza brasileira acatou solicita\u00e7\u00e3o de ex-integrante do Hezbollah"},"content":{"rendered":"<p> <script async src=\"https:\/\/pagead2.googlesyndication.com\/pagead\/js\/adsbygoogle.js?client=ca-pub-8864793242727901\"\r\n     crossorigin=\"anonymous\"><\/script><br \/>\n<\/p>\n<div id=\"taboola-read-more\" style=\"display:block; width:100%\">\n<p>A ordem da ju\u00edza federal Raquel Soares Chiarelli, do Distrito Federal, para que a Pol\u00edcia Federal (PF) investigue o soldado Yuval Vagdani, das For\u00e7as de Defesa de Israel (FDI), de f\u00e9rias no Brasil, partiu da acusa\u00e7\u00e3o da Funda\u00e7\u00e3o Hind Rajab (HRF), cujo l\u00edder \u00e9 ex-integrante do Hezbollah. A ju\u00edza estava de plant\u00e3o no dia 30 de dezembro \u00faltimo, quando determinou a investiga\u00e7\u00e3o.\n<\/p>\n<p>Al\u00e9m de Dyab Abou Jahja, que comanda a funda\u00e7\u00e3o, ter sido membro do Hezbollah, ele \u00e9 conhecido por suas declara\u00e7\u00f5es de apoio a grupos terroristas. Alertado pelo pr\u00f3prio pai sobre o risco de pris\u00e3o, Vagdani deixou o Brasil pela fronteira com a Argentina.<\/p>\n<p>A alega\u00e7\u00e3o da funda\u00e7\u00e3o \u00e9 de que o militar cometeu \u201ccrimes de guerra\u201d por ter, segundo a entidade, participado, em novembro de 2024, da demoli\u00e7\u00e3o de um bloco de pr\u00e9dios em Gaza. A HRF diz que o complexo era utilizado pelo Hamas e abrigava civis palestinos deslocados pela guerra.\n<\/p>\n<p>De acordo com informa\u00e7\u00f5es do portal Apolo, a demoli\u00e7\u00e3o foi uma explos\u00e3o controlada, em ambiente evacuado por batalh\u00e3o de engenharia, de um bloco de pr\u00e9dios utilizado pelo grupo terrorista.\n<\/p>\n<p>Jahjah, prossegue o portal, tem usado suas redes sociais para exaltar organiza\u00e7\u00f5es terroristas e seus membros. Defendeu publicamente ataques como o de 11 de setembro de 2001, o qual descreveu como uma \u201cdoce vingan\u00e7a\u201d.\n<\/p>\n<p>Depois do ataque de 7 de outubro a Israel, Jahjah fez publica\u00e7\u00f5es em que defende o Hamas e descreve seus membros como \u201ccombatentes da resist\u00eancia palestina\u201d.\n<\/p>\n<p>Tamb\u00e9m minimiza as viola\u00e7\u00f5es cometidas pelos grupos, al\u00e9m de se solidarizar com a morte de l\u00edderes do Hamas e do Hezbollah, incluindo o ex-chefe do Hezbollah, morto em setembro, Hassan Nasrallah, a quem chamou de \u201cl\u00edder hist\u00f3rico da resist\u00eancia\u201d.\n<\/p>\n<p>Outro l\u00edder exaltado por ele foi Yahya al-Sinwar, morto por tropas israelenses em 16 de outubro \u00faltimo.\n<\/p>\n<p>Elogios ao Hezbollah<br \/>A HRF, com sede na B\u00e9lgica, tem um hist\u00f3rico de a\u00e7\u00f5es legais sem sucesso em v\u00e1rias partes do mundo.\n<\/p>\n<p>Concentra suas atividades em denunciar o que considera crimes de guerra e viola\u00e7\u00f5es de direitos humanos, frequentemente registrando den\u00fancias no Tribunal Penal Internacional contra pessoas associadas a Israel, incluindo jornalistas.\n<\/p>\n<p>Al\u00e9m de Dyab, a HRF tamb\u00e9m \u00e9 liderada por Karim Hassoun, que, conforme registros da m\u00eddia internacional, j\u00e1 foi fotografado usando um bon\u00e9 do Hezbollah e participando de vel\u00f3rios de membros do grupo.\n<\/p>\n<p>Hassoun tamb\u00e9m tem feito publica\u00e7\u00f5es em suas redes sociais, criadas em outubro de 2023, nas quais defende o fim de Israel e presta homenagens aos l\u00edderes mortos do Hamas.\n<\/p>\n<p>Fonte: Revista Oeste\n              <\/p>\n<\/div>\n<p><br \/>\n<br \/><a href=\"https:\/\/diariodobrasilnoticias.com.br\/noticia\/juiza-brasileira-acatou-solicitacao-de-ex-integrante-do-hezbollah-677c509d7c93c\">Source link <\/a><\/p>","protected":false},"excerpt":{"rendered":"<p>A ordem da ju\u00edza federal Raquel Soares Chiarelli, do Distrito Federal, para que a Pol\u00edcia Federal (PF) investigue o soldado Yuval Vagdani, das For\u00e7as de Defesa de Israel (FDI), de&hellip;<\/p>","protected":false},"author":1,"featured_media":88465,"comment_status":"closed","ping_status":"open","sticky":false,"template":"","format":"standard","meta":{"content-type":"","footnotes":""},"categories":[16],"tags":[123,2448,5313,1267],"class_list":["post-88464","post","type-post","status-publish","format-standard","has-post-thumbnail","hentry","category-noticias","tag-brasil","tag-diario","tag-noticia","tag-noticias"],"_links":{"self":[{"href":"https:\/\/tvbrazilusa.com\/pt\/wp-json\/wp\/v2\/posts\/88464","targetHints":{"allow":["GET"]}}],"collection":[{"href":"https:\/\/tvbrazilusa.com\/pt\/wp-json\/wp\/v2\/posts"}],"about":[{"href":"https:\/\/tvbrazilusa.com\/pt\/wp-json\/wp\/v2\/types\/post"}],"author":[{"embeddable":true,"href":"https:\/\/tvbrazilusa.com\/pt\/wp-json\/wp\/v2\/users\/1"}],"replies":[{"embeddable":true,"href":"https:\/\/tvbrazilusa.com\/pt\/wp-json\/wp\/v2\/comments?post=88464"}],"version-history":[{"count":1,"href":"https:\/\/tvbrazilusa.com\/pt\/wp-json\/wp\/v2\/posts\/88464\/revisions"}],"predecessor-version":[{"id":88466,"href":"https:\/\/tvbrazilusa.com\/pt\/wp-json\/wp\/v2\/posts\/88464\/revisions\/88466"}],"wp:featuredmedia":[{"embeddable":true,"href":"https:\/\/tvbrazilusa.com\/pt\/wp-json\/wp\/v2\/media\/88465"}],"wp:attachment":[{"href":"https:\/\/tvbrazilusa.com\/pt\/wp-json\/wp\/v2\/media?parent=88464"}],"wp:term":[{"taxonomy":"category","embeddable":true,"href":"https:\/\/tvbrazilusa.com\/pt\/wp-json\/wp\/v2\/categories?post=88464"},{"taxonomy":"post_tag","embeddable":true,"href":"https:\/\/tvbrazilusa.com\/pt\/wp-json\/wp\/v2\/tags?post=88464"}],"curies":[{"name":"wp","href":"https:\/\/api.w.org\/{rel}","templated":true}]}}