{"id":88470,"date":"2025-01-07T00:16:47","date_gmt":"2025-01-07T00:16:47","guid":{"rendered":"https:\/\/tvbrazilusa.com\/2025\/01\/07\/advogado-de-jogador-do-corinthians-fala-sobre-o-acidente-e-admite-o-consumo-de-alcool-uma-ou-duas-tacas\/"},"modified":"2025-01-07T00:16:48","modified_gmt":"2025-01-07T00:16:48","slug":"advogado-de-jogador-do-corinthians-fala-sobre-o-acidente-e-admite-o-consumo-de-alcool-uma-ou-duas-tacas","status":"publish","type":"post","link":"https:\/\/tvbrazilusa.com\/pt\/2025\/01\/07\/advogado-de-jogador-do-corinthians-fala-sobre-o-acidente-e-admite-o-consumo-de-alcool-uma-ou-duas-tacas\/","title":{"rendered":"Advogado de jogador do Corinthians fala sobre o acidente e admite o consumo de \u00e1lcool: &#8216;Uma ou duas ta\u00e7as&#8217;"},"content":{"rendered":"<p> <script async src=\"https:\/\/pagead2.googlesyndication.com\/pagead\/js\/adsbygoogle.js?client=ca-pub-8864793242727901\"\r\n     crossorigin=\"anonymous\"><\/script><br \/>\n<\/p>\n<div id=\"taboola-read-more\" style=\"display:block; width:100%\">\n<p>Um dia ap\u00f3s o acidente que terminou com a morte de um motociclista em La Pampa, na Argentina, o advogado de Rodrigo Garro, David Divan, comentou o caso \u00e0 imprensa local e admitiu o uso de \u00e1lcool.\n<\/p>\n<p>Segundo ele, o meio-campista do Corinthians, que comemorava seu anivers\u00e1rio de 27 anos pouco antes de chocar sua caminhonete contra a motocicleta conduzida por Nicol\u00e1s Chiaraviglio, \u201cn\u00e3o toma \u00e1lcool habitualmente\u201d.<\/p>\n<p>\u201cEle \u00e9 um esportista de elite. Era seu anivers\u00e1rio, havia brindado com uma ou duas ta\u00e7as. Ele foi para casa trocar de roupa, com um amigo. Ele tentou virar e n\u00e3o conseguiu ver a motocicleta\u201d, explicou Divan a ve\u00edculos argentinos, como o \u201cOl\u00e9\u201d.\n<\/p>\n<p>Garro conhecia as ruas da regi\u00e3o, afirma advogado<br \/>A declara\u00e7\u00e3o foi dada ap\u00f3s a audi\u00eancia em General Pico, no interior da Argentina, com o juiz Diego Ambrogetti, que terminou com Garro sendo formalmente investigado por homic\u00eddio culposo.\n<\/p>\n<p>Garro dirigia uma caminhonete Dodge RAM numa regi\u00e3o que, segundo o advogado, ele est\u00e1 acostumado a conduzir.\n<\/p>\n<p>\u201cRodrigo transita habitualmente por essas ruas e est\u00e1 acostumado a dirigir caminhonetes de grande porte. O que aconteceu foi um acidente imprevisto\u201d, afirmou Divan.\n<\/p>\n<p>Contato com a fam\u00edlia da v\u00edtima<br \/>O advogado refor\u00e7ou ainda que Garro n\u00e3o tentou, em nenhum momento, deixar o local do acidente, e que est\u00e1 \u00e0 disposi\u00e7\u00e3o da Justi\u00e7a argentina e da fam\u00edlia de Nicol\u00e1s Chiaraviglio, o motociclista de 30 anos que morreu no local.\n<\/p>\n<p>No entanto, o jogador do Corinthians ainda n\u00e3o falou com os familiares da v\u00edtima.\n<\/p>\n<p>Entenda o caso Garro<br \/>O jogador do Corinthians, Rodrigo Garro, passou a ser formalmente investigado por homic\u00eddio culposo pela Justi\u00e7a da Argentina ap\u00f3s se envolver em acidente de tr\u00e2nsito que deixou um motociclista morto.\n<\/p>\n<p>Garro compareceu a uma audi\u00eancia em General Pico, no interior da Argentina, com o juiz Diego Ambrogetti, neste domingo (5), onde prestou depoimento.\n<\/p>\n<p>O procurador-geral da prov\u00edncia de La Pampa, Armando Ag\u00fcero, e o promotor Francisco Cuenca relataram \u00e0 CNN que a investiga\u00e7\u00e3o foi formalizada com base na acusa\u00e7\u00e3o de \u201chomic\u00eddio culposo\u201d.\n<\/p>\n<p>Tamb\u00e9m foi solicitada \u201cinabilita\u00e7\u00e3o para dirigir\u201d, ou seja, que ele seja proibido de dirigir, considerando \u201ccondu\u00e7\u00e3o imprudente, negligente ou irregular de um ve\u00edculo motorizado\u201d.\n<\/p>\n<p>Teste positivo do baf\u00f4metro n\u00e3o foi considerado na acusa\u00e7\u00e3o<br \/>Ainda segundo o promotor, a princ\u00edpio, ao contr\u00e1rio do que se esperava inicialmente, n\u00e3o foi considerado na acusa\u00e7\u00e3o do caso o fato de Garro ter testado positivo para \u00e1lcool no baf\u00f4metro.\n<\/p>\n<p>A alcoolemia teria sido deixada de fora da investiga\u00e7\u00e3o pelo fato do \u00edndice registrado no teste do atleta ter sido inferior a 1g\/L de \u00e1lcool no sangue. Garro registrou 0,54g\/L de \u00e1lcool ao realizar o teste de alcoolemia.\n<\/p>\n<p>Dessa forma, a pena m\u00e1xima que o jogador poderia pegar por homic\u00eddio culposo, caso condenado, \u00e9 de 2 a 5 anos de pris\u00e3o.\n<\/p>\n<p>Ele tamb\u00e9m pode perder a carteira de motorista por 5 a 10 anos. Garro est\u00e1 proibido de dirigir na Argentina ao menos at\u00e9 o fim do julgamento.\n<\/p>\n<p>Pr\u00f3xima etapa da investiga\u00e7\u00e3o<br \/>Cuenca relatou que a pr\u00f3xima etapa da investiga\u00e7\u00e3o ser\u00e1 a an\u00e1lise de c\u00e2meras de seguran\u00e7a do entorno, a tomada de novos depoimentos e a espera pelo resultado da per\u00edcia dos ve\u00edculos e do local do acidente.\n<\/p>\n<p>Conforme antecipado \u00e0 CNN, a promotoria n\u00e3o exigiu nenhuma medida de coer\u00e7\u00e3o para Garro e o jogador poder\u00e1 retornar ao Brasil normalmente durante o decorrer da investiga\u00e7\u00e3o.\n<\/p>\n<p>Garro n\u00e3o quis, por ora, presen\u00e7a do Corinthians na Argentina<br \/>O departamento jur\u00eddico do Corinthians, que est\u00e1 em contato direto com o advogado pessoal de Garro, ofereceu a presen\u00e7a de um representante do clube, mas, por enquanto, o meio-campista preferiu que isso n\u00e3o fosse feito.\n<\/p>\n<p>O Corinthians, diz o VP do clube, segue \u00e0 disposi\u00e7\u00e3o do jogador para qualquer assist\u00eancia e est\u00e1 oferecendo todo o apoio necess\u00e1rio, al\u00e9m de demonstrar solidariedade para fam\u00edlia do motociclista.\n<\/p>\n<p>Como foi o acidente de Garro<br \/>O acidente aconteceu durante a madrugada no cruzamento das ruas 300 e 108 de General Pico, cidade natal do jogador corintiano, a cerca de 600 km de Buenos Aires.\n<\/p>\n<p>Garro dirigia uma caminhonete Dodge RAM quando colidiu com a moto de Nicol\u00e1s Chiaraviglio, de 30 anos. O motociclista morreu no local do acidente.\n<\/p>\n<p>\u00c0 CNN, o procurador Ag\u00fcero relatou que Garro testou positivo no baf\u00f4metro, com um resultado de 0,5 gramas de \u00e1lcool por litro de sangue, e que na prov\u00edncia de La Pampa, a toler\u00e2ncia de \u00e1lcool para dirigir \u00e9 zero.\n<\/p>\n<p>O procurador-geral afirmou que Garro foi detido ap\u00f3s o acidente, mas j\u00e1 est\u00e1 em liberdade.\n<\/p>\n<p>Ele explicou que n\u00e3o houve necessidade do jogador permanecer detido por n\u00e3o demonstrar inten\u00e7\u00e3o de fugir, por ser morador da cidade em que o acidente aconteceu e por ter mantido contato com as autoridades desde ent\u00e3o.\n<\/p>\n<p>\u201cAl\u00e9m disso, ele est\u00e1 sem ve\u00edculo. Foi apreendido\u201d, disse Ag\u00fcero.\n<\/p>\n<p>Fonte: CNN Brasil              <\/p>\n<\/div>\n<p><br \/>\n<br \/><a href=\"https:\/\/diariodobrasilnoticias.com.br\/noticia\/advogado-de-jogador-do-corinthians-fala-sobre-o-acidente-e-admite-o-consumo-de-alcool-uma-ou-duas-tacas-677c565a841ad\">Source link <\/a><\/p>","protected":false},"excerpt":{"rendered":"<p>Um dia ap\u00f3s o acidente que terminou com a morte de um motociclista em La Pampa, na Argentina, o advogado de Rodrigo Garro, David Divan, comentou o caso \u00e0 imprensa&hellip;<\/p>","protected":false},"author":1,"featured_media":88471,"comment_status":"closed","ping_status":"open","sticky":false,"template":"","format":"standard","meta":{"content-type":"","footnotes":""},"categories":[16],"tags":[123,2448,5313,1267],"class_list":["post-88470","post","type-post","status-publish","format-standard","has-post-thumbnail","hentry","category-noticias","tag-brasil","tag-diario","tag-noticia","tag-noticias"],"_links":{"self":[{"href":"https:\/\/tvbrazilusa.com\/pt\/wp-json\/wp\/v2\/posts\/88470","targetHints":{"allow":["GET"]}}],"collection":[{"href":"https:\/\/tvbrazilusa.com\/pt\/wp-json\/wp\/v2\/posts"}],"about":[{"href":"https:\/\/tvbrazilusa.com\/pt\/wp-json\/wp\/v2\/types\/post"}],"author":[{"embeddable":true,"href":"https:\/\/tvbrazilusa.com\/pt\/wp-json\/wp\/v2\/users\/1"}],"replies":[{"embeddable":true,"href":"https:\/\/tvbrazilusa.com\/pt\/wp-json\/wp\/v2\/comments?post=88470"}],"version-history":[{"count":1,"href":"https:\/\/tvbrazilusa.com\/pt\/wp-json\/wp\/v2\/posts\/88470\/revisions"}],"predecessor-version":[{"id":88472,"href":"https:\/\/tvbrazilusa.com\/pt\/wp-json\/wp\/v2\/posts\/88470\/revisions\/88472"}],"wp:featuredmedia":[{"embeddable":true,"href":"https:\/\/tvbrazilusa.com\/pt\/wp-json\/wp\/v2\/media\/88471"}],"wp:attachment":[{"href":"https:\/\/tvbrazilusa.com\/pt\/wp-json\/wp\/v2\/media?parent=88470"}],"wp:term":[{"taxonomy":"category","embeddable":true,"href":"https:\/\/tvbrazilusa.com\/pt\/wp-json\/wp\/v2\/categories?post=88470"},{"taxonomy":"post_tag","embeddable":true,"href":"https:\/\/tvbrazilusa.com\/pt\/wp-json\/wp\/v2\/tags?post=88470"}],"curies":[{"name":"wp","href":"https:\/\/api.w.org\/{rel}","templated":true}]}}