{"id":88473,"date":"2025-01-07T00:02:32","date_gmt":"2025-01-07T00:02:32","guid":{"rendered":"https:\/\/tvbrazilusa.com\/2025\/01\/07\/procurador-dos-eua-para-massachusetts-joshua-levy-deixara-o-cargo\/"},"modified":"2025-01-07T00:21:56","modified_gmt":"2025-01-07T00:21:56","slug":"procurador-dos-eua-para-massachusetts-joshua-levy-deixara-o-cargo","status":"publish","type":"post","link":"https:\/\/tvbrazilusa.com\/pt\/2025\/01\/07\/procurador-dos-eua-para-massachusetts-joshua-levy-deixara-o-cargo\/","title":{"rendered":"Procurador dos EUA para Massachusetts, Joshua Levy deixar\u00e1 o cargo"},"content":{"rendered":"<p> <script async src=\"https:\/\/pagead2.googlesyndication.com\/pagead\/js\/adsbygoogle.js?client=ca-pub-8864793242727901\"\r\n     crossorigin=\"anonymous\"><\/script><br \/>\n<\/p>\n<div id=\"\">\n<header class=\"m-article-header m-article-header--standard\">\n\t\t\t\t\t\t\t\t\t\t\t\t<span id=\"article-header-primary-term\"><br \/>\n\t\t\t\t\t\t\t\t<a class=\"a-term a-term--primary\" href=\"https:\/\/www.boston.com\/tag\/local-news\/\"><\/p>\n<p>\t\t\t\t\t\t\t\tNot\u00edcias locais\t\t\t\t\t\t\t\t<\/a><br \/>\n\t\t\t\t\t\t\t<\/span><\/p>\n<h2 class=\"m-article-header__sub-headline\">\u201cServir como Procurador dos EUA no Distrito de Massachusetts foi realmente o ponto alto da minha carreira.\u201d<\/h2>\n<figure class=\"a-photo m-article-header__photo\"><figcaption class=\"a-photo__caption\">\n<p>\tO procurador dos EUA de Massachusetts, Joshua S. Levy, anunciou que deixar\u00e1 o cargo no final de janeiro.<em> David L. Ryan\/Equipe da Globo<\/em>\t<\/figcaption><\/figure>\n<\/header>\n<p>O procurador dos Estados Unidos, Joshua Levy, anunciou na segunda-feira que deixar\u00e1 o cargo de principal promotor federal em Massachusetts no final deste m\u00eas, poucos dias antes da posse do presidente eleito Donald Trump. <\/p>\n<p>Arrecada\u00e7\u00e3o <a href=\"https:\/\/www.bostonglobe.com\/2024\/05\/29\/metro\/acting-us-attorney-says-office-has-rebounded-wake-rachael-rollins-ethics-scandal\/\" target=\"_blank\" rel=\"noreferrer noopener\">tornou-se o procurador interino dos EUA<\/a> para Massachusetts em meio a um esc\u00e2ndalo \u00e9tico em <a href=\"https:\/\/www.bostonglobe.com\/2023\/05\/16\/metro\/rachael-rollins-step-down-us-attorney-following-ethics-probe\/\" target=\"_blank\" rel=\"noreferrer noopener\">Maio de 2023<\/a> quando sua antecessora, Rachael Rollins, renunciou ap\u00f3s v\u00e1rias investiga\u00e7\u00f5es de vigil\u00e2ncia determinarem que ela cometeu viola\u00e7\u00f5es \u00e9ticas enquanto exercia o cargo. Mais tarde, ele foi nomeado para ocupar o cargo permanentemente pelo presidente Joe Biden e nomeado pelo procurador-geral dos Estados Unidos, Merrick Garland, em novembro de 2024.<\/p>\n<p>Levy disse em comunicado que deixar\u00e1 o cargo em 17 de janeiro. <\/p>\n<p>\u201cServir como procurador dos EUA no Distrito de Massachusetts foi realmente o ponto alto da minha carreira\u201d, disse Levy em comunicado. \u201cTodos os dias, nos \u00faltimos tr\u00eas anos, testemunhei em primeira m\u00e3o a dedica\u00e7\u00e3o inabal\u00e1vel e a extraordin\u00e1ria habilidade dos procuradores federais, do pessoal de apoio e dos parceiros respons\u00e1veis \u200b\u200bpela aplica\u00e7\u00e3o da lei que trabalham incansavelmente para defender o Estado de direito, manter as nossas comunidades seguras e proteger os direitos civis. \u201d <\/p>\n<p>Num comunicado, o seu gabinete observou que a lideran\u00e7a de Levy resultou em \u201cv\u00e1rios\u201d casos de alto impacto, incluindo acusa\u00e7\u00f5es no <a href=\"https:\/\/www.boston.com\/news\/local-news\/2024\/09\/03\/sandra-birchmore-case-timeline\/\">morte de Sandra Birchmore<\/a>a resolu\u00e7\u00e3o das acusa\u00e7\u00f5es contra a McKinsey &#038; Company por sua conduta ilegal de apoio \u00e0 comercializa\u00e7\u00e3o de opioides pela Purdue Pharma, e <a href=\"https:\/\/www.boston.com\/news\/crime\/2024\/12\/16\/two-charged-by-us-authorities-in-mass-in-connection-with-iran-drone-strike-that-killed-3-us-troops-in-the-middle-east\/\">acusa\u00e7\u00f5es contra dois homens<\/a> pelo seu alegado envolvimento do Ir\u00e3o na obten\u00e7\u00e3o de tecnologia drone, o que resultou na morte de tr\u00eas soldados americanos. Mass. Guarda Nacional Jack Teixeira <a href=\"https:\/\/www.boston.com\/news\/crime\/2024\/11\/12\/mass-national-guardsman-jack-teixeira-sentenced-to-15-years-for-leaking-classified-information\/\">tamb\u00e9m foi condenado<\/a> a 15 anos de pris\u00e3o e <a href=\"https:\/\/www.boston.com\/news\/crime\/2024\/01\/11\/ebay-live-spiders-cockroaches-massachusetts-couple\/\">sete ex-funcion\u00e1rios do eBay<\/a> foram condenados por persegui\u00e7\u00e3o cibern\u00e9tica a um casal de Massachusetts durante seu mandato. <\/p>\n<p>O gabinete tamb\u00e9m destacou a cria\u00e7\u00e3o da sua unidade de Tr\u00e1fico de Seres Humanos e Direitos Civis.<\/p>\n<p>Levy disse que os casos iniciados em seus tr\u00eas anos \u00e0 frente de processos federais no estado \u201cmelhoraram a vida do povo de Massachusetts\u201d.<\/p>\n<p>\u201cAo refletir sobre minha gest\u00e3o, estou igualmente orgulhoso do processo ponderado e deliberativo envolvido por nossa equipe sempre que toma a grave decis\u00e3o sobre apresentar acusa\u00e7\u00f5es federais para garantir que seja consistente com os princ\u00edpios do processo federal\u201d, disse ele. <\/p>\n<div class=\"m-block m-generic-cta\t m-generic-cta--post-content\t m-generic-cta--dark\t m-generic-cta--homepage\t m-generic-cta--email-signup\t\t m-generic-cta-block-style--default \tt-amp__generic-cta\"><\/p>\n<div class=\"m-generic-cta__wrap\">\n<div class=\"m-generic-cta__content\">\n<h3 class=\"m-generic-cta__title\">Boston.com hoje<\/h3>\n<p class=\"m-generic-cta__subtitle\">Inscreva-se para receber as \u00faltimas manchetes em sua caixa de entrada todas as manh\u00e3s.<\/p>\n<\/p><\/div>\n<\/p><\/div>\n<\/div><\/div>\n<p><script>\n\t\tvar consent=\"grant\";\n\t\t\/* The above code is parsing the JSON data from the local storage and storing it in a variable. *\/\n\t\t\t\t\tconst onetrustStorageConsent = JSON.parse(localStorage.getItem( 'consent_one_trust_bdc' ) );\n\t\t\tif ( ( onetrustStorageConsent !== null ) ) {\n\t\t\t\t\/* Checking to see if the user has consented to the use of cookies.\n\t\t\t\t* If they have not, it is deleting the cookie.\n\t\t\t\t* This will comment for now, until further notice.\n\t\t\t\t*\/\n\t\t\t\t\/\/if ( onetrustStorageConsent.C0002 === false ) {\n\t\t\t\t\/\/\tdocument.cookie=\"_fbp=;expires=Thu, 01 Jan 2010 00:00:00 UTC; path=\/; domain=.boston.com\";\n\t\t\t\t\/\/}\n\t\t\t\t\/* Checking if the user has given consent for the cookie C0002.\n\t\t\t\t* If the user has given consent, the variable consent will be set to 'grant'.\n\t\t\t\t* If the user has not given consent,the variable consent will be set to 'revoke'.\n\t\t\t\t* Documentation https:\/\/developers.facebook.com\/docs\/meta-pixel\/implementation\/gdpr\n\t\t\t\t*\/\n\t\t\t\tif ( onetrustStorageConsent.C0002 !== true ) {\n\t\t\t\t\tconsent=\"revoke\";\n\t\t\t\t}\n\t\t\t}\n\t\t\t\t!function(f,b,e,v,n,t,s)\n\t\t{if(f.fbq)return;n=f.fbq=function(){n.callMethod?\n\t\tn.callMethod.apply(n,arguments):n.queue.push(arguments)};\n\t\tif(!f._fbq)f._fbq=n;n.push=n;n.loaded=!0;n.version='2.0';\n\t\tn.queue=[];t=b.createElement(e);t.async=!0;\n\t\tt.src=v;s=b.getElementsByTagName(e)[0];\n\t\ts.parentNode.insertBefore(t,s)}(window, document,'script',\n\t\t'https:\/\/connect.facebook.net\/en_US\/fbevents.js');\n\t\tfbq('consent', consent);\n\t\tfbq('init', '989222871864976');\n\t\tfbq('track', 'PageView');\n\t<\/script><script type=\"module\">\n\t\tvar consent=\"grant\";\n\t\t\/* The above code is parsing the JSON data from the local storage and storing it in a variable. *\/\n\t\t\tconst onetrustStorageConsent = JSON.parse(localStorage.getItem( 'consent_one_trust_bdc' ) );\n\t\t\t\/* Checking to see if the user has consented to the use of cookies.\n\t\t\t* If they have not, it is deleting the cookie.\n\t\t\t* This will comment for now, until further notice.\n\t\t\t*\/\n\t\t\t\/\/if ( onetrustStorageConsent.C0002 === false ) {\n\t\t\t\/\/\tdocument.cookie=\"_fbp=;expires=Thu, 01 Jan 2010 00:00:00 UTC; path=\/; domain=.boston.com\";\n\t\t\t\/\/}\n\t\t\t\/* Checking if the user has given consent for the cookie C0002.\n\t\t\t* If the user has given consent, the variable consent will be set to 'grant'.\n\t\t\t* If the user has not given consent,the variable consent will be set to 'revoke'.\n\t\t\t* Documentation https:\/\/developers.facebook.com\/docs\/meta-pixel\/implementation\/gdpr\n\t\t\t*\/\n\t\t\tif ( ( onetrustStorageConsent !== null ) && (onetrustStorageConsent.C0002 !== true ) ) {\n\t\t\t\tconsent=\"revoke\";\n\t\t\t}\n\t\t\t\t!function(f,b,e,v,n,t,s){if(f.fbq)return;n=f.fbq=function()\n\t\t{n.callMethod? n.callMethod.apply(n,arguments):n.queue.push(arguments)}\n\t\t;if(!f._fbq)f._fbq=n;\n\t\tn.push=n;n.loaded=!0;n.version='2.0';n.queue=[];t=b.createElement(e);t.async=!0;\n\t\tt.src=v;s=b.getElementsByTagName(e)[0];s.parentNode.insertBefore(t,s)}(window,\n\t\tdocument,'script','https:\/\/connect.facebook.net\/en_US\/fbevents.js');\n\t\tfbq('consent', consent);\n\t\tfbq('init', '813236348753005');\n\t\tfbq('track', \"PageView\");\n\t<\/script><br \/>\n<br \/><br \/>\n<br \/><a href=\"https:\/\/www.boston.com\/news\/local-news\/2025\/01\/06\/u-s-attorney-for-mass-joshua-levy-will-step-down\/\">Source link <\/a><\/p>","protected":false},"excerpt":{"rendered":"<p>Not\u00edcias locais \u201cServir como Procurador dos EUA no Distrito de Massachusetts foi realmente o ponto alto da minha carreira.\u201d O procurador dos EUA de Massachusetts, Joshua S. Levy, anunciou que&hellip;<\/p>","protected":false},"author":1,"featured_media":88474,"comment_status":"closed","ping_status":"open","sticky":false,"template":"","format":"standard","meta":{"content-type":"","footnotes":""},"categories":[1],"tags":[],"class_list":["post-88473","post","type-post","status-publish","format-standard","has-post-thumbnail","hentry","category-uncategorized"],"_links":{"self":[{"href":"https:\/\/tvbrazilusa.com\/pt\/wp-json\/wp\/v2\/posts\/88473","targetHints":{"allow":["GET"]}}],"collection":[{"href":"https:\/\/tvbrazilusa.com\/pt\/wp-json\/wp\/v2\/posts"}],"about":[{"href":"https:\/\/tvbrazilusa.com\/pt\/wp-json\/wp\/v2\/types\/post"}],"author":[{"embeddable":true,"href":"https:\/\/tvbrazilusa.com\/pt\/wp-json\/wp\/v2\/users\/1"}],"replies":[{"embeddable":true,"href":"https:\/\/tvbrazilusa.com\/pt\/wp-json\/wp\/v2\/comments?post=88473"}],"version-history":[{"count":1,"href":"https:\/\/tvbrazilusa.com\/pt\/wp-json\/wp\/v2\/posts\/88473\/revisions"}],"predecessor-version":[{"id":88475,"href":"https:\/\/tvbrazilusa.com\/pt\/wp-json\/wp\/v2\/posts\/88473\/revisions\/88475"}],"wp:featuredmedia":[{"embeddable":true,"href":"https:\/\/tvbrazilusa.com\/pt\/wp-json\/wp\/v2\/media\/88474"}],"wp:attachment":[{"href":"https:\/\/tvbrazilusa.com\/pt\/wp-json\/wp\/v2\/media?parent=88473"}],"wp:term":[{"taxonomy":"category","embeddable":true,"href":"https:\/\/tvbrazilusa.com\/pt\/wp-json\/wp\/v2\/categories?post=88473"},{"taxonomy":"post_tag","embeddable":true,"href":"https:\/\/tvbrazilusa.com\/pt\/wp-json\/wp\/v2\/tags?post=88473"}],"curies":[{"name":"wp","href":"https:\/\/api.w.org\/{rel}","templated":true}]}}