{"id":88476,"date":"2025-01-07T00:28:37","date_gmt":"2025-01-07T00:28:37","guid":{"rendered":"https:\/\/tvbrazilusa.com\/2025\/01\/07\/maduro-segura-convite-ao-brasil-para-posse\/"},"modified":"2025-01-07T00:28:38","modified_gmt":"2025-01-07T00:28:38","slug":"maduro-segura-convite-ao-brasil-para-posse","status":"publish","type":"post","link":"https:\/\/tvbrazilusa.com\/pt\/2025\/01\/07\/maduro-segura-convite-ao-brasil-para-posse\/","title":{"rendered":"Maduro segura convite ao Brasil para posse"},"content":{"rendered":"<p> <script async src=\"https:\/\/pagead2.googlesyndication.com\/pagead\/js\/adsbygoogle.js?client=ca-pub-8864793242727901\"\r\n     crossorigin=\"anonymous\"><\/script><br \/>\n<\/p>\n<div id=\"taboola-read-more\" style=\"display:block; width:100%\">\n<p>At\u00e9 a manh\u00e3 desta segunda-feira (06), o presidente da Venezuela, Nicolas Maduro, ainda n\u00e3o havia convidado formalmente a presen\u00e7a do Brasil em sua posse, prevista para a pr\u00f3xima sexta-feira (10).\n<\/p>\n<p>A informa\u00e7\u00e3o foi confirmada \u00e0 CNN pelo Itamaraty.<\/p>\n<p>O gesto \u00e9 visto no governo como um sinal do distanciamento entre o presidente Lula e o venezuelano, ap\u00f3s as elei\u00e7\u00f5es no pa\u00eds no final de julho.\n<\/p>\n<p>O Brasil at\u00e9 hoje n\u00e3o reconheceu sua vit\u00f3ria e condicionou o reconhecimento \u00e0 apresenta\u00e7\u00e3o pelo governo venezuelano das atas eleitorais, o que nunca ocorreu.\n<\/p>\n<p>Depois, em novembro, o governo brasileiro barrou a entrada da Venezuela nos Brics, o que irritou Maduro. Segundo fontes diplom\u00e1ticas, Lula e o l\u00edder chavista n\u00e3o se falam h\u00e1 meses.\n<\/p>\n<p>O plano brasileiro para a posse, por\u00e9m, segue sendo enviar a embaixadora do Brasil em Caracas, Gliv\u00e2nia de Oliveira, se houver o convite formal.\n<\/p>\n<p>Para diplomatas brasileiros o envio simboliza a manuten\u00e7\u00e3o de rela\u00e7\u00f5es diplom\u00e1ticas entre os dois pa\u00edses a despeito de n\u00e3o haver o reconhecimento pelo Brasil da vit\u00f3ria de Maduro e as rela\u00e7\u00f5es pessoais com Lula estarem suspensas.\n<\/p>\n<p>Fonte: CNN Brasil              <\/p>\n<\/div>\n<p><br \/>\n<br \/><a href=\"https:\/\/diariodobrasilnoticias.com.br\/noticia\/maduro-segura-convite-ao-brasil-para-posse-677c559ef1302\">Source link <\/a><\/p>","protected":false},"excerpt":{"rendered":"<p>At\u00e9 a manh\u00e3 desta segunda-feira (06), o presidente da Venezuela, Nicolas Maduro, ainda n\u00e3o havia convidado formalmente a presen\u00e7a do Brasil em sua posse, prevista para a pr\u00f3xima sexta-feira (10).&hellip;<\/p>","protected":false},"author":1,"featured_media":88477,"comment_status":"closed","ping_status":"open","sticky":false,"template":"","format":"standard","meta":{"content-type":"","footnotes":""},"categories":[16],"tags":[123,2448,5313,1267],"class_list":["post-88476","post","type-post","status-publish","format-standard","has-post-thumbnail","hentry","category-noticias","tag-brasil","tag-diario","tag-noticia","tag-noticias"],"_links":{"self":[{"href":"https:\/\/tvbrazilusa.com\/pt\/wp-json\/wp\/v2\/posts\/88476","targetHints":{"allow":["GET"]}}],"collection":[{"href":"https:\/\/tvbrazilusa.com\/pt\/wp-json\/wp\/v2\/posts"}],"about":[{"href":"https:\/\/tvbrazilusa.com\/pt\/wp-json\/wp\/v2\/types\/post"}],"author":[{"embeddable":true,"href":"https:\/\/tvbrazilusa.com\/pt\/wp-json\/wp\/v2\/users\/1"}],"replies":[{"embeddable":true,"href":"https:\/\/tvbrazilusa.com\/pt\/wp-json\/wp\/v2\/comments?post=88476"}],"version-history":[{"count":1,"href":"https:\/\/tvbrazilusa.com\/pt\/wp-json\/wp\/v2\/posts\/88476\/revisions"}],"predecessor-version":[{"id":88478,"href":"https:\/\/tvbrazilusa.com\/pt\/wp-json\/wp\/v2\/posts\/88476\/revisions\/88478"}],"wp:featuredmedia":[{"embeddable":true,"href":"https:\/\/tvbrazilusa.com\/pt\/wp-json\/wp\/v2\/media\/88477"}],"wp:attachment":[{"href":"https:\/\/tvbrazilusa.com\/pt\/wp-json\/wp\/v2\/media?parent=88476"}],"wp:term":[{"taxonomy":"category","embeddable":true,"href":"https:\/\/tvbrazilusa.com\/pt\/wp-json\/wp\/v2\/categories?post=88476"},{"taxonomy":"post_tag","embeddable":true,"href":"https:\/\/tvbrazilusa.com\/pt\/wp-json\/wp\/v2\/tags?post=88476"}],"curies":[{"name":"wp","href":"https:\/\/api.w.org\/{rel}","templated":true}]}}