{"id":88479,"date":"2025-01-07T00:29:08","date_gmt":"2025-01-07T00:29:08","guid":{"rendered":"https:\/\/tvbrazilusa.com\/2025\/01\/07\/consertando-farois-embacados-em-um-carro-de-quase-20-anos\/"},"modified":"2025-01-07T00:35:07","modified_gmt":"2025-01-07T00:35:07","slug":"consertando-farois-embacados-em-um-carro-de-quase-20-anos","status":"publish","type":"post","link":"https:\/\/tvbrazilusa.com\/pt\/2025\/01\/07\/consertando-farois-embacados-em-um-carro-de-quase-20-anos\/","title":{"rendered":"Consertando far\u00f3is emba\u00e7ados em um carro de quase 20 anos"},"content":{"rendered":"<p> <script async src=\"https:\/\/pagead2.googlesyndication.com\/pagead\/js\/adsbygoogle.js?client=ca-pub-8864793242727901\"\r\n     crossorigin=\"anonymous\"><\/script><br \/>\n<\/p>\n<div id=\"\">\n<header class=\"m-article-header m-article-header--standard\">\n\t\t\t\t\t\t\t\t\t\t\t\t<span id=\"article-header-primary-term\"><br \/>\n\t\t\t\t\t\t\t\t<a class=\"a-term a-term--primary\" href=\"https:\/\/www.boston.com\/tag\/how-to\/\"><\/p>\n<p>\t\t\t\t\t\t\t\tComo fazer\t\t\t\t\t\t\t\t<\/a><br \/>\n\t\t\t\t\t\t\t<\/span><\/p>\n<h2 class=\"m-article-header__sub-headline\">John Paul, m\u00e9dico automotivo da AAA Northeast, responde a uma pergunta de um leitor que procura uma solu\u00e7\u00e3o barata para far\u00f3is nublados.<\/h2>\n<figure class=\"a-photo m-article-header__photo\"><figcaption class=\"a-photo__caption\">\n<p>\tO Car Doctor responde a uma pergunta de um leitor que procura uma solu\u00e7\u00e3o barata para far\u00f3is nublados.<em> David L Ryan\/Equipe da Globo<\/em>\t<\/figcaption><\/figure>\n<div class=\"m-article-header__meta\">\n<div class=\"m-article-header__byline\">\n<p class=\"m-article-header__author\">\n<p>\t\t\t\t\t\t\t\tPor <a class=\"a-link a-link--inline\" href=\"https:\/\/www.boston.com\/author\/john-paul\/\">Jo\u00e3o Paulo<\/a>\t\t\t\t\t\t\t<\/p>\n<p>\t\t\t\t\t\t\t\t\t\t\t\t\t\t\t<time class=\"m-article-header__date\"><\/p>\n<p>\t\t\t\t\t\t\t\t\t6 de janeiro de 2025\t\t\t\t\t\t\t\t<\/time><\/p>\n<p><span>4 minutos para ler<\/span><\/p>\n<\/p><\/div>\n<\/p><\/div>\n<\/header>\n<p><strong>Q. <\/strong>Tenho um Toyota Solara 2006 com 200.000 milhas com far\u00f3is nublados. Tentei todos os rem\u00e9dios comerciais para os far\u00f3is, com resultados ruins. Certa vez, substitu\u00ed os far\u00f3is de um Honda Civic. Foi desafiador, mas bem-sucedido. Os far\u00f3is de reposi\u00e7\u00e3o para o Solara custam cerca de US$ 200 cada. Ai! E se eu substitu\u00edsse as l\u00e2mpadas por l\u00e2mpadas de maior intensidade? Acho que minhas op\u00e7\u00f5es s\u00e3o essas, j\u00e1 que n\u00e3o dirijo tanto o carro: do\u00e1-lo para uma institui\u00e7\u00e3o de caridade, vend\u00ea-lo por uma ninharia ou gastar muito dinheiro e consert\u00e1-lo.<\/p>\n<p><strong>UM. <\/strong>Tenho um carro de 15 anos com far\u00f3is nublados e descobri que o kit de restaura\u00e7\u00e3o de far\u00f3is Sylvania funcionou muito bem. \u00c9 um pouco trabalhoso e voc\u00ea precisa seguir atentamente as instru\u00e7\u00f5es, mas descobri que o resultado final valeu a pena. L\u00e2mpadas mais brilhantes e com vida \u00fatil mais curta provavelmente n\u00e3o far\u00e3o muito bem. Pense em iluminar uma lanterna atrav\u00e9s de \u00f3culos escuros. At\u00e9 a luz das l\u00e2mpadas mais brilhantes ser\u00e1 filtrada pelas lentes do farol. Eu tamb\u00e9m ficaria longe de l\u00e2mpadas LED; eles podem causar problemas no sistema el\u00e9trico do carro e n\u00e3o s\u00e3o legais para uso na estrada. Se voc\u00ea gosta do carro e ele funciona bem, e voc\u00ea dirige \u00e0 noite, eu gastaria o dinheiro na substitui\u00e7\u00e3o das l\u00e2mpadas. Voc\u00ea est\u00e1 correto \u2013 um bom conjunto de conjuntos de l\u00e2mpadas que atendem \u00e0 qualidade OEM \u00e9 caro, US$ 175 cada online, e d\u00e1 um pouco de trabalho para instalar. Mesmo assim, US$ 400 para ver melhor \u00e0 noite, para mim, \u00e9 um dinheiro bem gasto. <\/p>\n<p><strong>Q. <\/strong>Usei com cuidado pneus de inverno Bridgestone Blizzaks 225\/55 R18 que n\u00e3o s\u00e3o mais necess\u00e1rios em um carro que mudamos para a Fl\u00f3rida. Outro ve\u00edculo que temos, um Kia Sportage Hybrid SX-Prestige 2023 tem pneus 235\/60 R18. Eu gostaria de usar o Blizzaks nele por 3-4 meses, ent\u00e3o procurei a diferen\u00e7a percentual nas leituras do veloc\u00edmetro e do hod\u00f4metro. Eles n\u00e3o s\u00e3o significativos para mim naquele per\u00edodo de tempo, e eu queria saber se havia algum outro problema que voc\u00ea pudesse imaginar que pudesse ser um problema ao rodar com pneus um pouco menores. Na verdade, eu gostaria apenas de montar a neve permanentemente em rodas b\u00e1sicas\/baratas. O suporte para pneus possui apenas um encaixe em a\u00e7o de 17 polegadas. Eles t\u00eam rodas muito mais sofisticadas para caber no carro de 18 polegadas. As especifica\u00e7\u00f5es que encontrei para a roda OEM s\u00e3o 7,5J x 18 ET 51 com uma faixa de deslocamento de 49-53 e um padr\u00e3o de parafuso 5 x 114,3. Qu\u00e3o cr\u00edtica \u00e9 a faixa de deslocamento (apenas alguns se enquadram nela) em 7,5 de largura? Por \u00faltimo, al\u00e9m do Tire Rack, alguma ideia para encontrar rodas baratas?<\/p>\n<p><strong>UM. <\/strong>A diferen\u00e7a do veloc\u00edmetro \u00e9 de apenas 1-2 milhas por hora em velocidades mais baixas e n\u00e3o deve causar nenhum problema. O outro problema pode ser com a parede lateral e a altura total. O Kia Sportage, que tem um percurso um pouco r\u00edgido, ficar\u00e1 duro com os pneus menores, devido \u00e0 menor altura da parede lateral. Em rela\u00e7\u00e3o \u00e0s rodas, al\u00e9m do custo das rodas voc\u00ea tamb\u00e9m precisar\u00e1 clonar um conjunto de monitores de press\u00e3o dos pneus para as rodas de inverno. Em alguns carros, se o sistema TPMS apresentar um erro, n\u00e3o permitir\u00e1 que os sistemas de tra\u00e7\u00e3o integral ou de controle de tra\u00e7\u00e3o funcionem corretamente. Em rela\u00e7\u00e3o \u00e0s rodas, talvez experimente os motores do eBay ou um ferro-velho e compre as rodas originais. Obviamente, as rodas de a\u00e7o de 17 polegadas n\u00e3o funcionar\u00e3o com os pneus de 18 polegadas, ent\u00e3o voc\u00ea precisaria de substitui\u00e7\u00f5es mais sofisticadas. Em rela\u00e7\u00e3o ao deslocamento, \u00e9 um pouco de tentativa e erro. Blizzacks ou outros pneus de inverno dedicados s\u00e3o \u00f3timos, mas neste caso, se fosse meu carro, eu venderia os pneus de inverno e conseguiria o ajuste adequado ou veria o desempenho do carro no inverno com os pneus padr\u00e3o e o sistema AWD.<\/p>\n<p><strong>Q. <\/strong>Eu queria saber se voc\u00ea poderia recomendar um carregador lento para um Mercedes SLK Kompressor 2001 que passar\u00e1 os pr\u00f3ximos meses hibernando em uma garagem sem aquecimento e sem manuten\u00e7\u00e3o. Gosto de sua coluna e obrigado pelo seu tempo e aten\u00e7\u00e3o.<\/p>\n<p><strong>UM. <\/strong>Existem muitos mantenedores de carregadores de bateria, mas dois que posso recomendar facilmente e tamb\u00e9m usar s\u00e3o o Battery Tender da Deltran (Battery Tender Junior e a unidade maior). Ambos funcionam muito bem e n\u00e3o requerem nenhuma aten\u00e7\u00e3o adicional. O outro \u00e9 da CTEK, que tamb\u00e9m \u00e9 um carregador de bateria \u201cinteligente\u201d e um produto muito bem desenhado.<\/p>\n<p><strong>Q. <\/strong>Comprei um Nissan Frontier 2023 h\u00e1 uma semana com 24.000 milhas rodadas. Aparentemente, foi colocado em servi\u00e7o pela primeira vez no in\u00edcio de 2023. Com todo o frio da manh\u00e3, estou percebendo que ele faz um som de \u201ctilintar\u201d quando desligo, que continua por um curto per\u00edodo de tempo. Eu n\u00e3o acho que isso seja normal. Estou levando-o para a concession\u00e1ria para outro trabalho na pr\u00f3xima semana e pedi que ouvissem. O que poderia estar causando isso? O som me lembra o aquecimento dos aquecedores el\u00e9tricos da placa de base.<\/p>\n<p><strong>UM. <\/strong>\u00d3tima analogia com o aquecedor de rodap\u00e9 porque acredito que seja o mesmo ru\u00eddo. \u00c9 mais do que prov\u00e1vel que o escudo t\u00e9rmico do conversor catal\u00edtico se expanda e contraia \u00e0 medida que aquece e esfria. Isso \u00e9 bastante normal e acontece em muitos <a href=\"https:\/\/www.boston.com\/tag\/cars\/\">ve\u00edculos<\/a>. <\/p>\n<p><em>John Paul \u00e9 o m\u00e9dico automotivo da AAA Nordeste. Ele tem mais de 40 anos de experi\u00eancia no ramo automotivo e \u00e9 um t\u00e9cnico mestre certificado pela ASE. Envie sua pergunta sobre o Car Doctor por e-mail para <\/em><em><a href=\"https:\/\/www.boston.com\/cdn-cgi\/l\/email-protection\" class=\"__cf_email__\" data-cfemail=\"fe948e9f8b92be9f9f9f90918c8a969b9f8d8ad09d9193\">[email\u00a0protected]<\/a><\/em><em>. Ou\u00e7a o podcast Car Doctor em <\/em><a href=\"http:\/\/johnfpaul.podbean.com\/\"><em>johnfpaul.podbean.com<\/em><\/a><em>.<\/em><\/p>\n<div class=\"m-block m-generic-cta\t m-generic-cta--post-content\t m-generic-cta--dark\t m-generic-cta--homepage\t m-generic-cta--email-signup\t\t m-generic-cta-block-style--default \tt-amp__generic-cta\"><\/p>\n<div class=\"m-generic-cta__wrap\">\n<div class=\"m-generic-cta__content\">\n<h3 class=\"m-generic-cta__title\">Boston.com hoje<\/h3>\n<p class=\"m-generic-cta__subtitle\">Inscreva-se para receber as \u00faltimas manchetes em sua caixa de entrada todas as manh\u00e3s.<\/p>\n<\/p><\/div>\n<\/p><\/div>\n<\/div><\/div>\n<p><script>\n\t\tvar consent=\"grant\";\n\t\t\/* The above code is parsing the JSON data from the local storage and storing it in a variable. *\/\n\t\t\t\t\tconst onetrustStorageConsent = JSON.parse(localStorage.getItem( 'consent_one_trust_bdc' ) );\n\t\t\tif ( ( onetrustStorageConsent !== null ) ) {\n\t\t\t\t\/* Checking to see if the user has consented to the use of cookies.\n\t\t\t\t* If they have not, it is deleting the cookie.\n\t\t\t\t* This will comment for now, until further notice.\n\t\t\t\t*\/\n\t\t\t\t\/\/if ( onetrustStorageConsent.C0002 === false ) {\n\t\t\t\t\/\/\tdocument.cookie=\"_fbp=;expires=Thu, 01 Jan 2010 00:00:00 UTC; path=\/; domain=.boston.com\";\n\t\t\t\t\/\/}\n\t\t\t\t\/* Checking if the user has given consent for the cookie C0002.\n\t\t\t\t* If the user has given consent, the variable consent will be set to 'grant'.\n\t\t\t\t* If the user has not given consent,the variable consent will be set to 'revoke'.\n\t\t\t\t* Documentation https:\/\/developers.facebook.com\/docs\/meta-pixel\/implementation\/gdpr\n\t\t\t\t*\/\n\t\t\t\tif ( onetrustStorageConsent.C0002 !== true ) {\n\t\t\t\t\tconsent=\"revoke\";\n\t\t\t\t}\n\t\t\t}\n\t\t\t\t!function(f,b,e,v,n,t,s)\n\t\t{if(f.fbq)return;n=f.fbq=function(){n.callMethod?\n\t\tn.callMethod.apply(n,arguments):n.queue.push(arguments)};\n\t\tif(!f._fbq)f._fbq=n;n.push=n;n.loaded=!0;n.version='2.0';\n\t\tn.queue=[];t=b.createElement(e);t.async=!0;\n\t\tt.src=v;s=b.getElementsByTagName(e)[0];\n\t\ts.parentNode.insertBefore(t,s)}(window, document,'script',\n\t\t'https:\/\/connect.facebook.net\/en_US\/fbevents.js');\n\t\tfbq('consent', consent);\n\t\tfbq('init', '989222871864976');\n\t\tfbq('track', 'PageView');\n\t<\/script><script type=\"module\">\n\t\tvar consent=\"grant\";\n\t\t\/* The above code is parsing the JSON data from the local storage and storing it in a variable. *\/\n\t\t\tconst onetrustStorageConsent = JSON.parse(localStorage.getItem( 'consent_one_trust_bdc' ) );\n\t\t\t\/* Checking to see if the user has consented to the use of cookies.\n\t\t\t* If they have not, it is deleting the cookie.\n\t\t\t* This will comment for now, until further notice.\n\t\t\t*\/\n\t\t\t\/\/if ( onetrustStorageConsent.C0002 === false ) {\n\t\t\t\/\/\tdocument.cookie=\"_fbp=;expires=Thu, 01 Jan 2010 00:00:00 UTC; path=\/; domain=.boston.com\";\n\t\t\t\/\/}\n\t\t\t\/* Checking if the user has given consent for the cookie C0002.\n\t\t\t* If the user has given consent, the variable consent will be set to 'grant'.\n\t\t\t* If the user has not given consent,the variable consent will be set to 'revoke'.\n\t\t\t* Documentation https:\/\/developers.facebook.com\/docs\/meta-pixel\/implementation\/gdpr\n\t\t\t*\/\n\t\t\tif ( ( onetrustStorageConsent !== null ) && (onetrustStorageConsent.C0002 !== true ) ) {\n\t\t\t\tconsent=\"revoke\";\n\t\t\t}\n\t\t\t\t!function(f,b,e,v,n,t,s){if(f.fbq)return;n=f.fbq=function()\n\t\t{n.callMethod? n.callMethod.apply(n,arguments):n.queue.push(arguments)}\n\t\t;if(!f._fbq)f._fbq=n;\n\t\tn.push=n;n.loaded=!0;n.version='2.0';n.queue=[];t=b.createElement(e);t.async=!0;\n\t\tt.src=v;s=b.getElementsByTagName(e)[0];s.parentNode.insertBefore(t,s)}(window,\n\t\tdocument,'script','https:\/\/connect.facebook.net\/en_US\/fbevents.js');\n\t\tfbq('consent', consent);\n\t\tfbq('init', '813236348753005');\n\t\tfbq('track', \"PageView\");\n\t<\/script><br \/>\n<br \/><br \/>\n<br \/><a href=\"https:\/\/www.boston.com\/cars\/how-to\/2025\/01\/06\/car-doctor-fixing-cloudy-headlights-on-a-nearly-20-year-old-car\/\">Source link <\/a><\/p>","protected":false},"excerpt":{"rendered":"<p>Como fazer John Paul, m\u00e9dico automotivo da AAA Northeast, responde a uma pergunta de um leitor que procura uma solu\u00e7\u00e3o barata para far\u00f3is nublados. O Car Doctor responde a uma&hellip;<\/p>","protected":false},"author":1,"featured_media":88480,"comment_status":"closed","ping_status":"open","sticky":false,"template":"","format":"standard","meta":{"content-type":"","footnotes":""},"categories":[1],"tags":[],"class_list":["post-88479","post","type-post","status-publish","format-standard","has-post-thumbnail","hentry","category-uncategorized"],"_links":{"self":[{"href":"https:\/\/tvbrazilusa.com\/pt\/wp-json\/wp\/v2\/posts\/88479","targetHints":{"allow":["GET"]}}],"collection":[{"href":"https:\/\/tvbrazilusa.com\/pt\/wp-json\/wp\/v2\/posts"}],"about":[{"href":"https:\/\/tvbrazilusa.com\/pt\/wp-json\/wp\/v2\/types\/post"}],"author":[{"embeddable":true,"href":"https:\/\/tvbrazilusa.com\/pt\/wp-json\/wp\/v2\/users\/1"}],"replies":[{"embeddable":true,"href":"https:\/\/tvbrazilusa.com\/pt\/wp-json\/wp\/v2\/comments?post=88479"}],"version-history":[{"count":1,"href":"https:\/\/tvbrazilusa.com\/pt\/wp-json\/wp\/v2\/posts\/88479\/revisions"}],"predecessor-version":[{"id":88481,"href":"https:\/\/tvbrazilusa.com\/pt\/wp-json\/wp\/v2\/posts\/88479\/revisions\/88481"}],"wp:featuredmedia":[{"embeddable":true,"href":"https:\/\/tvbrazilusa.com\/pt\/wp-json\/wp\/v2\/media\/88480"}],"wp:attachment":[{"href":"https:\/\/tvbrazilusa.com\/pt\/wp-json\/wp\/v2\/media?parent=88479"}],"wp:term":[{"taxonomy":"category","embeddable":true,"href":"https:\/\/tvbrazilusa.com\/pt\/wp-json\/wp\/v2\/categories?post=88479"},{"taxonomy":"post_tag","embeddable":true,"href":"https:\/\/tvbrazilusa.com\/pt\/wp-json\/wp\/v2\/tags?post=88479"}],"curies":[{"name":"wp","href":"https:\/\/api.w.org\/{rel}","templated":true}]}}