{"id":88482,"date":"2025-01-07T00:42:16","date_gmt":"2025-01-07T00:42:16","guid":{"rendered":"https:\/\/tvbrazilusa.com\/2025\/01\/07\/homem-cai-de-cachoeira-e-mobiliza-resgate-ha-70-metros-de-altura-veja-video\/"},"modified":"2025-01-07T00:42:18","modified_gmt":"2025-01-07T00:42:18","slug":"homem-cai-de-cachoeira-e-mobiliza-resgate-ha-70-metros-de-altura-veja-video","status":"publish","type":"post","link":"https:\/\/tvbrazilusa.com\/pt\/2025\/01\/07\/homem-cai-de-cachoeira-e-mobiliza-resgate-ha-70-metros-de-altura-veja-video\/","title":{"rendered":"Homem cai de cachoeira e mobiliza resgate h\u00e1 70 metros de altura; VEJA V\u00cdDEO"},"content":{"rendered":"<p> <script async src=\"https:\/\/pagead2.googlesyndication.com\/pagead\/js\/adsbygoogle.js?client=ca-pub-8864793242727901\"\r\n     crossorigin=\"anonymous\"><\/script><br \/>\n<\/p>\n<div id=\"taboola-read-more\" style=\"display:block; width:100%\">\n<p>Um homem de 47 anos foi resgatado ap\u00f3s cair de uma altura de cerca de 10 metros na cachoeira da &#8220;Garganta do Diabo&#8221;, situada entre os pared\u00f5es de um c\u00e2nion em Lages, na Serra de Santa Catarina. O acidente ocorreu enquanto ele praticava canoagem, conforme informado pelo Corpo de Bombeiros.\n<\/p>\n<p>O resgate aconteceu no s\u00e1bado (4) e envolveu a colabora\u00e7\u00e3o do helic\u00f3ptero \u00c1guia da Pol\u00edcia Militar e equipes de bombeiros. Para retirar o homem do local, os socorristas lan\u00e7aram um cabo a 70 metros de dist\u00e2ncia do ponto do acidente, que foi preso \u00e0 aeronave, permitindo o i\u00e7amento da v\u00edtima.<\/p>\n<p>A v\u00edtima foi imobilizada e avaliada no local, mas n\u00e3o apresentava ferimentos vis\u00edveis. Durante o resgate, o helic\u00f3ptero passou bem perto dos pared\u00f5es da regi\u00e3o.\n<\/p>\n<p><strong>ASSISTA:<\/strong>\n<\/p>\n<p>Fonte: @jovempannews \/ Instagram              <\/p>\n<\/div>\n<p><br \/>\n<br \/><a href=\"https:\/\/diariodobrasilnoticias.com.br\/noticia\/homem-cai-de-cachoeira-e-mobiliza-resgate-ha-70-metros-de-altura-veja-video-677c3e9f4601f\">Source link <\/a><\/p>","protected":false},"excerpt":{"rendered":"<p>Um homem de 47 anos foi resgatado ap\u00f3s cair de uma altura de cerca de 10 metros na cachoeira da &#8220;Garganta do Diabo&#8221;, situada entre os pared\u00f5es de um c\u00e2nion&hellip;<\/p>","protected":false},"author":1,"featured_media":88483,"comment_status":"closed","ping_status":"open","sticky":false,"template":"","format":"standard","meta":{"content-type":"","footnotes":""},"categories":[16],"tags":[123,2448,5313,1267],"class_list":["post-88482","post","type-post","status-publish","format-standard","has-post-thumbnail","hentry","category-noticias","tag-brasil","tag-diario","tag-noticia","tag-noticias"],"_links":{"self":[{"href":"https:\/\/tvbrazilusa.com\/pt\/wp-json\/wp\/v2\/posts\/88482","targetHints":{"allow":["GET"]}}],"collection":[{"href":"https:\/\/tvbrazilusa.com\/pt\/wp-json\/wp\/v2\/posts"}],"about":[{"href":"https:\/\/tvbrazilusa.com\/pt\/wp-json\/wp\/v2\/types\/post"}],"author":[{"embeddable":true,"href":"https:\/\/tvbrazilusa.com\/pt\/wp-json\/wp\/v2\/users\/1"}],"replies":[{"embeddable":true,"href":"https:\/\/tvbrazilusa.com\/pt\/wp-json\/wp\/v2\/comments?post=88482"}],"version-history":[{"count":1,"href":"https:\/\/tvbrazilusa.com\/pt\/wp-json\/wp\/v2\/posts\/88482\/revisions"}],"predecessor-version":[{"id":88484,"href":"https:\/\/tvbrazilusa.com\/pt\/wp-json\/wp\/v2\/posts\/88482\/revisions\/88484"}],"wp:featuredmedia":[{"embeddable":true,"href":"https:\/\/tvbrazilusa.com\/pt\/wp-json\/wp\/v2\/media\/88483"}],"wp:attachment":[{"href":"https:\/\/tvbrazilusa.com\/pt\/wp-json\/wp\/v2\/media?parent=88482"}],"wp:term":[{"taxonomy":"category","embeddable":true,"href":"https:\/\/tvbrazilusa.com\/pt\/wp-json\/wp\/v2\/categories?post=88482"},{"taxonomy":"post_tag","embeddable":true,"href":"https:\/\/tvbrazilusa.com\/pt\/wp-json\/wp\/v2\/tags?post=88482"}],"curies":[{"name":"wp","href":"https:\/\/api.w.org\/{rel}","templated":true}]}}