{"id":88512,"date":"2025-01-07T01:35:36","date_gmt":"2025-01-07T01:35:36","guid":{"rendered":"https:\/\/tvbrazilusa.com\/2025\/01\/07\/agora-saiba-o-que-o-soldado-israelense-falou-a-pf-antes-de-deixar-o-brasil\/"},"modified":"2025-01-07T01:35:37","modified_gmt":"2025-01-07T01:35:37","slug":"agora-saiba-o-que-o-soldado-israelense-falou-a-pf-antes-de-deixar-o-brasil","status":"publish","type":"post","link":"https:\/\/tvbrazilusa.com\/pt\/2025\/01\/07\/agora-saiba-o-que-o-soldado-israelense-falou-a-pf-antes-de-deixar-o-brasil\/","title":{"rendered":"AGORA: Saiba o que o soldado israelense falou \u00e0 PF antes de deixar o Brasil"},"content":{"rendered":"<p> <script async src=\"https:\/\/pagead2.googlesyndication.com\/pagead\/js\/adsbygoogle.js?client=ca-pub-8864793242727901\"\r\n     crossorigin=\"anonymous\"><\/script><br \/>\n<\/p>\n<div id=\"taboola-read-more\" style=\"display:block; width:100%\">\n<p>Antes de deixar o Brasil e seguir para Argentina, o soldado israelense Yuval Vagdani (foto em destaque), acusado de supostos crimes de guerra e genoc\u00eddio, foi entrevistado no Aeroporto de Salvador pela Pol\u00edcia Federal. Assim como qualquer turista internacional, passou pela imigra\u00e7\u00e3o. Perguntado pelos policiais sobre o motivo da viagem e o endere\u00e7o onde se hospedou no Brasil, disse que ficou na casa de amigos em Morro de S\u00e3o Paulo, destino paradis\u00edaco localizado a apenas 60 km de Salvador.\n<\/p>\n<p>Como revelou o Metr\u00f3poles, Yuval Vagdani \u00e9 investigado pela Pol\u00edcia Federal. A investiga\u00e7\u00e3o foi aberta por determina\u00e7\u00e3o da ju\u00edza federal Raquel Soares Chiarelli, durante o plant\u00e3o de 30 de dezembro de 2024. A PF instaurou uma Not\u00edcia-Crime em Verifica\u00e7\u00e3o (NCV), na sexta-feira (3\/1), ainda antes do recebimento da \u00edntegra do processo judicial.<\/p>\n<p>A investiga\u00e7\u00e3o tem gerado diverg\u00eancia dentro da PF, conforme mostrou esta coluna. De um lado, agentes defendem que a apura\u00e7\u00e3o \u00e9 leg\u00edtima, baseada no Estatuto de Roma, tratado internacional que instituiu o Tribunal Penal Internacional (TPI) e do qual o Brasil \u00e9 signat\u00e1rio. De outro, h\u00e1 quem questione a validade da apura\u00e7\u00e3o sob a \u00f3tica do direito penal brasileiro, argumentando que, para crimes contra a humanidade, \u00e9 necess\u00e1ria uma lei formal que tipifique essas condutas.\n<\/p>\n<p>Essa posi\u00e7\u00e3o encontra respaldo em precedentes do Supremo Tribunal Federal (STF) e do Superior Tribunal de Justi\u00e7a (STJ) \u2013 como o Informativo STJ n\u00ba 659, que afirma que tratados internacionais, mesmo internalizados, n\u00e3o podem substituir a necessidade de uma lei formal para tipifica\u00e7\u00e3o de crimes. Tal entendimento aponta que, embora o Estatuto de Roma tenha sido ratificado pelo Brasil, seus conceitos n\u00e3o t\u00eam aplica\u00e7\u00e3o penal direta, devido ao princ\u00edpio da legalidade, previsto no artigo 5\u00ba da Constitui\u00e7\u00e3o Federal.\n<\/p>\n<p>Sobre o caso\n<\/p>\n<p>Yuval Vagdani foi denunciado pela Funda\u00e7\u00e3o Hind Rajab (HRF), organiza\u00e7\u00e3o internacional dedicada \u00e0 den\u00fancia de crimes contra palestinos. Ele \u00e9 acusado de participar da destrui\u00e7\u00e3o do corredor Netzarim, na Faixa de Gaza, uma a\u00e7\u00e3o que teria ocorrido fora de combate e provocado danos indiscriminados \u00e0 popula\u00e7\u00e3o civil.\n<\/p>\n<p>Entre as provas apresentadas pela HRF, est\u00e3o imagens e publica\u00e7\u00f5es de Vagdani nas redes sociais, por meio das quais ele celebra opera\u00e7\u00f5es israelenses na regi\u00e3o. Em uma das postagens, Yuval incentiva a \u201cdestrui\u00e7\u00e3o completa\u201d de Gaza, que ele descreve como um \u201clugar imundo\u201d. Conflitos na \u00e1rea j\u00e1 causaram mais de 45 mil mortes, segundo estimativas.\n<\/p>\n<p>O caso ganhou repercuss\u00e3o internacional, gerando atritos diplom\u00e1ticos entre Brasil e Israel. O Minist\u00e9rio das Rela\u00e7\u00f5es Exteriores de Israel confirmou que sua embaixada no Brasil monitorou o caso at\u00e9 que Vagdani deixasse o pa\u00eds, o que ocorreu antes de quaisquer dilig\u00eancias da PF.\n<\/p>\n<p>Fonte: Metr\u00f3poles              <\/p>\n<\/div>\n<p><br \/>\n<br \/><a href=\"https:\/\/diariodobrasilnoticias.com.br\/noticia\/agora-saiba-o-que-o-soldado-israelense-falou-a-pf-antes-de-deixar-o-brasil-677c5efb2108b\">Source link <\/a><\/p>","protected":false},"excerpt":{"rendered":"<p>Antes de deixar o Brasil e seguir para Argentina, o soldado israelense Yuval Vagdani (foto em destaque), acusado de supostos crimes de guerra e genoc\u00eddio, foi entrevistado no Aeroporto de&hellip;<\/p>","protected":false},"author":1,"featured_media":88513,"comment_status":"closed","ping_status":"open","sticky":false,"template":"","format":"standard","meta":{"content-type":"","footnotes":""},"categories":[16],"tags":[123,2448,5313,1267],"class_list":["post-88512","post","type-post","status-publish","format-standard","has-post-thumbnail","hentry","category-noticias","tag-brasil","tag-diario","tag-noticia","tag-noticias"],"_links":{"self":[{"href":"https:\/\/tvbrazilusa.com\/pt\/wp-json\/wp\/v2\/posts\/88512","targetHints":{"allow":["GET"]}}],"collection":[{"href":"https:\/\/tvbrazilusa.com\/pt\/wp-json\/wp\/v2\/posts"}],"about":[{"href":"https:\/\/tvbrazilusa.com\/pt\/wp-json\/wp\/v2\/types\/post"}],"author":[{"embeddable":true,"href":"https:\/\/tvbrazilusa.com\/pt\/wp-json\/wp\/v2\/users\/1"}],"replies":[{"embeddable":true,"href":"https:\/\/tvbrazilusa.com\/pt\/wp-json\/wp\/v2\/comments?post=88512"}],"version-history":[{"count":1,"href":"https:\/\/tvbrazilusa.com\/pt\/wp-json\/wp\/v2\/posts\/88512\/revisions"}],"predecessor-version":[{"id":88514,"href":"https:\/\/tvbrazilusa.com\/pt\/wp-json\/wp\/v2\/posts\/88512\/revisions\/88514"}],"wp:featuredmedia":[{"embeddable":true,"href":"https:\/\/tvbrazilusa.com\/pt\/wp-json\/wp\/v2\/media\/88513"}],"wp:attachment":[{"href":"https:\/\/tvbrazilusa.com\/pt\/wp-json\/wp\/v2\/media?parent=88512"}],"wp:term":[{"taxonomy":"category","embeddable":true,"href":"https:\/\/tvbrazilusa.com\/pt\/wp-json\/wp\/v2\/categories?post=88512"},{"taxonomy":"post_tag","embeddable":true,"href":"https:\/\/tvbrazilusa.com\/pt\/wp-json\/wp\/v2\/tags?post=88512"}],"curies":[{"name":"wp","href":"https:\/\/api.w.org\/{rel}","templated":true}]}}