{"id":88523,"date":"2025-01-07T02:17:02","date_gmt":"2025-01-07T02:17:02","guid":{"rendered":"https:\/\/tvbrazilusa.com\/2025\/01\/07\/urgente-ministro-da-defesa-pede-pra-sair\/"},"modified":"2025-01-07T02:17:04","modified_gmt":"2025-01-07T02:17:04","slug":"urgente-ministro-da-defesa-pede-pra-sair","status":"publish","type":"post","link":"https:\/\/tvbrazilusa.com\/pt\/2025\/01\/07\/urgente-ministro-da-defesa-pede-pra-sair\/","title":{"rendered":"URGENTE: Ministro da Defesa pede pra sair"},"content":{"rendered":"<p> <script async src=\"https:\/\/pagead2.googlesyndication.com\/pagead\/js\/adsbygoogle.js?client=ca-pub-8864793242727901\"\r\n     crossorigin=\"anonymous\"><\/script><br \/>\n<\/p>\n<div id=\"taboola-read-more\" style=\"display:block; width:100%\">\n<p>O ministro da Defesa, Jos\u00e9 M\u00facio Monteiro, pediu para deixar o Minist\u00e9rio da Defesa em conversa que ele teve com o presidente Lula durante o final do ano. A conversa, no entanto, ainda n\u00e3o foi definitiva, conforme apurou O Antagonista junto a fontes militares.\n<\/p>\n<p>O presidente Lula ainda tenta convencer M\u00facio a ficar no cargo. Os dois devem conversar nos pr\u00f3ximos dias sobre a sa\u00edda definitiva do atual detentor do cargo.<\/p>\n<p>Conforme apurou este portal, o ministro da Defesa tem dito a pessoas pr\u00f3ximas que pretende descansar e cuidar da fam\u00edlia. A aliados, ele vem declarando que j\u00e1 cumpriu a sua miss\u00e3o \u00e0 frente da pasta, que era pacificar o pa\u00eds durante a transi\u00e7\u00e3o entre os governos Jair Bolsonaro e Lula.\n<\/p>\n<p>HAR<br \/>O ministro da Defesa, Jos\u00e9 M\u00facio Monteiro, pediu para deixar o Minist\u00e9rio da Defesa em conversa que ele teve com o presidente Lula durante o final do ano. A conversa, no entanto, ainda n\u00e3o foi definitiva, conforme apurou O Antagonista junto a fontes militares.\n<\/p>\n<p>O presidente Lula ainda tenta convencer M\u00facio a ficar no cargo. Os dois devem conversar nos pr\u00f3ximos dias sobre a sa\u00edda definitiva do atual detentor do cargo.\n<\/p>\n<p>Conforme apurou este portal, o ministro da Defesa tem dito a pessoas pr\u00f3ximas que pretende descansar e cuidar da fam\u00edlia. A aliados, ele vem declarando que j\u00e1 cumpriu a sua miss\u00e3o \u00e0 frente da pasta, que era pacificar o pa\u00eds durante a transi\u00e7\u00e3o entre os governos Jair Bolsonaro e Lula.\n<\/p>\n<p>O pedido de M\u00facio Monteiro deve desencadear o in\u00edcio de uma reforma ministerial no governo Lula. Como mostramos, o publicit\u00e1rio Sid\u00f4nio Palmeira deve assumir a Secom, mas a defini\u00e7\u00e3o ocorrer\u00e1 na quarta-feira desta semana.\n<\/p>\n<p>Leia mais: \u201cO dia \u2018D\u2019 de Sid\u00f4nio Palmeira\u201c\n<\/p>\n<p>\u201cDepende do presidente\u201d<br \/>Em dezembro do ano passado, M\u00facio j\u00e1 dava sinais de que pretendia deixar o governo, segundo revelou o jornal o Globo.\n<\/p>\n<p>Na ocasi\u00e3o, o ministro disse que a decis\u00e3o dependia \u201cdo presidente\u201d, ao dizer que Lula (PT) teria que ratificar a mudan\u00e7a.\n<\/p>\n<p>Para M\u00facio, o petista precisa encontrar algu\u00e9m com \u201cperfil\u201d paciente para substitui-lo no comando da pasta e de que deveria ser um nome de peso.\n<\/p>\n<p>Sid\u00f4nio Palmeira<br \/>Como mostramos, Lula ter\u00e1 uma conversa decisiva com o publicit\u00e1rio Sid\u00f4nio Palmeira (foto, abra\u00e7ado com o presidente) na pr\u00f3xima quarta-feira, 8, para definir os novos rumos da Secretaria de Comunica\u00e7\u00e3o da Presid\u00eancia da Rep\u00fablica.\n<\/p>\n<p>Seria ele o substituto do atual chefe da Secom, Paulo Pimenta, que vem sendo escanteado das suas fun\u00e7\u00f5es no Pal\u00e1cio do Planalto, conforme interlocutores do governo Lula ouvidos por O Antagonista.\n<\/p>\n<p>Sid\u00f4nio \u00e9 um dos convidados para a solenidade que foi convocada pelo Pal\u00e1cio do Planalto em alus\u00e3o aos atos de 8 de janeiro de 2023. Como tamb\u00e9m mostramos, a expectativa \u00e9 que o ato conte apenas com governadores considerados de esquerda, j\u00e1 que \u00e9 visto como uma a\u00e7\u00e3o meramente pol\u00edtica do governo Lula.\n<\/p>\n<p>Fonte: O Antagonista              <\/p>\n<\/div>\n<p><br \/>\n<br \/><a href=\"https:\/\/diariodobrasilnoticias.com.br\/noticia\/urgente-ministro-da-defesa-pede-pra-sair-677c638e273d8\">Source link <\/a><\/p>","protected":false},"excerpt":{"rendered":"<p>O ministro da Defesa, Jos\u00e9 M\u00facio Monteiro, pediu para deixar o Minist\u00e9rio da Defesa em conversa que ele teve com o presidente Lula durante o final do ano. A conversa,&hellip;<\/p>","protected":false},"author":1,"featured_media":88524,"comment_status":"closed","ping_status":"open","sticky":false,"template":"","format":"standard","meta":{"content-type":"","footnotes":""},"categories":[16],"tags":[123,2448,5313,1267],"class_list":["post-88523","post","type-post","status-publish","format-standard","has-post-thumbnail","hentry","category-noticias","tag-brasil","tag-diario","tag-noticia","tag-noticias"],"_links":{"self":[{"href":"https:\/\/tvbrazilusa.com\/pt\/wp-json\/wp\/v2\/posts\/88523","targetHints":{"allow":["GET"]}}],"collection":[{"href":"https:\/\/tvbrazilusa.com\/pt\/wp-json\/wp\/v2\/posts"}],"about":[{"href":"https:\/\/tvbrazilusa.com\/pt\/wp-json\/wp\/v2\/types\/post"}],"author":[{"embeddable":true,"href":"https:\/\/tvbrazilusa.com\/pt\/wp-json\/wp\/v2\/users\/1"}],"replies":[{"embeddable":true,"href":"https:\/\/tvbrazilusa.com\/pt\/wp-json\/wp\/v2\/comments?post=88523"}],"version-history":[{"count":1,"href":"https:\/\/tvbrazilusa.com\/pt\/wp-json\/wp\/v2\/posts\/88523\/revisions"}],"predecessor-version":[{"id":88525,"href":"https:\/\/tvbrazilusa.com\/pt\/wp-json\/wp\/v2\/posts\/88523\/revisions\/88525"}],"wp:featuredmedia":[{"embeddable":true,"href":"https:\/\/tvbrazilusa.com\/pt\/wp-json\/wp\/v2\/media\/88524"}],"wp:attachment":[{"href":"https:\/\/tvbrazilusa.com\/pt\/wp-json\/wp\/v2\/media?parent=88523"}],"wp:term":[{"taxonomy":"category","embeddable":true,"href":"https:\/\/tvbrazilusa.com\/pt\/wp-json\/wp\/v2\/categories?post=88523"},{"taxonomy":"post_tag","embeddable":true,"href":"https:\/\/tvbrazilusa.com\/pt\/wp-json\/wp\/v2\/tags?post=88523"}],"curies":[{"name":"wp","href":"https:\/\/api.w.org\/{rel}","templated":true}]}}