{"id":88526,"date":"2025-01-07T01:55:03","date_gmt":"2025-01-07T01:55:03","guid":{"rendered":"https:\/\/tvbrazilusa.com\/2025\/01\/07\/healey-ordena-inspecao-de-abrigos-estaduais-depois-que-homem-e-preso-com-arma-e-drogas-no-abrigo-revere\/"},"modified":"2025-01-07T02:22:20","modified_gmt":"2025-01-07T02:22:20","slug":"healey-ordena-inspecao-de-abrigos-estaduais-depois-que-homem-e-preso-com-arma-e-drogas-no-abrigo-revere","status":"publish","type":"post","link":"https:\/\/tvbrazilusa.com\/pt\/2025\/01\/07\/healey-ordena-inspecao-de-abrigos-estaduais-depois-que-homem-e-preso-com-arma-e-drogas-no-abrigo-revere\/","title":{"rendered":"Healey ordena inspe\u00e7\u00e3o de abrigos estaduais depois que homem \u00e9 preso com arma e drogas no abrigo Revere"},"content":{"rendered":"<p> <script async src=\"https:\/\/pagead2.googlesyndication.com\/pagead\/js\/adsbygoogle.js?client=ca-pub-8864793242727901\"\r\n     crossorigin=\"anonymous\"><\/script><br \/>\n<\/p>\n<div id=\"\">\n<header class=\"m-article-header m-article-header--standard\">\n\t\t\t\t\t\t\t\t\t\t\t\t<span id=\"article-header-primary-term\"><br \/>\n\t\t\t\t\t\t\t\t<a class=\"a-term a-term--primary\" href=\"https:\/\/www.boston.com\/tag\/local-news\/\"><\/p>\n<p>\t\t\t\t\t\t\t\tNot\u00edcias locais\t\t\t\t\t\t\t\t<\/a><br \/>\n\t\t\t\t\t\t\t<\/span><\/p>\n<h2 class=\"m-article-header__sub-headline\">\u201cOrdenei uma inspe\u00e7\u00e3o de todas as unidades de abrigo, come\u00e7ando pelo local de Revere, e uma revis\u00e3o completa de nossos processos de admiss\u00e3o.\u201d<\/h2>\n<figure class=\"a-photo m-article-header__photo\"><figcaption class=\"a-photo__caption\">\n<p>\tGovernadora Maura Healey. <em> Steven Senne\/AP<\/em>\t<\/figcaption><\/figure>\n<\/header>\n<p>A governadora Maura Healey est\u00e1 pedindo uma inspe\u00e7\u00e3o completa do sistema de abrigos estatal ap\u00f3s uma <a href=\"https:\/\/www.boston.com\/news\/crime\/2025\/01\/03\/man-arrested-revere-emergency-shelter-police-allegedly-found-assault-rifle-fentanyl\/\">Cidad\u00e3o dominicano teria sido encontrado<\/a> com um rifle AR-15 carregado e quilos de fentanil na semana passada em um hotel Revere que funcionava como abrigo de emerg\u00eancia.<\/p>\n<p>\u201c\u00c9 ultrajante que este indiv\u00edduo tenha aproveitado o nosso sistema de abrigo para se envolver em atividades criminosas\u201d, disse Healey num comunicado divulgado pelo seu escrit\u00f3rio. \u201cNossa administra\u00e7\u00e3o tem entrado em contato com as autoridades locais e com as autoridades federais de imigra\u00e7\u00e3o em rela\u00e7\u00e3o a este caso.\u201d<\/p>\n<p>Leonardo Andujar Sanchez, 28, foi preso em 27 de dezembro no Quality Inn na Morris Street em Revere, disse a pol\u00edcia de Revere. Ele foi acusado de 10 crimes com armas e drogas, incluindo tr\u00e1fico. Ele foi imediatamente retirado do abrigo, disseram autoridades estaduais, e foi detido sem fian\u00e7a na sexta-feira, de acordo com documentos judiciais. <\/p>\n<p>\u201cOrdenei uma inspe\u00e7\u00e3o de todas as unidades de abrigo, come\u00e7ando pelo local de Revere, e uma revis\u00e3o completa de nossos processos de admiss\u00e3o para determinar quaisquer medidas adicionais que possamos tomar para prevenir atividades criminosas em abrigos\u201d, disse Healey em comunicado na segunda-feira.<\/p>\n<p>Healey disse que seu governo tem mantido contato com as autoridades estaduais e federais. De acordo com a Imigra\u00e7\u00e3o e Alf\u00e2ndega dos EUA, Sanchez entrou no pa\u00eds ilegalmente \u201cem uma base <a href=\"https:\/\/www.ice.gov\/news\/releases\/ero-boston-identifies-lodges-immigration-detainer-against-dominican-national-accused\">data desconhecida em um local desconhecido<\/a> em algum momento do ano passado.\u201d<\/p>\n<p>A declara\u00e7\u00e3o de Healey culpou, em parte, o governo federal pela sua ina\u00e7\u00e3o em rela\u00e7\u00e3o \u00e0 imigra\u00e7\u00e3o, <a href=\"https:\/\/www.boston.com\/news\/politics\/2024\/11\/08\/massachusetts-governor-maura-healey-state-wont-cooperate-mass-deportations\/\">ecoando<\/a> <a href=\"https:\/\/www.boston.com\/news\/politics\/2024\/06\/05\/healey-says-she-is-behind-bidens-asylum-ban-breaking-from-other-high-profile-mass-democrats\/\">m\u00faltiplo<\/a> declara\u00e7\u00f5es anteriores sobre o papel do Congresso.<\/p>\n<p>\u201cIsto sublinha ainda mais o nosso sistema federal de imigra\u00e7\u00e3o falido e a necessidade urgente de o Congresso e a Casa Branca agirem sobre um projeto de lei de seguran\u00e7a fronteiri\u00e7a para impedir que criminosos entrem nas nossas comunidades\u201d, continuou a sua declara\u00e7\u00e3o. \u201cO povo de Massachusetts n\u00e3o deveria continuar a ter que lidar com os impactos da ina\u00e7\u00e3o federal.\u201d<\/p>\n<p>Sanchez \u00e9 pelo menos o segundo infrator a ser preso nos sistemas de abrigo estaduais. Cory Alvarez, do Haiti, <a href=\"https:\/\/www.boston.com\/news\/crime\/2024\/05\/22\/man-accused-of-child-rape-at-migrant-shelter-indicted\/\">foi indiciado por estupro<\/a> uma menina de 15 anos em um abrigo em Rockland em maio do ano passado.<\/p>\n<p>A presidente do MassGOP, Amy Carnevale, divulgou um comunicado criticando a administra\u00e7\u00e3o de Healey pela \u201cflagrante supervis\u00e3o\u201d.<\/p>\n<p>\u201cA crise migrat\u00f3ria transformou-se numa cat\u00e1strofe financeira, num desastre humanit\u00e1rio e numa grave amea\u00e7a \u00e0 seguran\u00e7a p\u00fablica\u201d, disse Carnevale. <a href=\"https:\/\/massgop.com\/massgop-demands-accountability-for-state-funded-crime-illegal-immigrant-found-in-shelter-with-firearms-and-1-million-in-fentanyl\">disse<\/a>. \u201cOs residentes de Massachusetts merecem respostas e os democratas precisam deixar o partidarismo de lado e trabalhar com os republicanos em solu\u00e7\u00f5es.\u201d<\/p>\n<div class=\"o-author-single has-avatar\">\n<header class=\"m-author-card\">\n<div class=\"a-image a-image--square m-author-card__image\">\n\t\t<img decoding=\"async\" class=\"\" src=\"https:\/\/www.boston.com\/wp-content\/uploads\/2024\/10\/cropped-molly-farrar-6707200226887-6707200bea6c0-242x242.jpg\" alt=\"Imagem do perfil de Molly Farrar\"\/>\t<\/div>\n<\/header>\n<section class=\"author-info\">\n<div class=\"m-author__section\">\n<p>Molly Farrar \u00e9 rep\u00f3rter geral do Boston.com, com foco em educa\u00e7\u00e3o, pol\u00edtica, crime e muito mais.<\/p>\n<\/div>\n<\/section>\n<\/div>\n<div class=\"m-block m-generic-cta\t m-generic-cta--post-content\t m-generic-cta--dark\t m-generic-cta--homepage\t m-generic-cta--email-signup\t\t m-generic-cta-block-style--default \tt-amp__generic-cta\"><\/p>\n<div class=\"m-generic-cta__wrap\">\n<div class=\"m-generic-cta__content\">\n<h3 class=\"m-generic-cta__title\">Boston.com hoje<\/h3>\n<p class=\"m-generic-cta__subtitle\">Inscreva-se para receber as \u00faltimas manchetes em sua caixa de entrada todas as manh\u00e3s.<\/p>\n<\/p><\/div>\n<\/p><\/div>\n<\/div><\/div>\n<p><script>\n\t\tvar consent=\"grant\";\n\t\t\/* The above code is parsing the JSON data from the local storage and storing it in a variable. *\/\n\t\t\t\t\tconst onetrustStorageConsent = JSON.parse(localStorage.getItem( 'consent_one_trust_bdc' ) );\n\t\t\tif ( ( onetrustStorageConsent !== null ) ) {\n\t\t\t\t\/* Checking to see if the user has consented to the use of cookies.\n\t\t\t\t* If they have not, it is deleting the cookie.\n\t\t\t\t* This will comment for now, until further notice.\n\t\t\t\t*\/\n\t\t\t\t\/\/if ( onetrustStorageConsent.C0002 === false ) {\n\t\t\t\t\/\/\tdocument.cookie=\"_fbp=;expires=Thu, 01 Jan 2010 00:00:00 UTC; path=\/; domain=.boston.com\";\n\t\t\t\t\/\/}\n\t\t\t\t\/* Checking if the user has given consent for the cookie C0002.\n\t\t\t\t* If the user has given consent, the variable consent will be set to 'grant'.\n\t\t\t\t* If the user has not given consent,the variable consent will be set to 'revoke'.\n\t\t\t\t* Documentation https:\/\/developers.facebook.com\/docs\/meta-pixel\/implementation\/gdpr\n\t\t\t\t*\/\n\t\t\t\tif ( onetrustStorageConsent.C0002 !== true ) {\n\t\t\t\t\tconsent=\"revoke\";\n\t\t\t\t}\n\t\t\t}\n\t\t\t\t!function(f,b,e,v,n,t,s)\n\t\t{if(f.fbq)return;n=f.fbq=function(){n.callMethod?\n\t\tn.callMethod.apply(n,arguments):n.queue.push(arguments)};\n\t\tif(!f._fbq)f._fbq=n;n.push=n;n.loaded=!0;n.version='2.0';\n\t\tn.queue=[];t=b.createElement(e);t.async=!0;\n\t\tt.src=v;s=b.getElementsByTagName(e)[0];\n\t\ts.parentNode.insertBefore(t,s)}(window, document,'script',\n\t\t'https:\/\/connect.facebook.net\/en_US\/fbevents.js');\n\t\tfbq('consent', consent);\n\t\tfbq('init', '989222871864976');\n\t\tfbq('track', 'PageView');\n\t<\/script><script type=\"module\">\n\t\tvar consent=\"grant\";\n\t\t\/* The above code is parsing the JSON data from the local storage and storing it in a variable. *\/\n\t\t\tconst onetrustStorageConsent = JSON.parse(localStorage.getItem( 'consent_one_trust_bdc' ) );\n\t\t\t\/* Checking to see if the user has consented to the use of cookies.\n\t\t\t* If they have not, it is deleting the cookie.\n\t\t\t* This will comment for now, until further notice.\n\t\t\t*\/\n\t\t\t\/\/if ( onetrustStorageConsent.C0002 === false ) {\n\t\t\t\/\/\tdocument.cookie=\"_fbp=;expires=Thu, 01 Jan 2010 00:00:00 UTC; path=\/; domain=.boston.com\";\n\t\t\t\/\/}\n\t\t\t\/* Checking if the user has given consent for the cookie C0002.\n\t\t\t* If the user has given consent, the variable consent will be set to 'grant'.\n\t\t\t* If the user has not given consent,the variable consent will be set to 'revoke'.\n\t\t\t* Documentation https:\/\/developers.facebook.com\/docs\/meta-pixel\/implementation\/gdpr\n\t\t\t*\/\n\t\t\tif ( ( onetrustStorageConsent !== null ) && (onetrustStorageConsent.C0002 !== true ) ) {\n\t\t\t\tconsent=\"revoke\";\n\t\t\t}\n\t\t\t\t!function(f,b,e,v,n,t,s){if(f.fbq)return;n=f.fbq=function()\n\t\t{n.callMethod? n.callMethod.apply(n,arguments):n.queue.push(arguments)}\n\t\t;if(!f._fbq)f._fbq=n;\n\t\tn.push=n;n.loaded=!0;n.version='2.0';n.queue=[];t=b.createElement(e);t.async=!0;\n\t\tt.src=v;s=b.getElementsByTagName(e)[0];s.parentNode.insertBefore(t,s)}(window,\n\t\tdocument,'script','https:\/\/connect.facebook.net\/en_US\/fbevents.js');\n\t\tfbq('consent', consent);\n\t\tfbq('init', '813236348753005');\n\t\tfbq('track', \"PageView\");\n\t<\/script><br \/>\n<br \/><br \/>\n<br \/><a href=\"https:\/\/www.boston.com\/news\/local-news\/2025\/01\/06\/healey-orders-inspection-of-state-shelters-after-man-arrested-with-weapon-drugs-at-revere-shelter\/\">Source link <\/a><\/p>","protected":false},"excerpt":{"rendered":"<p>Not\u00edcias locais \u201cOrdenei uma inspe\u00e7\u00e3o de todas as unidades de abrigo, come\u00e7ando pelo local de Revere, e uma revis\u00e3o completa de nossos processos de admiss\u00e3o.\u201d Governadora Maura Healey. Steven Senne\/AP&hellip;<\/p>","protected":false},"author":1,"featured_media":77397,"comment_status":"closed","ping_status":"open","sticky":false,"template":"","format":"standard","meta":{"content-type":"","footnotes":""},"categories":[1],"tags":[],"class_list":["post-88526","post","type-post","status-publish","format-standard","has-post-thumbnail","hentry","category-uncategorized"],"_links":{"self":[{"href":"https:\/\/tvbrazilusa.com\/pt\/wp-json\/wp\/v2\/posts\/88526","targetHints":{"allow":["GET"]}}],"collection":[{"href":"https:\/\/tvbrazilusa.com\/pt\/wp-json\/wp\/v2\/posts"}],"about":[{"href":"https:\/\/tvbrazilusa.com\/pt\/wp-json\/wp\/v2\/types\/post"}],"author":[{"embeddable":true,"href":"https:\/\/tvbrazilusa.com\/pt\/wp-json\/wp\/v2\/users\/1"}],"replies":[{"embeddable":true,"href":"https:\/\/tvbrazilusa.com\/pt\/wp-json\/wp\/v2\/comments?post=88526"}],"version-history":[{"count":1,"href":"https:\/\/tvbrazilusa.com\/pt\/wp-json\/wp\/v2\/posts\/88526\/revisions"}],"predecessor-version":[{"id":88527,"href":"https:\/\/tvbrazilusa.com\/pt\/wp-json\/wp\/v2\/posts\/88526\/revisions\/88527"}],"wp:featuredmedia":[{"embeddable":true,"href":"https:\/\/tvbrazilusa.com\/pt\/wp-json\/wp\/v2\/media\/77397"}],"wp:attachment":[{"href":"https:\/\/tvbrazilusa.com\/pt\/wp-json\/wp\/v2\/media?parent=88526"}],"wp:term":[{"taxonomy":"category","embeddable":true,"href":"https:\/\/tvbrazilusa.com\/pt\/wp-json\/wp\/v2\/categories?post=88526"},{"taxonomy":"post_tag","embeddable":true,"href":"https:\/\/tvbrazilusa.com\/pt\/wp-json\/wp\/v2\/tags?post=88526"}],"curies":[{"name":"wp","href":"https:\/\/api.w.org\/{rel}","templated":true}]}}