{"id":88528,"date":"2025-01-07T02:29:22","date_gmt":"2025-01-07T02:29:22","guid":{"rendered":"https:\/\/tvbrazilusa.com\/2025\/01\/07\/lula-nao-representa-o-povo-brasileiro-diz-ministro-de-israel-sobre-investigacao-de-soldado\/"},"modified":"2025-01-07T02:29:24","modified_gmt":"2025-01-07T02:29:24","slug":"lula-nao-representa-o-povo-brasileiro-diz-ministro-de-israel-sobre-investigacao-de-soldado","status":"publish","type":"post","link":"https:\/\/tvbrazilusa.com\/pt\/2025\/01\/07\/lula-nao-representa-o-povo-brasileiro-diz-ministro-de-israel-sobre-investigacao-de-soldado\/","title":{"rendered":"&#8216;Lula n\u00e3o representa o povo brasileiro&#8217;, diz ministro de Israel sobre investiga\u00e7\u00e3o de soldado"},"content":{"rendered":"<p> <script async src=\"https:\/\/pagead2.googlesyndication.com\/pagead\/js\/adsbygoogle.js?client=ca-pub-8864793242727901\"\r\n     crossorigin=\"anonymous\"><\/script><br \/>\n<\/p>\n<div id=\"taboola-read-more\" style=\"display:block; width:100%\">\n<p>O ministro israelense de Assuntos da Di\u00e1spora e Combate ao Antissemitismo, Amichai Chikli (foto principal), voltou a criticar o presidente Luiz In\u00e1cio Lula da Silva no caso da investiga\u00e7\u00e3o aberta contra um soldado no Brasil. Chikli j\u00e1 tinha citado o petista ao escrever uma carta para o deputado federal Eduardo Bolsonaro (PL-SP) pedindo ajuda para denunciar a HRF (Hind Rajab Foudation), que pediu a pris\u00e3o do militar de Israel.\n<\/p>\n<p>\u201cGra\u00e7as \u00e0 ajuda de amigos do deputado Eduardo Bolsonaro, o mundo inteiro foi exposto a uma reportagem que causou agita\u00e7\u00e3o e envergonhou o regime hostil de Lula no Brasil. \u00c9 importante dizer: Lula n\u00e3o representa o povo brasileiro, que em sua maioria simpatiza com Israel e se op\u00f5e ao terrorismo\u201d, escreveu Chikli nas redes sociais.<\/p>\n<p>A reportagem a que o ministro israelense se refere diz respeito \u00e0 ONG HRF. A organiza\u00e7\u00e3o, que luta para responsabilizar o Estado de Israel em supostas viola\u00e7\u00f5es de direitos humanos contra os palestinos, entrou com uma a\u00e7\u00e3o contra o soldado israelense Yuval Vagdani, que estava de f\u00e9rias no Brasil.\n<\/p>\n<p>A Justi\u00e7a Federal do Distrito Federal, ent\u00e3o, determinou a apura\u00e7\u00e3o de supostos crimes de guerra do militar. Vagdani, em seguida, deixou o pa\u00eds.\n<\/p>\n<p>ONG seria liderada por apoiadores do terrorismo<br \/>De acordo com Amichai Chikli, um relat\u00f3rio de seu minist\u00e9rio revelvou que a Funda\u00e7\u00e3o Hind Rajab \u201c\u00e9 liderada por proeminentes apoiadores do terrorismo\u201d. Citou um de seus criadores, Diab Abu Jahja, de apoiar o Hezbollah e ter passado por treinamento militar no no L\u00edbano.\n<\/p>\n<p>\u201cEle elogiou o ataque terrorista assassino nas Torres G\u00eameas, que chamou de \u2018doce vingan\u00e7a\u2019\u201d, apontou Chikli. \u201cSeu parceiro Karim Hasson \u00e9 um negador em s\u00e9rie do Holocausto. Cerca de dois meses depois do massacre de Sheva, em outubro, ele escreveu que \u2018condena o Hamas por fazer apenas cem ref\u00e9ns israelenses, em vez de 500 ou 1.000\u2032\u201c, continuou.\n<\/p>\n<p>Antes de marcar Lula e Eduardo Bolsonaro na postagem, afirmou que Israel n\u00e3o ser\u00e1 dissuadido, n\u00e3o ficar\u00e1 em sil\u00eancio e n\u00e3o desistir\u00e1 da luta contra os terroristas.\n<\/p>\n<p>\u201cContinuaremos a expor a cara feia dos apoiantes do terrorismo e a perseguir qualquer pessoa que tente prejudicar os soldados das FDI e o Estado de Israel. A verdade est\u00e1 conosco &#8211; e vencer\u00e1\u201d, conclui.\n<\/p>\n<p>Fonte: R7              <\/p>\n<\/div>\n<p><br \/>\n<br \/><a href=\"https:\/\/diariodobrasilnoticias.com.br\/noticia\/-lula-nao-representa-o-povo-brasileiro-diz-ministro-de-israel-sobre-investigacao-de-soldado-677c64fa15362\">Source link <\/a><\/p>","protected":false},"excerpt":{"rendered":"<p>O ministro israelense de Assuntos da Di\u00e1spora e Combate ao Antissemitismo, Amichai Chikli (foto principal), voltou a criticar o presidente Luiz In\u00e1cio Lula da Silva no caso da investiga\u00e7\u00e3o aberta&hellip;<\/p>","protected":false},"author":1,"featured_media":88529,"comment_status":"closed","ping_status":"open","sticky":false,"template":"","format":"standard","meta":{"content-type":"","footnotes":""},"categories":[16],"tags":[123,2448,5313,1267],"class_list":["post-88528","post","type-post","status-publish","format-standard","has-post-thumbnail","hentry","category-noticias","tag-brasil","tag-diario","tag-noticia","tag-noticias"],"_links":{"self":[{"href":"https:\/\/tvbrazilusa.com\/pt\/wp-json\/wp\/v2\/posts\/88528","targetHints":{"allow":["GET"]}}],"collection":[{"href":"https:\/\/tvbrazilusa.com\/pt\/wp-json\/wp\/v2\/posts"}],"about":[{"href":"https:\/\/tvbrazilusa.com\/pt\/wp-json\/wp\/v2\/types\/post"}],"author":[{"embeddable":true,"href":"https:\/\/tvbrazilusa.com\/pt\/wp-json\/wp\/v2\/users\/1"}],"replies":[{"embeddable":true,"href":"https:\/\/tvbrazilusa.com\/pt\/wp-json\/wp\/v2\/comments?post=88528"}],"version-history":[{"count":1,"href":"https:\/\/tvbrazilusa.com\/pt\/wp-json\/wp\/v2\/posts\/88528\/revisions"}],"predecessor-version":[{"id":88530,"href":"https:\/\/tvbrazilusa.com\/pt\/wp-json\/wp\/v2\/posts\/88528\/revisions\/88530"}],"wp:featuredmedia":[{"embeddable":true,"href":"https:\/\/tvbrazilusa.com\/pt\/wp-json\/wp\/v2\/media\/88529"}],"wp:attachment":[{"href":"https:\/\/tvbrazilusa.com\/pt\/wp-json\/wp\/v2\/media?parent=88528"}],"wp:term":[{"taxonomy":"category","embeddable":true,"href":"https:\/\/tvbrazilusa.com\/pt\/wp-json\/wp\/v2\/categories?post=88528"},{"taxonomy":"post_tag","embeddable":true,"href":"https:\/\/tvbrazilusa.com\/pt\/wp-json\/wp\/v2\/tags?post=88528"}],"curies":[{"name":"wp","href":"https:\/\/api.w.org\/{rel}","templated":true}]}}