{"id":88534,"date":"2025-01-07T02:41:09","date_gmt":"2025-01-07T02:41:09","guid":{"rendered":"https:\/\/tvbrazilusa.com\/2025\/01\/07\/bolsonaro-se-pronuncia-sobre-a-renuncia-de-trudeau-no-canada\/"},"modified":"2025-01-07T02:41:11","modified_gmt":"2025-01-07T02:41:11","slug":"bolsonaro-se-pronuncia-sobre-a-renuncia-de-trudeau-no-canada","status":"publish","type":"post","link":"https:\/\/tvbrazilusa.com\/pt\/2025\/01\/07\/bolsonaro-se-pronuncia-sobre-a-renuncia-de-trudeau-no-canada\/","title":{"rendered":"Bolsonaro se pronuncia sobre a ren\u00fancia de Trudeau no Canad\u00e1"},"content":{"rendered":"<p> <script async src=\"https:\/\/pagead2.googlesyndication.com\/pagead\/js\/adsbygoogle.js?client=ca-pub-8864793242727901\"\r\n     crossorigin=\"anonymous\"><\/script><br \/>\n<\/p>\n<div id=\"taboola-read-more\" style=\"display:block; width:100%\">\n<p>O ex-presidente Jair Bolsonaro, que sempre fez cr\u00edticas ao governo de Justin Trudeau no Canad\u00e1, comentou em sua lista de WhatsApp sobre a ren\u00fancia do primeiro-ministro canadense.\n<\/p>\n<p>No aplicativo, Bolsonaro enviou um v\u00eddeo do encontro do G20 em 2019, quando acabou deixando Trudeau no v\u00e1cuo ap\u00f3s o canadense tentar cumpriment\u00e1-lo.<\/p>\n<p>Junto do v\u00eddeo, Bolsonaro indicou que considera a ren\u00fancia do primeiro-ministro do Canad\u00e1 como um sinal do \u201cefeito Donald Trump\u201d nos Estados Unidos. O novo presidente americano assume oficialmente em 20 de janeiro.\n<\/p>\n<p>\u201cTrudeau renuncia no Canad\u00e1. Efeito Donald Trump\u201d, escreveu Bolsonaro.\n<\/p>\n<p>Ren\u00fancia de Trudeau<br \/>Nesta segunda-feira (6\/1), Trudeau anunciou que renunciou ao cargo de primeiro-ministro do Canad\u00e1 ap\u00f3s nove anos no cargo. Ele permenecer\u00e1 no cargo at\u00e9 que seu partido escolha um novo nome.\n<\/p>\n<p>\u201cPretendo renunciar ao cargo de l\u00edder do partido, como primeiro-ministro, depois que o partido selecionar seu novo l\u00edder\u201d, disse Trudeau.\n<\/p>\n<p>Trudeau vem enfrentando uma s\u00e9rie de crises, que v\u00e3o desde as amea\u00e7as tarif\u00e1rias impostas pelo presidente eleito dos Estados Unidos (EUA), Donald Trump, at\u00e9 a ren\u00fancia de aliados importantes e pesquisas de opini\u00e3o desastrosas sobre sua gest\u00e3o.\n<\/p>\n<p>Fonte: Metr\u00f3poles              <\/p>\n<\/div>\n<p><br \/>\n<br \/><a href=\"https:\/\/diariodobrasilnoticias.com.br\/noticia\/bolsonaro-se-pronuncia-sobre-a-renuncia-de-trudeau-no-canada-677c5c031c890\">Source link <\/a><\/p>","protected":false},"excerpt":{"rendered":"<p>O ex-presidente Jair Bolsonaro, que sempre fez cr\u00edticas ao governo de Justin Trudeau no Canad\u00e1, comentou em sua lista de WhatsApp sobre a ren\u00fancia do primeiro-ministro canadense. No aplicativo, Bolsonaro&hellip;<\/p>","protected":false},"author":1,"featured_media":88535,"comment_status":"closed","ping_status":"open","sticky":false,"template":"","format":"standard","meta":{"content-type":"","footnotes":""},"categories":[16],"tags":[123,2448,5313,1267],"class_list":["post-88534","post","type-post","status-publish","format-standard","has-post-thumbnail","hentry","category-noticias","tag-brasil","tag-diario","tag-noticia","tag-noticias"],"_links":{"self":[{"href":"https:\/\/tvbrazilusa.com\/pt\/wp-json\/wp\/v2\/posts\/88534","targetHints":{"allow":["GET"]}}],"collection":[{"href":"https:\/\/tvbrazilusa.com\/pt\/wp-json\/wp\/v2\/posts"}],"about":[{"href":"https:\/\/tvbrazilusa.com\/pt\/wp-json\/wp\/v2\/types\/post"}],"author":[{"embeddable":true,"href":"https:\/\/tvbrazilusa.com\/pt\/wp-json\/wp\/v2\/users\/1"}],"replies":[{"embeddable":true,"href":"https:\/\/tvbrazilusa.com\/pt\/wp-json\/wp\/v2\/comments?post=88534"}],"version-history":[{"count":1,"href":"https:\/\/tvbrazilusa.com\/pt\/wp-json\/wp\/v2\/posts\/88534\/revisions"}],"predecessor-version":[{"id":88536,"href":"https:\/\/tvbrazilusa.com\/pt\/wp-json\/wp\/v2\/posts\/88534\/revisions\/88536"}],"wp:featuredmedia":[{"embeddable":true,"href":"https:\/\/tvbrazilusa.com\/pt\/wp-json\/wp\/v2\/media\/88535"}],"wp:attachment":[{"href":"https:\/\/tvbrazilusa.com\/pt\/wp-json\/wp\/v2\/media?parent=88534"}],"wp:term":[{"taxonomy":"category","embeddable":true,"href":"https:\/\/tvbrazilusa.com\/pt\/wp-json\/wp\/v2\/categories?post=88534"},{"taxonomy":"post_tag","embeddable":true,"href":"https:\/\/tvbrazilusa.com\/pt\/wp-json\/wp\/v2\/tags?post=88534"}],"curies":[{"name":"wp","href":"https:\/\/api.w.org\/{rel}","templated":true}]}}