{"id":88542,"date":"2025-01-07T03:10:05","date_gmt":"2025-01-07T03:10:05","guid":{"rendered":"https:\/\/tvbrazilusa.com\/2025\/01\/07\/urgente-guarda-civil-mata-secretario-adjunto-com-tiro-disparado-dentro-da-prefeitura-de-osasco\/"},"modified":"2025-01-07T03:10:07","modified_gmt":"2025-01-07T03:10:07","slug":"urgente-guarda-civil-mata-secretario-adjunto-com-tiro-disparado-dentro-da-prefeitura-de-osasco","status":"publish","type":"post","link":"https:\/\/tvbrazilusa.com\/pt\/2025\/01\/07\/urgente-guarda-civil-mata-secretario-adjunto-com-tiro-disparado-dentro-da-prefeitura-de-osasco\/","title":{"rendered":"URGENTE: Guarda civil mata secret\u00e1rio-adjunto com tiro disparado dentro da prefeitura de Osasco"},"content":{"rendered":"<p> <script async src=\"https:\/\/pagead2.googlesyndication.com\/pagead\/js\/adsbygoogle.js?client=ca-pub-8864793242727901\"\r\n     crossorigin=\"anonymous\"><\/script><br \/>\n<\/p>\n<div>\n<figure class=\"post-image\">\n<\/figure>\n<p>            <span style=\"font-size: 12px\"> Foto: Reprodu\u00e7\u00e3o\/TV Globo<\/span><\/p>\n<p>            <!-- end metas --><br \/>\n            <!-- ADS --><\/p>\n<div id=\"taboola-read-more\" style=\"display:block; width:100%\">\n<p>Secret\u00e1rio-adjunto de Seguran\u00e7a da cidade de Osasco (SP), Adilson Cust\u00f3dio Moreira morreu nesta segunda-feira ap\u00f3s ser baleado por um guarda civil metropolitano dentro da sede da prefeitura. N\u00e3o h\u00e1 at\u00e9 o momento confirma\u00e7\u00e3o do n\u00famero de disparos efetuados, nem onde o secret\u00e1rio-adjunto foi atingido. A motiva\u00e7\u00e3o do crime tamb\u00e9m n\u00e3o est\u00e1 clara at\u00e9 o momento e deve ser alvo de investiga\u00e7\u00e3o.\n<\/p>\n<p>O autor dos tiros se entregou \u00e0 pol\u00edcia no in\u00edcio da noite ap\u00f3s negocia\u00e7\u00e3o com policiais do Gate, o Grupo de A\u00e7\u00f5es T\u00e1ticas Especiais da Pol\u00edcia Civil. De acordo com apura\u00e7\u00e3o da TV Globo, o agente teria participado de reuni\u00e3o com o secret\u00e1rio-adjunto durante a tarde junto a outros colegas da Guarda Civil Metropolitana, quanto teria se desentendido com Moreira e feito v\u00e1rios disparos.<\/p>\n<p>Os demais agentes que participavam da reuni\u00e3o correram do local e o autor do disparo se trancou na sala com o secret\u00e1rio-adjunto, onde o atirador permaneceu por cerca de duas horas, at\u00e9 se entregar. A sede da prefeitura foi evacuada durante as negocia\u00e7\u00f5es conduzidas pelo Gate, que n\u00e3o tinha informa\u00e7\u00f5es sobre o estado de sa\u00fade de Moreira.\n<\/p>\n<p>Em publica\u00e7\u00e3o nas redes sociais, o prefeito rec\u00e9m-empossado Gerson Pessoa (Podemos) lamentou a morte do servidor. &#8220;Estou consternado com essa situa\u00e7\u00e3o. Vamos acompanhar a fam\u00edlia do Moreira e oferecer todo o suporte necess\u00e1rio neste momento de dor&#8221;, escreveu.\n<\/p>\n<p>A prefeitura de Osasco informou que est\u00e1 preparando uma nota oficial sobre o epis\u00f3dio que ser\u00e1 divulgada a qualquer momento. A Secretaria de Seguran\u00e7a P\u00fablica (SSP) tamb\u00e9m disse que s\u00f3 se manifestar\u00e1 ap\u00f3s a conclus\u00e3o da ocorr\u00eancia.\n<\/p>\n<p>Fonte: Extra              <\/p>\n<\/div>\n<p>                        <!-- Scripts para conteudo --><\/p>\n<p>            <!-- .\/Scripts para conteudo --><br \/>\n            <!-- .\/Mat\u00e9ria --><\/p>\n<div class=\"row mt-3\">\n<div class=\"col-sm-6\">\n                <!-- Whatsapp channel 3--><br \/>\n                <a href=\"https:\/\/chat.whatsapp.com\/B8Qy6Erx4kb6yTzj3kaDco\" target=\"_blank\"><br \/>\n                  <img decoding=\"async\" src=\"https:\/\/diariodobrasilnoticias.com.br\/assets-site\/images\/bot_whatsapp.png\"\/><\/a>\n              <\/div>\n<div class=\"col-sm-6\">\n                <a href=\"https:\/\/t.me\/+_4gTmi5LKo03OTM5\" target=\"_blank\"><br \/>\n                  <img decoding=\"async\" src=\"https:\/\/diariodobrasilnoticias.com.br\/assets-site\/images\/bot_telegram.png\"\/><\/a>\n              <\/div>\n<\/p><\/div>\n<p>            <!-- end post-navigation --><\/p>\n<p>              <!-- end row --><\/p>\n<p>              <!-- end col-12-->\n                      <\/div>\n<p><br \/>\n<br \/><a href=\"https:\/\/diariodobrasilnoticias.com.br\/noticia\/urgente-guarda-civil-mata-secretario-adjunto-com-tiro-disparado-dentro-da-prefeitura-de-osasco-677c6aa72e5f3\">Source link <\/a><\/p>","protected":false},"excerpt":{"rendered":"<p>Foto: Reprodu\u00e7\u00e3o\/TV Globo Secret\u00e1rio-adjunto de Seguran\u00e7a da cidade de Osasco (SP), Adilson Cust\u00f3dio Moreira morreu nesta segunda-feira ap\u00f3s ser baleado por um guarda civil metropolitano dentro da sede da prefeitura.&hellip;<\/p>","protected":false},"author":1,"featured_media":88543,"comment_status":"closed","ping_status":"open","sticky":false,"template":"","format":"standard","meta":{"content-type":"","footnotes":""},"categories":[16],"tags":[123,2448,5313,1267],"class_list":["post-88542","post","type-post","status-publish","format-standard","has-post-thumbnail","hentry","category-noticias","tag-brasil","tag-diario","tag-noticia","tag-noticias"],"_links":{"self":[{"href":"https:\/\/tvbrazilusa.com\/pt\/wp-json\/wp\/v2\/posts\/88542","targetHints":{"allow":["GET"]}}],"collection":[{"href":"https:\/\/tvbrazilusa.com\/pt\/wp-json\/wp\/v2\/posts"}],"about":[{"href":"https:\/\/tvbrazilusa.com\/pt\/wp-json\/wp\/v2\/types\/post"}],"author":[{"embeddable":true,"href":"https:\/\/tvbrazilusa.com\/pt\/wp-json\/wp\/v2\/users\/1"}],"replies":[{"embeddable":true,"href":"https:\/\/tvbrazilusa.com\/pt\/wp-json\/wp\/v2\/comments?post=88542"}],"version-history":[{"count":1,"href":"https:\/\/tvbrazilusa.com\/pt\/wp-json\/wp\/v2\/posts\/88542\/revisions"}],"predecessor-version":[{"id":88544,"href":"https:\/\/tvbrazilusa.com\/pt\/wp-json\/wp\/v2\/posts\/88542\/revisions\/88544"}],"wp:featuredmedia":[{"embeddable":true,"href":"https:\/\/tvbrazilusa.com\/pt\/wp-json\/wp\/v2\/media\/88543"}],"wp:attachment":[{"href":"https:\/\/tvbrazilusa.com\/pt\/wp-json\/wp\/v2\/media?parent=88542"}],"wp:term":[{"taxonomy":"category","embeddable":true,"href":"https:\/\/tvbrazilusa.com\/pt\/wp-json\/wp\/v2\/categories?post=88542"},{"taxonomy":"post_tag","embeddable":true,"href":"https:\/\/tvbrazilusa.com\/pt\/wp-json\/wp\/v2\/tags?post=88542"}],"curies":[{"name":"wp","href":"https:\/\/api.w.org\/{rel}","templated":true}]}}