{"id":88559,"date":"2025-01-07T03:54:07","date_gmt":"2025-01-07T03:54:07","guid":{"rendered":"https:\/\/tvbrazilusa.com\/2025\/01\/07\/assista-o-que-vem-por-ai-para-os-patriots\/"},"modified":"2025-01-07T04:02:33","modified_gmt":"2025-01-07T04:02:33","slug":"assista-o-que-vem-por-ai-para-os-patriots","status":"publish","type":"post","link":"https:\/\/tvbrazilusa.com\/pt\/2025\/01\/07\/assista-o-que-vem-por-ai-para-os-patriots\/","title":{"rendered":"Assista: O que vem por a\u00ed para os Patriots?"},"content":{"rendered":"<script async src=\"https:\/\/pagead2.googlesyndication.com\/pagead\/js\/adsbygoogle.js?client=ca-pub-8864793242727901\"\r\n     crossorigin=\"anonymous\"><\/script>\n<p>O propriet\u00e1rio Robert Kraft demitiu o t\u00e9cnico Jerod Mayo ap\u00f3s uma temporada. O rep\u00f3rter Khari A. Thompson analisa a lista de quem poderia substitu\u00ed-lo.<\/p>\n<p>A postagem <a href=\"https:\/\/www.boston.com\/sports\/boston-globe-today\/2025\/01\/06\/watch-whats-next-for-patriots\/\">Assista: O que vem por a\u00ed para os Patriots?<\/a> apareceu primeiro em <a href=\"https:\/\/www.boston.com\">Boston.com<\/a>.<\/p>\n<p><br \/>\n<br \/><a href=\"https:\/\/www.boston.com\/sports\/boston-globe-today\/2025\/01\/06\/watch-whats-next-for-patriots\/\">Source link <\/a><\/p>","protected":false},"excerpt":{"rendered":"<p>O propriet\u00e1rio Robert Kraft demitiu o t\u00e9cnico Jerod Mayo ap\u00f3s uma temporada. O rep\u00f3rter Khari A. Thompson analisa a lista de quem poderia substitu\u00ed-lo. A postagem Assista: O que vem&hellip;<\/p>","protected":false},"author":1,"featured_media":88560,"comment_status":"closed","ping_status":"open","sticky":false,"template":"","format":"standard","meta":{"content-type":"","footnotes":""},"categories":[1],"tags":[],"class_list":["post-88559","post","type-post","status-publish","format-standard","has-post-thumbnail","hentry","category-uncategorized"],"_links":{"self":[{"href":"https:\/\/tvbrazilusa.com\/pt\/wp-json\/wp\/v2\/posts\/88559","targetHints":{"allow":["GET"]}}],"collection":[{"href":"https:\/\/tvbrazilusa.com\/pt\/wp-json\/wp\/v2\/posts"}],"about":[{"href":"https:\/\/tvbrazilusa.com\/pt\/wp-json\/wp\/v2\/types\/post"}],"author":[{"embeddable":true,"href":"https:\/\/tvbrazilusa.com\/pt\/wp-json\/wp\/v2\/users\/1"}],"replies":[{"embeddable":true,"href":"https:\/\/tvbrazilusa.com\/pt\/wp-json\/wp\/v2\/comments?post=88559"}],"version-history":[{"count":1,"href":"https:\/\/tvbrazilusa.com\/pt\/wp-json\/wp\/v2\/posts\/88559\/revisions"}],"predecessor-version":[{"id":88561,"href":"https:\/\/tvbrazilusa.com\/pt\/wp-json\/wp\/v2\/posts\/88559\/revisions\/88561"}],"wp:featuredmedia":[{"embeddable":true,"href":"https:\/\/tvbrazilusa.com\/pt\/wp-json\/wp\/v2\/media\/88560"}],"wp:attachment":[{"href":"https:\/\/tvbrazilusa.com\/pt\/wp-json\/wp\/v2\/media?parent=88559"}],"wp:term":[{"taxonomy":"category","embeddable":true,"href":"https:\/\/tvbrazilusa.com\/pt\/wp-json\/wp\/v2\/categories?post=88559"},{"taxonomy":"post_tag","embeddable":true,"href":"https:\/\/tvbrazilusa.com\/pt\/wp-json\/wp\/v2\/tags?post=88559"}],"curies":[{"name":"wp","href":"https:\/\/api.w.org\/{rel}","templated":true}]}}