{"id":88652,"date":"2025-01-07T14:05:21","date_gmt":"2025-01-07T14:05:21","guid":{"rendered":"https:\/\/tvbrazilusa.com\/2025\/01\/07\/viatura-da-policia-civil-passa-em-cruzamento-colide-com-onibus-e-capota-provocando-morte-veja-video\/"},"modified":"2025-01-07T14:05:22","modified_gmt":"2025-01-07T14:05:22","slug":"viatura-da-policia-civil-passa-em-cruzamento-colide-com-onibus-e-capota-provocando-morte-veja-video","status":"publish","type":"post","link":"https:\/\/tvbrazilusa.com\/pt\/2025\/01\/07\/viatura-da-policia-civil-passa-em-cruzamento-colide-com-onibus-e-capota-provocando-morte-veja-video\/","title":{"rendered":"Viatura da pol\u00edcia civil passa em cruzamento, colide com \u00f4nibus e capota provocando morte; Veja v\u00eddeo"},"content":{"rendered":"<p> <script async src=\"https:\/\/pagead2.googlesyndication.com\/pagead\/js\/adsbygoogle.js?client=ca-pub-8864793242727901\"\r\n     crossorigin=\"anonymous\"><\/script><br \/>\n<\/p>\n<div id=\"taboola-read-more\" style=\"display:block; width:100%\">\n<p>Uma viatura da Pol\u00edcia Civil do Rio Grande do Norte bateu em um \u00f4nibus, atingiu um poste e capotou na manh\u00e3 desta ter\u00e7a-feira (7) em Natal. Um preso que era conduzido pelos policiais na caminhonete morreu.\n<\/p>\n<p>O acidente aconteceu por volta das 6h no cruzamento da avenida Florian\u00f3polis com a rua Paranduva, no bairro Potengi, e envolveu um \u00f4nibus da linha N-64, operado pela empresa Guanabara.<\/p>\n<p>O Servi\u00e7o de Atendimento M\u00f3vel de Urg\u00eancia (Samu) foi acionado para prestar socorro aos ocupantes do ve\u00edculo, mas constatou o \u00f3bito de um deles.\n<\/p>\n<p>No \u00f4nibus, o motorista e os tr\u00eas passageiros n\u00e3o ficaram feridos. Um v\u00eddeo registrado por c\u00e2mera de seguran\u00e7a mostra a colis\u00e3o. Veja abaixo:\n<\/p>\n<div id=\"chunk-88tn2\">\n<p>Segundo a Pol\u00edcia Civil, na viatura estavam dois policiais civis, acompanhados de tr\u00eas conduzidos e uma v\u00edtima de viol\u00eancia dom\u00e9stica com um filho. Eles sa\u00edram de Parnamirim, na Grande Natal, em dire\u00e7\u00e3o \u00e0 Zona Norte.\n<\/p>\n<\/div>\n<div id=\"chunk-1him0\">\n<p>&#8220;Os dois policiais sofreram ferimentos leves e um dos presos faleceu. As investiga\u00e7\u00f5es acerca do acidente est\u00e3o em andamento&#8221;, informou a corpora\u00e7\u00e3o.\n<\/p>\n<\/div>\n<div id=\"chunk-78cah\">\n<p>Uma equipe da Pol\u00edcia Civil foi at\u00e9 o local e isolou a \u00e1rea. Segundo o motorista de \u00f4nibus Luciano Batista, ele trafegava pela rua Paranduva, quando a viatura cruzou a via em alta velocidade.\n<\/p>\n<div id=\"chunk-9cps1\">\n<p>&#8220;Eu vinha normalmente, em baixa velocidade, e ele (motorista da viatura) vinha em alta velocidade, sem dar condi\u00e7\u00f5es nenhuma de eu evitar. Ainda freei, mas bateu na traseira do carro deles e aconteceu essa trag\u00e9dia&#8221;, afirmou.\n<\/p>\n<\/div>\n<div id=\"chunk-4ikot\">\n<p>A Pol\u00edcia Rodovi\u00e1ria Estadual, que atendeu a ocorr\u00eancia, n\u00e3o deu informa\u00e7\u00f5es sobre a din\u00e2mica do acidente at\u00e9 a \u00faltima atualiza\u00e7\u00e3o desta reportagem.\n<\/p>\n<p>Fonte: g1\n<\/p>\n<\/div>\n<\/div><\/div>\n<p><br \/>\n<br \/><a href=\"https:\/\/diariodobrasilnoticias.com.br\/noticia\/viatura-da-policia-civil-passa-em-cruzamento-colide-com-onibus-e-capota-provocando-morte-veja-video-677d1f512bdd5\">Source link <\/a><\/p>","protected":false},"excerpt":{"rendered":"<p>Uma viatura da Pol\u00edcia Civil do Rio Grande do Norte bateu em um \u00f4nibus, atingiu um poste e capotou na manh\u00e3 desta ter\u00e7a-feira (7) em Natal. Um preso que era&hellip;<\/p>","protected":false},"author":1,"featured_media":88653,"comment_status":"closed","ping_status":"open","sticky":false,"template":"","format":"standard","meta":{"content-type":"","footnotes":""},"categories":[16],"tags":[123,2448,5313,1267],"class_list":["post-88652","post","type-post","status-publish","format-standard","has-post-thumbnail","hentry","category-noticias","tag-brasil","tag-diario","tag-noticia","tag-noticias"],"_links":{"self":[{"href":"https:\/\/tvbrazilusa.com\/pt\/wp-json\/wp\/v2\/posts\/88652","targetHints":{"allow":["GET"]}}],"collection":[{"href":"https:\/\/tvbrazilusa.com\/pt\/wp-json\/wp\/v2\/posts"}],"about":[{"href":"https:\/\/tvbrazilusa.com\/pt\/wp-json\/wp\/v2\/types\/post"}],"author":[{"embeddable":true,"href":"https:\/\/tvbrazilusa.com\/pt\/wp-json\/wp\/v2\/users\/1"}],"replies":[{"embeddable":true,"href":"https:\/\/tvbrazilusa.com\/pt\/wp-json\/wp\/v2\/comments?post=88652"}],"version-history":[{"count":1,"href":"https:\/\/tvbrazilusa.com\/pt\/wp-json\/wp\/v2\/posts\/88652\/revisions"}],"predecessor-version":[{"id":88654,"href":"https:\/\/tvbrazilusa.com\/pt\/wp-json\/wp\/v2\/posts\/88652\/revisions\/88654"}],"wp:featuredmedia":[{"embeddable":true,"href":"https:\/\/tvbrazilusa.com\/pt\/wp-json\/wp\/v2\/media\/88653"}],"wp:attachment":[{"href":"https:\/\/tvbrazilusa.com\/pt\/wp-json\/wp\/v2\/media?parent=88652"}],"wp:term":[{"taxonomy":"category","embeddable":true,"href":"https:\/\/tvbrazilusa.com\/pt\/wp-json\/wp\/v2\/categories?post=88652"},{"taxonomy":"post_tag","embeddable":true,"href":"https:\/\/tvbrazilusa.com\/pt\/wp-json\/wp\/v2\/tags?post=88652"}],"curies":[{"name":"wp","href":"https:\/\/api.w.org\/{rel}","templated":true}]}}