{"id":88655,"date":"2025-01-07T14:00:16","date_gmt":"2025-01-07T14:00:16","guid":{"rendered":"https:\/\/tvbrazilusa.com\/2025\/01\/07\/meta-substitui-a-verificacao-de-fatos-por-notas-da-comunidade-no-estilo-x\/"},"modified":"2025-01-07T14:12:13","modified_gmt":"2025-01-07T14:12:13","slug":"meta-substitui-a-verificacao-de-fatos-por-notas-da-comunidade-no-estilo-x","status":"publish","type":"post","link":"https:\/\/tvbrazilusa.com\/pt\/2025\/01\/07\/meta-substitui-a-verificacao-de-fatos-por-notas-da-comunidade-no-estilo-x\/","title":{"rendered":"Meta substitui a verifica\u00e7\u00e3o de fatos por notas da comunidade no estilo X"},"content":{"rendered":"<p> <script async src=\"https:\/\/pagead2.googlesyndication.com\/pagead\/js\/adsbygoogle.js?client=ca-pub-8864793242727901\"\r\n     crossorigin=\"anonymous\"><\/script><br \/>\n<\/p>\n<div id=\"\">\n<header class=\"m-article-header m-article-header--standard\">\n\t\t\t\t\t\t\t\t\t\t\t\t<span id=\"article-header-primary-term\"><br \/>\n\t\t\t\t\t\t\t\t<a class=\"a-term a-term--primary\" href=\"https:\/\/www.boston.com\/tag\/business\/\"><\/p>\n<p>\t\t\t\t\t\t\t\tNeg\u00f3cios\t\t\t\t\t\t\t\t<\/a><br \/>\n\t\t\t\t\t\t\t<\/span><\/p>\n<h2 class=\"m-article-header__sub-headline\">A partir dos EUA, a Meta encerrar\u00e1 seu programa de verifica\u00e7\u00e3o de fatos com terceiros independentes.<\/h2>\n<figure class=\"a-photo m-article-header__photo\"><figcaption class=\"a-photo__caption\">\n<p>\tMark Zuckerberg fala sobre os \u00f3culos Orion AR durante a confer\u00eancia Meta Connect em 25 de setembro de 2024, em Menlo Park, Calif\u00f3rnia. <em> AP Photo\/Godofredo A. V\u00e1squez, Arquivo<\/em>\t<\/figcaption><\/figure>\n<div class=\"m-article-header__meta\">\n<div class=\"m-article-header__byline\">\n<p class=\"m-article-header__author\">\n<p>\t\t\t\t\t\t\t\tPor Associated Press\t\t\t\t\t\t\t<\/p>\n<p>\t\t\t\t\t\t\t\t\t\t\t\t\t\t\t<time class=\"m-article-header__date\"><\/p>\n<p>\t\t\t\t\t\t\t\t\t7 de janeiro de 2025 | 9h\t\t\t\t\t\t\t\t<\/time><\/p>\n<p><span>1 minuto para ler<\/span><\/p>\n<\/p><\/div>\n<\/p><\/div>\n<\/header>\n<p>The Associated Press (AP) \u2013 Meta, propriet\u00e1ria do Facebook e Instagram, disse na ter\u00e7a-feira que est\u00e1 descartando seu programa de verifica\u00e7\u00e3o de fatos de terceiros e substituindo-o por um programa Community Notes escrito por usu\u00e1rios semelhante ao modelo usado pela plataforma de m\u00eddia social X de Elon Musk.<\/p>\n<p>A partir dos EUA, a Meta encerrar\u00e1 seu programa de verifica\u00e7\u00e3o de fatos com terceiros independentes. A empresa disse que decidiu encerrar o programa porque os verificadores de fatos especializados tinham seus pr\u00f3prios preconceitos e muito conte\u00fado acabou sendo verificado.<\/p>\n<p>Em vez disso, ele se transformar\u00e1 em um modelo de Notas da Comunidade que usa contribui\u00e7\u00f5es de verifica\u00e7\u00e3o de fatos de crowdsourcing dos usu\u00e1rios.<\/p>\n<p>\u201cVimos essa abordagem funcionar no X \u2013 onde eles capacitam sua comunidade a decidir quando as postagens s\u00e3o potencialmente enganosas e precisam de mais contexto\u201d, disse o diretor de assuntos globais da Meta, Joel Kaplan, em uma postagem no blog.<\/p>\n<p>A empresa de m\u00eddia social tamb\u00e9m disse que planeja permitir \u201cmais discurso\u201d, levantando algumas restri\u00e7\u00f5es sobre alguns t\u00f3picos que fazem parte da discuss\u00e3o principal, a fim de se concentrar em \u201cviola\u00e7\u00f5es ilegais e de alta gravidade\u201d, como terrorismo, explora\u00e7\u00e3o sexual infantil e drogas.<\/p>\n<p>Meta disse que sua abordagem de construir sistemas complexos para gerenciar conte\u00fado em suas plataformas \u201cfoi longe demais\u201d e cometeu \u201cmuitos erros\u201d ao censurar muito conte\u00fado.<\/p>\n<p>O CEO Mark Zuckerberg reconheceu que as mudan\u00e7as s\u00e3o em parte desencadeadas por eventos pol\u00edticos, incluindo a vit\u00f3ria de Donald Trump nas elei\u00e7\u00f5es presidenciais.<\/p>\n<p>\u201cAs recentes elei\u00e7\u00f5es tamb\u00e9m parecem um ponto de viragem cultural para mais uma vez dar prioridade ao discurso\u201d, disse Zuckerberg num v\u00eddeo online.<\/p>\n<p>O Conselho de Supervis\u00e3o quase independente da Meta, que foi criado para atuar como \u00e1rbitro em decis\u00f5es controversas de conte\u00fado, disse que acolheu bem as mudan\u00e7as e espera trabalhar com a empresa \u201cpara entender as mudan\u00e7as com mais detalhes, garantindo que sua nova abordagem possa ser t\u00e3o mais eficaz e amig\u00e1vel poss\u00edvel.\u201d<\/p>\n<div class=\"m-block m-generic-cta\t m-generic-cta--post-content\t m-generic-cta--dark\t m-generic-cta--homepage\t m-generic-cta--email-signup\t\t m-generic-cta-block-style--default \tt-amp__generic-cta\"><\/p>\n<div class=\"m-generic-cta__wrap\">\n<div class=\"m-generic-cta__content\">\n<h3 class=\"m-generic-cta__title\">Alertas extras de not\u00edcias<\/h3>\n<p class=\"m-generic-cta__subtitle\">Receba as \u00faltimas atualiza\u00e7\u00f5es conforme elas acontecem.<\/p>\n<\/p><\/div>\n<\/p><\/div>\n<\/div><\/div>\n<p><script>\n\t\tvar consent=\"grant\";\n\t\t\/* The above code is parsing the JSON data from the local storage and storing it in a variable. *\/\n\t\t\t\t\tconst onetrustStorageConsent = JSON.parse(localStorage.getItem( 'consent_one_trust_bdc' ) );\n\t\t\tif ( ( onetrustStorageConsent !== null ) ) {\n\t\t\t\t\/* Checking to see if the user has consented to the use of cookies.\n\t\t\t\t* If they have not, it is deleting the cookie.\n\t\t\t\t* This will comment for now, until further notice.\n\t\t\t\t*\/\n\t\t\t\t\/\/if ( onetrustStorageConsent.C0002 === false ) {\n\t\t\t\t\/\/\tdocument.cookie=\"_fbp=;expires=Thu, 01 Jan 2010 00:00:00 UTC; path=\/; domain=.boston.com\";\n\t\t\t\t\/\/}\n\t\t\t\t\/* Checking if the user has given consent for the cookie C0002.\n\t\t\t\t* If the user has given consent, the variable consent will be set to 'grant'.\n\t\t\t\t* If the user has not given consent,the variable consent will be set to 'revoke'.\n\t\t\t\t* Documentation https:\/\/developers.facebook.com\/docs\/meta-pixel\/implementation\/gdpr\n\t\t\t\t*\/\n\t\t\t\tif ( onetrustStorageConsent.C0002 !== true ) {\n\t\t\t\t\tconsent=\"revoke\";\n\t\t\t\t}\n\t\t\t}\n\t\t\t\t!function(f,b,e,v,n,t,s)\n\t\t{if(f.fbq)return;n=f.fbq=function(){n.callMethod?\n\t\tn.callMethod.apply(n,arguments):n.queue.push(arguments)};\n\t\tif(!f._fbq)f._fbq=n;n.push=n;n.loaded=!0;n.version='2.0';\n\t\tn.queue=[];t=b.createElement(e);t.async=!0;\n\t\tt.src=v;s=b.getElementsByTagName(e)[0];\n\t\ts.parentNode.insertBefore(t,s)}(window, document,'script',\n\t\t'https:\/\/connect.facebook.net\/en_US\/fbevents.js');\n\t\tfbq('consent', consent);\n\t\tfbq('init', '989222871864976');\n\t\tfbq('track', 'PageView');\n\t<\/script><script type=\"module\">\n\t\tvar consent=\"grant\";\n\t\t\/* The above code is parsing the JSON data from the local storage and storing it in a variable. *\/\n\t\t\tconst onetrustStorageConsent = JSON.parse(localStorage.getItem( 'consent_one_trust_bdc' ) );\n\t\t\t\/* Checking to see if the user has consented to the use of cookies.\n\t\t\t* If they have not, it is deleting the cookie.\n\t\t\t* This will comment for now, until further notice.\n\t\t\t*\/\n\t\t\t\/\/if ( onetrustStorageConsent.C0002 === false ) {\n\t\t\t\/\/\tdocument.cookie=\"_fbp=;expires=Thu, 01 Jan 2010 00:00:00 UTC; path=\/; domain=.boston.com\";\n\t\t\t\/\/}\n\t\t\t\/* Checking if the user has given consent for the cookie C0002.\n\t\t\t* If the user has given consent, the variable consent will be set to 'grant'.\n\t\t\t* If the user has not given consent,the variable consent will be set to 'revoke'.\n\t\t\t* Documentation https:\/\/developers.facebook.com\/docs\/meta-pixel\/implementation\/gdpr\n\t\t\t*\/\n\t\t\tif ( ( onetrustStorageConsent !== null ) && (onetrustStorageConsent.C0002 !== true ) ) {\n\t\t\t\tconsent=\"revoke\";\n\t\t\t}\n\t\t\t\t!function(f,b,e,v,n,t,s){if(f.fbq)return;n=f.fbq=function()\n\t\t{n.callMethod? n.callMethod.apply(n,arguments):n.queue.push(arguments)}\n\t\t;if(!f._fbq)f._fbq=n;\n\t\tn.push=n;n.loaded=!0;n.version='2.0';n.queue=[];t=b.createElement(e);t.async=!0;\n\t\tt.src=v;s=b.getElementsByTagName(e)[0];s.parentNode.insertBefore(t,s)}(window,\n\t\tdocument,'script','https:\/\/connect.facebook.net\/en_US\/fbevents.js');\n\t\tfbq('consent', consent);\n\t\tfbq('init', '813236348753005');\n\t\tfbq('track', \"PageView\");\n\t<\/script><br \/>\n<br \/><br \/>\n<br \/><a href=\"https:\/\/www.boston.com\/news\/business\/2025\/01\/07\/meta-replaces-fact-checking-with-x-style-community-notes\/\">Source link <\/a><\/p>","protected":false},"excerpt":{"rendered":"<p>Neg\u00f3cios A partir dos EUA, a Meta encerrar\u00e1 seu programa de verifica\u00e7\u00e3o de fatos com terceiros independentes. Mark Zuckerberg fala sobre os \u00f3culos Orion AR durante a confer\u00eancia Meta Connect&hellip;<\/p>","protected":false},"author":1,"featured_media":88656,"comment_status":"closed","ping_status":"open","sticky":false,"template":"","format":"standard","meta":{"content-type":"","footnotes":""},"categories":[1],"tags":[],"class_list":["post-88655","post","type-post","status-publish","format-standard","has-post-thumbnail","hentry","category-uncategorized"],"_links":{"self":[{"href":"https:\/\/tvbrazilusa.com\/pt\/wp-json\/wp\/v2\/posts\/88655","targetHints":{"allow":["GET"]}}],"collection":[{"href":"https:\/\/tvbrazilusa.com\/pt\/wp-json\/wp\/v2\/posts"}],"about":[{"href":"https:\/\/tvbrazilusa.com\/pt\/wp-json\/wp\/v2\/types\/post"}],"author":[{"embeddable":true,"href":"https:\/\/tvbrazilusa.com\/pt\/wp-json\/wp\/v2\/users\/1"}],"replies":[{"embeddable":true,"href":"https:\/\/tvbrazilusa.com\/pt\/wp-json\/wp\/v2\/comments?post=88655"}],"version-history":[{"count":1,"href":"https:\/\/tvbrazilusa.com\/pt\/wp-json\/wp\/v2\/posts\/88655\/revisions"}],"predecessor-version":[{"id":88657,"href":"https:\/\/tvbrazilusa.com\/pt\/wp-json\/wp\/v2\/posts\/88655\/revisions\/88657"}],"wp:featuredmedia":[{"embeddable":true,"href":"https:\/\/tvbrazilusa.com\/pt\/wp-json\/wp\/v2\/media\/88656"}],"wp:attachment":[{"href":"https:\/\/tvbrazilusa.com\/pt\/wp-json\/wp\/v2\/media?parent=88655"}],"wp:term":[{"taxonomy":"category","embeddable":true,"href":"https:\/\/tvbrazilusa.com\/pt\/wp-json\/wp\/v2\/categories?post=88655"},{"taxonomy":"post_tag","embeddable":true,"href":"https:\/\/tvbrazilusa.com\/pt\/wp-json\/wp\/v2\/tags?post=88655"}],"curies":[{"name":"wp","href":"https:\/\/api.w.org\/{rel}","templated":true}]}}