{"id":88658,"date":"2025-01-07T14:11:29","date_gmt":"2025-01-07T14:11:29","guid":{"rendered":"https:\/\/tvbrazilusa.com\/2025\/01\/07\/traga-ex-legislador-do-partido-republicano-trolls-trump-maga-para-prende-lo\/"},"modified":"2025-01-07T14:17:25","modified_gmt":"2025-01-07T14:17:25","slug":"traga-ex-legislador-do-partido-republicano-trolls-trump-maga-para-prende-lo","status":"publish","type":"post","link":"https:\/\/tvbrazilusa.com\/pt\/2025\/01\/07\/traga-ex-legislador-do-partido-republicano-trolls-trump-maga-para-prende-lo\/","title":{"rendered":"&#8216;Traga&#8217;, ex-legislador do Partido Republicano trolls Trump, MAGA para prend\u00ea-lo"},"content":{"rendered":"<script async src=\"https:\/\/pagead2.googlesyndication.com\/pagead\/js\/adsbygoogle.js?client=ca-pub-8864793242727901\"\r\n     crossorigin=\"anonymous\"><\/script>\n<div>\n<p class=\"article__paragraph article__paragraph--left\" id=\"XZSMAPZAINBGRLUI7HA26BXFXU\">Pode vir.<\/p>\n<p class=\"article__paragraph article__paragraph--left\" id=\"NQI6GI7FD5DA3C2HNSDP2IV5LU\">Essa \u00e9 a mensagem do ex-congressista republicano <a href=\"https:\/\/www.nj.com\/politics\/2024\/08\/former-gop-congressman-true-conservatism-has-been-replaced-with-a-cult.html\" target=\"_blank\">Adam Kinzinger<\/a> em meio a liga\u00e7\u00f5es do presidente eleito <a href=\"https:\/\/www.nj.com\/topic\/donald-trump\/\">Donald Trump<\/a> e seus apoiadores do MAGA que dizem que ele deveria ser processado e preso por seu papel no comit\u00ea do Congresso que investigou o violento motim no Capit\u00f3lio em 6 de janeiro.<\/p>\n<p class=\"article__paragraph article__paragraph--left\" id=\"UZZ3W4G2PVA75C5NSBV6KM2RCA\">Kinzinger investigou na ter\u00e7a-feira depois que um apoiador de Trump disse nas redes sociais que o novo presidente \u201cpoderia muito bem atend\u00ea-lo\u201d se Kinzinger recusasse o perd\u00e3o do presidente <a href=\"https:\/\/www.nj.com\/politics\/2024\/03\/in-battle-with-trump-biden-has-message-for-those-who-thought-hed-get-his-ass-kicked.html\">Joe Biden<\/a>. Kinzinger falou no \u201cThe Late Show with Stephen Colbert\u201d.<\/p>\n<p class=\"article__paragraph article__paragraph--left\" id=\"HADE4DV4Z5BRHMIMPXM237CUNY\"><b>Colberto<\/b>: Bernie Sanders diz que acha que Biden deveria oferecer perd\u00f5es preventivos a uma s\u00e9rie de pessoas diferentes, incluindo o comit\u00ea popular de 6 de janeiro. Eu sei que voc\u00ea disse na CNN, que Anderson Cooper lhe perguntou, \u00e0 queima-roupa, voc\u00ea aceitaria o perd\u00e3o se lhe fosse oferecido e sua resposta fosse?<\/p>\n<p class=\"article__paragraph article__paragraph--left\" id=\"V2NYUTLCVVBUBM6XIYSSZKOOGA\"><b>Kinzinger<\/b>: N\u00e3o. N\u00e3o.<\/p>\n<p class=\"article__paragraph article__paragraph--left\" id=\"PWYMEZD75REF7DC6LQRHLQ2BLI\"><b>Colberto<\/b>: Por que?<\/p>\n<p class=\"article__paragraph article__paragraph--left\" id=\"5V365TJ5TJCF7P23FJLFJUWRQU\"><b>Kinzinger<\/b>: Porque eu n\u00e3o fiz nada de errado. Quer dizer, olha, se Donald Trump quer vir atr\u00e1s de mim, voc\u00ea sabe, olha, eu quero que ele venha atr\u00e1s de mim? Claro que n\u00e3o. Mas se ele decidir faz\u00ea-lo, serei duas vezes mais chato para ele porque continuarei, da minha cela na pris\u00e3o, a lembrar ao povo americano que este n\u00e3o \u00e9 o pa\u00eds em que vivemos. que a Constitui\u00e7\u00e3o representa e continuarei a denunci\u00e1-lo, ent\u00e3o se esse \u00e9 o meu pr\u00f3ximo servi\u00e7o, \u00e9 faz\u00ea-lo de uma cela de pris\u00e3o, ok.<\/p>\n<p class=\"article__paragraph article__paragraph--left\" id=\"JKAF4XUHIJDBNMI4CMT4BUN2ME\">\u201c&#8217;Poderia muito bem agrad\u00e1-lo.&#8217; Traga. A hist\u00f3ria vai incendiar voc\u00ea\u201d, postou Kinzinger para X depois que algu\u00e9m pediu que ele fosse preso.<\/p>\n<p class=\"article__paragraph article__paragraph--left\" id=\"P7D5ED6T4ZDDHCL7L55RLJWXZM\">Trump disse que todos os membros do comit\u00e9 do Congresso de 6 de Janeiro deveriam \u201cir para a cadeia\u201d.<\/p>\n<p class=\"article__paragraph article__paragraph--left\" id=\"65QWBYNXJNDA7DZ4Z5C7JPFDVA\">O relat\u00f3rio final do comit\u00ea afirmou que Trump se envolveu criminalmente em uma \u201cconspira\u00e7\u00e3o multifacetada\u201d para anular os resultados legais das elei\u00e7\u00f5es presidenciais de 2020 e n\u00e3o agiu para impedir que seus apoiadores atacassem o Capit\u00f3lio, concluindo uma investiga\u00e7\u00e3o extraordin\u00e1ria de 18 meses sobre o ex-presidente. e a violenta insurrei\u00e7\u00e3o de h\u00e1 quatro anos.<\/p>\n<p class=\"article__paragraph article__paragraph--left\" id=\"FGTSEREUCBFCPLYWR353JFXZWI\">O relat\u00f3rio de 814 p\u00e1ginas divulgado foi divulgado depois de o painel ter entrevistado mais de 1.000 testemunhas, realizado 10 audi\u00eancias e obtido mais de um milh\u00e3o de p\u00e1ginas de documentos. As testemunhas \u2013 desde muitos dos assessores mais pr\u00f3ximos de Trump na aplica\u00e7\u00e3o da lei at\u00e9 alguns dos pr\u00f3prios manifestantes \u2013 detalharam as a\u00e7\u00f5es \u201cpremeditadas\u201d de Trump nas semanas anteriores ao ataque e como seus amplos esfor\u00e7os para reverter sua derrota influenciaram diretamente aqueles que pressionaram brutalmente passou pela pol\u00edcia e quebrou as janelas e portas do Capit\u00f3lio em 6 de janeiro de 2021.<\/p>\n<p class=\"article__paragraph article__paragraph--left\" id=\"SNVKG3SKN5CSXEUWIWGLA2RFYE\">A insurrei\u00e7\u00e3o amea\u00e7ou gravemente a democracia e \u201ccolocou em risco a vida dos legisladores americanos\u201d, concluiu o painel bipartid\u00e1rio de nove membros, oferecendo um relato definitivo de um cap\u00edtulo negro da hist\u00f3ria americana moderna. Funciona n\u00e3o apenas como um comp\u00eandio dos momentos mais dram\u00e1ticos de depoimentos de meses de audi\u00eancias, mas tamb\u00e9m como um documento que deve ser preservado como uma advert\u00eancia para as gera\u00e7\u00f5es futuras.<\/p>\n<p class=\"article__paragraph article__paragraph--left\" id=\"C2TRP37UQRAQFKPBHJMEJLIEXM\"><i>A Associated Press contribuiu para este relat\u00f3rio.<\/i><\/p>\n<section class=\"Stories-By-Author-module_wrapper__ezbcK Stories-By-Author-module_nj__Ap1-Y\"\/><\/div>\n<p><br \/>\n<br \/><a href=\"https:\/\/www.nj.com\/politics\/2025\/01\/bring-it-former-gop-lawmaker-trolls-trump-maga-to-lock-him-up.html\">Source link <\/a><\/p>","protected":false},"excerpt":{"rendered":"<p>Pode vir. Essa \u00e9 a mensagem do ex-congressista republicano Adam Kinzinger em meio a liga\u00e7\u00f5es do presidente eleito Donald Trump e seus apoiadores do MAGA que dizem que ele deveria&hellip;<\/p>","protected":false},"author":1,"featured_media":88659,"comment_status":"closed","ping_status":"open","sticky":false,"template":"","format":"standard","meta":{"content-type":"","footnotes":""},"categories":[1],"tags":[],"class_list":["post-88658","post","type-post","status-publish","format-standard","has-post-thumbnail","hentry","category-uncategorized"],"_links":{"self":[{"href":"https:\/\/tvbrazilusa.com\/pt\/wp-json\/wp\/v2\/posts\/88658","targetHints":{"allow":["GET"]}}],"collection":[{"href":"https:\/\/tvbrazilusa.com\/pt\/wp-json\/wp\/v2\/posts"}],"about":[{"href":"https:\/\/tvbrazilusa.com\/pt\/wp-json\/wp\/v2\/types\/post"}],"author":[{"embeddable":true,"href":"https:\/\/tvbrazilusa.com\/pt\/wp-json\/wp\/v2\/users\/1"}],"replies":[{"embeddable":true,"href":"https:\/\/tvbrazilusa.com\/pt\/wp-json\/wp\/v2\/comments?post=88658"}],"version-history":[{"count":1,"href":"https:\/\/tvbrazilusa.com\/pt\/wp-json\/wp\/v2\/posts\/88658\/revisions"}],"predecessor-version":[{"id":88660,"href":"https:\/\/tvbrazilusa.com\/pt\/wp-json\/wp\/v2\/posts\/88658\/revisions\/88660"}],"wp:featuredmedia":[{"embeddable":true,"href":"https:\/\/tvbrazilusa.com\/pt\/wp-json\/wp\/v2\/media\/88659"}],"wp:attachment":[{"href":"https:\/\/tvbrazilusa.com\/pt\/wp-json\/wp\/v2\/media?parent=88658"}],"wp:term":[{"taxonomy":"category","embeddable":true,"href":"https:\/\/tvbrazilusa.com\/pt\/wp-json\/wp\/v2\/categories?post=88658"},{"taxonomy":"post_tag","embeddable":true,"href":"https:\/\/tvbrazilusa.com\/pt\/wp-json\/wp\/v2\/tags?post=88658"}],"curies":[{"name":"wp","href":"https:\/\/api.w.org\/{rel}","templated":true}]}}