{"id":88661,"date":"2025-01-07T14:23:37","date_gmt":"2025-01-07T14:23:37","guid":{"rendered":"https:\/\/tvbrazilusa.com\/2025\/01\/07\/lula-deve-remover-paulo-pimenta-do-governo-ainda-esta-semana\/"},"modified":"2025-01-07T14:23:38","modified_gmt":"2025-01-07T14:23:38","slug":"lula-deve-remover-paulo-pimenta-do-governo-ainda-esta-semana","status":"publish","type":"post","link":"https:\/\/tvbrazilusa.com\/pt\/2025\/01\/07\/lula-deve-remover-paulo-pimenta-do-governo-ainda-esta-semana\/","title":{"rendered":"Lula deve remover Paulo Pimenta do governo ainda esta semana."},"content":{"rendered":"<p> <script async src=\"https:\/\/pagead2.googlesyndication.com\/pagead\/js\/adsbygoogle.js?client=ca-pub-8864793242727901\"\r\n     crossorigin=\"anonymous\"><\/script><br \/>\n<\/p>\n<div id=\"taboola-read-more\" style=\"display:block; width:100%\">\n<p>O presidente Luiz In\u00e1cio Lula da Silva (PT) se re\u00fane nesta ter\u00e7a-feira (07) com o publicit\u00e1rio Sid\u00f4nio Palmeira para discutir a poss\u00edvel substitui\u00e7\u00e3o de Paulo Pimenta \u00e0 frente da Secretaria de Comunica\u00e7\u00e3o Social (Secom).\n<\/p>\n<p>Palmeira, que foi marqueteiro de Lula durante a campanha de 2022, \u00e9 um dos principais nomes cotados para o cargo.<\/p>\n<p>Embora a troca na Secom esteja em pauta, fontes pr\u00f3ximas ao presidente indicaram ao site g1 que o futuro de Pimenta ainda \u00e9 indefinido.\u00a0A possibilidade de seu retorno \u00e0 C\u00e2mara dos Deputados \u00e9 considerada a mais prov\u00e1vel, com chances de ele assumir uma lideran\u00e7a no Legislativo.\n<\/p>\n<p>Em entrevista ao site g1, o ministro da Casa Civil, Rui Costa, destacou a necessidade de uma comunica\u00e7\u00e3o mais eficaz por parte do governo, especialmente no que diz respeito ao esfor\u00e7o fiscal e \u00e0 transpar\u00eancia das contas p\u00fablicas, temas que t\u00eam sido trabalhados desde 2023.\n<\/p>\n<p>Sid\u00f4nio Palmeira, mesmo antes de sua poss\u00edvel nomea\u00e7\u00e3o, j\u00e1 tem influenciado a postura do Governo Lula, adotando um tom de menos confronto com o mercado financeiro e enfatizando a necessidade de uma imagem de unidade entre os membros do Executivo.\n<\/p>\n<p>Ao longo de 2024, diverg\u00eancias internas entre ministros e disputas por poder no entorno de Lula se tornaram evidentes.<\/p>\n<p>Fonte: Gazeta Brasil              <\/p>\n<\/div>\n<p><br \/>\n<br \/><a href=\"https:\/\/diariodobrasilnoticias.com.br\/noticia\/lula-deve-remover-paulo-pimenta-do-governo-ainda-esta-semana-677d0fe2033de\">Source link <\/a><\/p>","protected":false},"excerpt":{"rendered":"<p>O presidente Luiz In\u00e1cio Lula da Silva (PT) se re\u00fane nesta ter\u00e7a-feira (07) com o publicit\u00e1rio Sid\u00f4nio Palmeira para discutir a poss\u00edvel substitui\u00e7\u00e3o de Paulo Pimenta \u00e0 frente da Secretaria&hellip;<\/p>","protected":false},"author":1,"featured_media":88662,"comment_status":"closed","ping_status":"open","sticky":false,"template":"","format":"standard","meta":{"content-type":"","footnotes":""},"categories":[16],"tags":[123,2448,5313,1267],"class_list":["post-88661","post","type-post","status-publish","format-standard","has-post-thumbnail","hentry","category-noticias","tag-brasil","tag-diario","tag-noticia","tag-noticias"],"_links":{"self":[{"href":"https:\/\/tvbrazilusa.com\/pt\/wp-json\/wp\/v2\/posts\/88661","targetHints":{"allow":["GET"]}}],"collection":[{"href":"https:\/\/tvbrazilusa.com\/pt\/wp-json\/wp\/v2\/posts"}],"about":[{"href":"https:\/\/tvbrazilusa.com\/pt\/wp-json\/wp\/v2\/types\/post"}],"author":[{"embeddable":true,"href":"https:\/\/tvbrazilusa.com\/pt\/wp-json\/wp\/v2\/users\/1"}],"replies":[{"embeddable":true,"href":"https:\/\/tvbrazilusa.com\/pt\/wp-json\/wp\/v2\/comments?post=88661"}],"version-history":[{"count":1,"href":"https:\/\/tvbrazilusa.com\/pt\/wp-json\/wp\/v2\/posts\/88661\/revisions"}],"predecessor-version":[{"id":88663,"href":"https:\/\/tvbrazilusa.com\/pt\/wp-json\/wp\/v2\/posts\/88661\/revisions\/88663"}],"wp:featuredmedia":[{"embeddable":true,"href":"https:\/\/tvbrazilusa.com\/pt\/wp-json\/wp\/v2\/media\/88662"}],"wp:attachment":[{"href":"https:\/\/tvbrazilusa.com\/pt\/wp-json\/wp\/v2\/media?parent=88661"}],"wp:term":[{"taxonomy":"category","embeddable":true,"href":"https:\/\/tvbrazilusa.com\/pt\/wp-json\/wp\/v2\/categories?post=88661"},{"taxonomy":"post_tag","embeddable":true,"href":"https:\/\/tvbrazilusa.com\/pt\/wp-json\/wp\/v2\/tags?post=88661"}],"curies":[{"name":"wp","href":"https:\/\/api.w.org\/{rel}","templated":true}]}}