{"id":88666,"date":"2025-01-07T14:35:33","date_gmt":"2025-01-07T14:35:33","guid":{"rendered":"https:\/\/tvbrazilusa.com\/2025\/01\/07\/brasileiro-e-condenado-na-guine-bissau-a-17-anos-por-trafico\/"},"modified":"2025-01-07T14:35:34","modified_gmt":"2025-01-07T14:35:34","slug":"brasileiro-e-condenado-na-guine-bissau-a-17-anos-por-trafico","status":"publish","type":"post","link":"https:\/\/tvbrazilusa.com\/pt\/2025\/01\/07\/brasileiro-e-condenado-na-guine-bissau-a-17-anos-por-trafico\/","title":{"rendered":"Brasileiro \u00e9 condenado na Guin\u00e9-Bissau a 17 anos por tr\u00e1fico"},"content":{"rendered":"<p> <script async src=\"https:\/\/pagead2.googlesyndication.com\/pagead\/js\/adsbygoogle.js?client=ca-pub-8864793242727901\"\r\n     crossorigin=\"anonymous\"><\/script><br \/>\n<\/p>\n<div id=\"taboola-read-more\" style=\"display:block; width:100%\">\n<p>Os cinco tripulantes de um avi\u00e3o detidos em setembro do ano passado na Guin\u00e9-Bissau com 2,6 toneladas de coca\u00edna \u2014 um brasileiro, dois mexicanos, um colombiano e um equatoriano \u2014 foram condenados a 17 anos de pris\u00e3o pela Justi\u00e7a do pa\u00eds africano.\n<\/p>\n<p>Segundo relatos da imprensa local, na noite desta segunda-feira (6) os magistrados do Tribunal Regional de Bissau, capital do pa\u00eds, consideraram os r\u00e9us culpados dos crimes de \u201ctr\u00e1fico de drogas\u201d e \u201cutiliza\u00e7\u00e3o il\u00edcita\u201d de aeronaves, mas decidiram absolv\u00ea-los do crime de \u201cassocia\u00e7\u00e3o criminosa\u201d.<\/p>\n<p>A leitura da senten\u00e7a estava originalmente marcada para 27 de dezembro, mas teve que ser adiada devido \u00e0 suposta falta de guardas prisionais e policiais para transportar os r\u00e9us, que permaneceram sob cust\u00f3dia policial desde sua pris\u00e3o.\n<\/p>\n<p>O r\u00e9u brasileiro n\u00e3o p\u00f4de comparecer \u00e0 leitura da senten\u00e7a por supostos problemas de sa\u00fade, argumento que os advogados de defesa usaram para requerer, sem sucesso, um novo adiamento da audi\u00eancia.\n<\/p>\n<p>O caso remonta a 7 de setembro de 2024, quando a Pol\u00edcia Judici\u00e1ria da Guin\u00e9-Bissau apreendeu 2.633,1 quilos de coca\u00edna a bordo de um avi\u00e3o procedente da Venezuela, em uma opera\u00e7\u00e3o que foi a maior apreens\u00e3o de drogas j\u00e1 registrada na hist\u00f3ria deste pequeno pa\u00eds insular da \u00c1frica Ocidental.\n<\/p>\n<p>Os agentes relataram ent\u00e3o que os 78 fardos de coca\u00edna interceptados estavam em uma aeronave Gulfstream IV no Aeroporto Internacional Osvaldo Vieira, em Bissau. A opera\u00e7\u00e3o foi realizada em coopera\u00e7\u00e3o com a Ag\u00eancia Antidrogas dos Estados Unidos (DEA) e o Centro de An\u00e1lise e Opera\u00e7\u00f5es Mar\u00edtimas \u2013 Narc\u00f3ticos (MAOC-N), sediado em Lisboa, capital de Portugal.\n<\/p>\n<p>Durante o julgamento, os r\u00e9us disseram que o avi\u00e3o estava indo para o Mali, mas pousou em Bissau por falta de combust\u00edvel. H\u00e1 muito consideradas \u00e1reas de tr\u00e2nsito para drogas produzidas na Am\u00e9rica Latina, as \u00c1fricas Ocidental e Central se tornaram regi\u00f5es de alto consumo, de acordo com o Escrit\u00f3rio das Na\u00e7\u00f5es Unidas sobre Drogas e Crime (UNODC).\n<\/p>\n<p>Segundo o UNODC, entre 2019 e 2022, pelo menos 57 toneladas de coca\u00edna foram apreendidas na \u00c1frica Ocidental ou a caminho da regi\u00e3o, principalmente em Cabo Verde, Senegal e Benin.\n<\/p>\n<p>*EFE\n<\/p>\n<p>Fonte: Pleno News              <\/p>\n<\/div>\n<p><br \/>\n<br \/><a href=\"https:\/\/diariodobrasilnoticias.com.br\/noticia\/brasileiro-e-condenado-na-guine-bissau-a-17-anos-por-trafico-677d234930a56\">Source link <\/a><\/p>","protected":false},"excerpt":{"rendered":"<p>Os cinco tripulantes de um avi\u00e3o detidos em setembro do ano passado na Guin\u00e9-Bissau com 2,6 toneladas de coca\u00edna \u2014 um brasileiro, dois mexicanos, um colombiano e um equatoriano \u2014&hellip;<\/p>","protected":false},"author":1,"featured_media":88667,"comment_status":"closed","ping_status":"open","sticky":false,"template":"","format":"standard","meta":{"content-type":"","footnotes":""},"categories":[16],"tags":[123,2448,5313,1267],"class_list":["post-88666","post","type-post","status-publish","format-standard","has-post-thumbnail","hentry","category-noticias","tag-brasil","tag-diario","tag-noticia","tag-noticias"],"_links":{"self":[{"href":"https:\/\/tvbrazilusa.com\/pt\/wp-json\/wp\/v2\/posts\/88666","targetHints":{"allow":["GET"]}}],"collection":[{"href":"https:\/\/tvbrazilusa.com\/pt\/wp-json\/wp\/v2\/posts"}],"about":[{"href":"https:\/\/tvbrazilusa.com\/pt\/wp-json\/wp\/v2\/types\/post"}],"author":[{"embeddable":true,"href":"https:\/\/tvbrazilusa.com\/pt\/wp-json\/wp\/v2\/users\/1"}],"replies":[{"embeddable":true,"href":"https:\/\/tvbrazilusa.com\/pt\/wp-json\/wp\/v2\/comments?post=88666"}],"version-history":[{"count":1,"href":"https:\/\/tvbrazilusa.com\/pt\/wp-json\/wp\/v2\/posts\/88666\/revisions"}],"predecessor-version":[{"id":88668,"href":"https:\/\/tvbrazilusa.com\/pt\/wp-json\/wp\/v2\/posts\/88666\/revisions\/88668"}],"wp:featuredmedia":[{"embeddable":true,"href":"https:\/\/tvbrazilusa.com\/pt\/wp-json\/wp\/v2\/media\/88667"}],"wp:attachment":[{"href":"https:\/\/tvbrazilusa.com\/pt\/wp-json\/wp\/v2\/media?parent=88666"}],"wp:term":[{"taxonomy":"category","embeddable":true,"href":"https:\/\/tvbrazilusa.com\/pt\/wp-json\/wp\/v2\/categories?post=88666"},{"taxonomy":"post_tag","embeddable":true,"href":"https:\/\/tvbrazilusa.com\/pt\/wp-json\/wp\/v2\/tags?post=88666"}],"curies":[{"name":"wp","href":"https:\/\/api.w.org\/{rel}","templated":true}]}}