{"id":88669,"date":"2025-01-07T14:37:44","date_gmt":"2025-01-07T14:37:44","guid":{"rendered":"https:\/\/tvbrazilusa.com\/2025\/01\/07\/macaco-com-tutu-foge-de-uma-casa-o-gabinete-do-xerife-do-missouri-diz-que-a-captura-foi-banana\/"},"modified":"2025-01-07T14:40:54","modified_gmt":"2025-01-07T14:40:54","slug":"macaco-com-tutu-foge-de-uma-casa-o-gabinete-do-xerife-do-missouri-diz-que-a-captura-foi-banana","status":"publish","type":"post","link":"https:\/\/tvbrazilusa.com\/pt\/2025\/01\/07\/macaco-com-tutu-foge-de-uma-casa-o-gabinete-do-xerife-do-missouri-diz-que-a-captura-foi-banana\/","title":{"rendered":"Macaco com tutu foge de uma casa. O gabinete do xerife do Missouri diz que a captura foi &#8216;banana&#8217;."},"content":{"rendered":"<p> <script async src=\"https:\/\/pagead2.googlesyndication.com\/pagead\/js\/adsbygoogle.js?client=ca-pub-8864793242727901\"\r\n     crossorigin=\"anonymous\"><\/script><br \/>\n<\/p>\n<div id=\"\">\n<header class=\"m-article-header m-article-header--standard\">\n\t\t\t\t\t\t\t\t\t\t\t\t<span id=\"article-header-primary-term\"><br \/>\n\t\t\t\t\t\t\t\t<a class=\"a-term a-term--primary\" href=\"https:\/\/www.boston.com\/tag\/national-news\/\"><\/p>\n<p>\t\t\t\t\t\t\t\tNot\u00edcias Nacionais\t\t\t\t\t\t\t\t<\/a><br \/>\n\t\t\t\t\t\t\t<\/span><\/p>\n<h2 class=\"m-article-header__sub-headline\">O macaco-aranha foi avistado na tarde de sexta-feira no cruzamento de duas rodovias perto da cidade de Otto, ao sul da \u00e1rea de St.<\/h2>\n<figure class=\"a-photo m-article-header__photo\"><figcaption class=\"a-photo__caption\">\n<p>\tEsta imagem de 3 de janeiro de 2025 fornecida pelo Gabinete do Xerife do Condado de Jefferson mostra um macaco-aranha fugitivo perto de Otto, Missouri. <em> Gabinete do Xerife do Condado de Jefferson via AP<\/em>\t<\/figcaption><\/figure>\n<div class=\"m-article-header__meta\">\n<div class=\"m-article-header__byline\">\n<p class=\"m-article-header__author\">\n<p>\t\t\t\t\t\t\t\tPor HEATHER HOLLINGSWORTH, Associated Press\t\t\t\t\t\t\t<\/p>\n<p>\t\t\t\t\t\t\t\t\t\t\t\t\t\t\t<time class=\"m-article-header__date\"><\/p>\n<p>\t\t\t\t\t\t\t\t\t7 de janeiro de 2025 | 9h37\t\t\t\t\t\t\t\t<\/time><\/p>\n<p><span>1 minuto para ler<\/span><\/p>\n<\/p><\/div>\n<\/p><\/div>\n<\/header>\n<p>Um macaco com um tutu rosa que escapou de uma casa no Missouri foi capturado pouco antes de uma tempestade de inverno atingir o estado.<\/p>\n<p>\u201c<a href=\"https:\/\/www.facebook.com\/JeffCoMoSheriff\/posts\/pfbid02QLGsXDWKEqjWHA1X7gPDF9YonB658Eag1yCRbZpV4FNLcqKQZC7uvs9WX7p3nqiel\">Bananas<\/a>\u201d foi como o Gabinete do Xerife do Condado de Jefferson descreveu a apreens\u00e3o do primata em uma postagem no Facebook.<\/p>\n<p>O macaco-aranha foi avistado na tarde de sexta-feira no cruzamento de duas rodovias perto da cidade de Otto, ao sul da \u00e1rea de St. O macaco estava hospedado em uma casa pr\u00f3xima quando conseguiu abrir uma porta e sair.<\/p>\n<figure class=\"wp-block-image size-full\"><img loading=\"lazy\" decoding=\"async\" width=\"2031\" height=\"2560\" src=\"https:\/\/bdc2020.o0bc.com\/wp-content\/uploads\/2025\/01\/AP25006659454716-677d3b04f35ed-scaled.jpg\" alt=\"Um macaco-aranha fugitivo.\" class=\"wp-image-32596629\" srcset=\"https:\/\/bdc2020.o0bc.com\/wp-content\/uploads\/2025\/01\/AP25006659454716-677d3b04f35ed-scaled.jpg?width=200 200w, https:\/\/bdc2020.o0bc.com\/wp-content\/uploads\/2025\/01\/AP25006659454716-677d3b04f35ed-scaled.jpg?width=300 300w, https:\/\/bdc2020.o0bc.com\/wp-content\/uploads\/2025\/01\/AP25006659454716-677d3b04f35ed-scaled.jpg?width=400 400w, https:\/\/bdc2020.o0bc.com\/wp-content\/uploads\/2025\/01\/AP25006659454716-677d3b04f35ed-scaled.jpg?width=500 500w, https:\/\/bdc2020.o0bc.com\/wp-content\/uploads\/2025\/01\/AP25006659454716-677d3b04f35ed-scaled.jpg?width=600 600w, https:\/\/bdc2020.o0bc.com\/wp-content\/uploads\/2025\/01\/AP25006659454716-677d3b04f35ed-scaled.jpg?width=700 700w, https:\/\/bdc2020.o0bc.com\/wp-content\/uploads\/2025\/01\/AP25006659454716-677d3b04f35ed-scaled.jpg?width=800 800w, https:\/\/bdc2020.o0bc.com\/wp-content\/uploads\/2025\/01\/AP25006659454716-677d3b04f35ed-scaled.jpg?width=900 900w\" sizes=\"auto, (max-width: 2031px) 100vw, 2031px\"\/><figcaption class=\"wp-element-caption\">Esta imagem de 3 de janeiro de 2025 fornecida pelo Gabinete do Xerife do Condado de Jefferson mostra um oficial e um macaco-aranha fugitivo perto de Otto, Missouri. <i> \u2013 Gabinete do Xerife do Condado de Jefferson via AP<\/i><\/figcaption><\/figure>\n<p>O gabinete do xerife disse que o pequeno macaco foi devolvido ao seu cuidador ap\u00f3s \u201cnegocia\u00e7\u00f5es cuidadosas e alguma persuas\u00e3o\u201d. Fotos postadas na p\u00e1gina do Facebook do departamento do xerife mostram um policial ajoelhado no ch\u00e3o antes que o macaco vestido de tutu se aproximasse e agarrasse suas m\u00e3os.<\/p>\n<p>O gabinete do xerife disse que \u00e9 um \u00f3timo exemplo de como os policiais \u201ct\u00eam que estar preparados para lidar com tudo o que o trabalho lhes imp\u00f5e\u201d.<\/p>\n<p>O momento foi fortuito. Uma tempestade de inverno com neve e gelo atingiu a regi\u00e3o no s\u00e1bado, fechando estradas e provocando queda nas temperaturas.<\/p>\n<figure class=\"wp-block-image size-full\"><img loading=\"lazy\" decoding=\"async\" width=\"2560\" height=\"2312\" src=\"https:\/\/bdc2020.o0bc.com\/wp-content\/uploads\/2025\/01\/AP25006659455073-677d3b0a9ba45-scaled.jpg\" alt=\"Um macaco-aranha fugitivo.\" class=\"wp-image-32596630\" srcset=\"https:\/\/bdc2020.o0bc.com\/wp-content\/uploads\/2025\/01\/AP25006659455073-677d3b0a9ba45-scaled.jpg?width=200 200w, https:\/\/bdc2020.o0bc.com\/wp-content\/uploads\/2025\/01\/AP25006659455073-677d3b0a9ba45-scaled.jpg?width=300 300w, https:\/\/bdc2020.o0bc.com\/wp-content\/uploads\/2025\/01\/AP25006659455073-677d3b0a9ba45-scaled.jpg?width=400 400w, https:\/\/bdc2020.o0bc.com\/wp-content\/uploads\/2025\/01\/AP25006659455073-677d3b0a9ba45-scaled.jpg?width=500 500w, https:\/\/bdc2020.o0bc.com\/wp-content\/uploads\/2025\/01\/AP25006659455073-677d3b0a9ba45-scaled.jpg?width=600 600w, https:\/\/bdc2020.o0bc.com\/wp-content\/uploads\/2025\/01\/AP25006659455073-677d3b0a9ba45-scaled.jpg?width=700 700w, https:\/\/bdc2020.o0bc.com\/wp-content\/uploads\/2025\/01\/AP25006659455073-677d3b0a9ba45-scaled.jpg?width=800 800w, https:\/\/bdc2020.o0bc.com\/wp-content\/uploads\/2025\/01\/AP25006659455073-677d3b0a9ba45-scaled.jpg?width=900 900w\" sizes=\"auto, (max-width: 2560px) 100vw, 2560px\"\/><figcaption class=\"wp-element-caption\">Esta imagem de 3 de janeiro de 2025 fornecida pelo Gabinete do Xerife do Condado de Jefferson mostra policiais e um macaco-aranha fugitivo perto de Otto, Missouri. <i> \u2013 Gabinete do Xerife do Condado de Jefferson via AP<\/i><\/figcaption><\/figure>\n<div class=\"m-block m-generic-cta\t m-generic-cta--post-content\t m-generic-cta--dark\t m-generic-cta--homepage\t m-generic-cta--email-signup\t\t m-generic-cta-block-style--default \tt-amp__generic-cta\"><\/p>\n<div class=\"m-generic-cta__wrap\">\n<div class=\"m-generic-cta__content\">\n<h3 class=\"m-generic-cta__title\">Alertas extras de not\u00edcias<\/h3>\n<p class=\"m-generic-cta__subtitle\">Receba as \u00faltimas atualiza\u00e7\u00f5es conforme elas acontecem.<\/p>\n<\/p><\/div>\n<\/p><\/div>\n<\/div><\/div>\n<p><script>\n\t\tvar consent=\"grant\";\n\t\t\/* The above code is parsing the JSON data from the local storage and storing it in a variable. *\/\n\t\t\t\t\tconst onetrustStorageConsent = JSON.parse(localStorage.getItem( 'consent_one_trust_bdc' ) );\n\t\t\tif ( ( onetrustStorageConsent !== null ) ) {\n\t\t\t\t\/* Checking to see if the user has consented to the use of cookies.\n\t\t\t\t* If they have not, it is deleting the cookie.\n\t\t\t\t* This will comment for now, until further notice.\n\t\t\t\t*\/\n\t\t\t\t\/\/if ( onetrustStorageConsent.C0002 === false ) {\n\t\t\t\t\/\/\tdocument.cookie=\"_fbp=;expires=Thu, 01 Jan 2010 00:00:00 UTC; path=\/; domain=.boston.com\";\n\t\t\t\t\/\/}\n\t\t\t\t\/* Checking if the user has given consent for the cookie C0002.\n\t\t\t\t* If the user has given consent, the variable consent will be set to 'grant'.\n\t\t\t\t* If the user has not given consent,the variable consent will be set to 'revoke'.\n\t\t\t\t* Documentation https:\/\/developers.facebook.com\/docs\/meta-pixel\/implementation\/gdpr\n\t\t\t\t*\/\n\t\t\t\tif ( onetrustStorageConsent.C0002 !== true ) {\n\t\t\t\t\tconsent=\"revoke\";\n\t\t\t\t}\n\t\t\t}\n\t\t\t\t!function(f,b,e,v,n,t,s)\n\t\t{if(f.fbq)return;n=f.fbq=function(){n.callMethod?\n\t\tn.callMethod.apply(n,arguments):n.queue.push(arguments)};\n\t\tif(!f._fbq)f._fbq=n;n.push=n;n.loaded=!0;n.version='2.0';\n\t\tn.queue=[];t=b.createElement(e);t.async=!0;\n\t\tt.src=v;s=b.getElementsByTagName(e)[0];\n\t\ts.parentNode.insertBefore(t,s)}(window, document,'script',\n\t\t'https:\/\/connect.facebook.net\/en_US\/fbevents.js');\n\t\tfbq('consent', consent);\n\t\tfbq('init', '989222871864976');\n\t\tfbq('track', 'PageView');\n\t<\/script><script type=\"module\">\n\t\tvar consent=\"grant\";\n\t\t\/* The above code is parsing the JSON data from the local storage and storing it in a variable. *\/\n\t\t\tconst onetrustStorageConsent = JSON.parse(localStorage.getItem( 'consent_one_trust_bdc' ) );\n\t\t\t\/* Checking to see if the user has consented to the use of cookies.\n\t\t\t* If they have not, it is deleting the cookie.\n\t\t\t* This will comment for now, until further notice.\n\t\t\t*\/\n\t\t\t\/\/if ( onetrustStorageConsent.C0002 === false ) {\n\t\t\t\/\/\tdocument.cookie=\"_fbp=;expires=Thu, 01 Jan 2010 00:00:00 UTC; path=\/; domain=.boston.com\";\n\t\t\t\/\/}\n\t\t\t\/* Checking if the user has given consent for the cookie C0002.\n\t\t\t* If the user has given consent, the variable consent will be set to 'grant'.\n\t\t\t* If the user has not given consent,the variable consent will be set to 'revoke'.\n\t\t\t* Documentation https:\/\/developers.facebook.com\/docs\/meta-pixel\/implementation\/gdpr\n\t\t\t*\/\n\t\t\tif ( ( onetrustStorageConsent !== null ) && (onetrustStorageConsent.C0002 !== true ) ) {\n\t\t\t\tconsent=\"revoke\";\n\t\t\t}\n\t\t\t\t!function(f,b,e,v,n,t,s){if(f.fbq)return;n=f.fbq=function()\n\t\t{n.callMethod? n.callMethod.apply(n,arguments):n.queue.push(arguments)}\n\t\t;if(!f._fbq)f._fbq=n;\n\t\tn.push=n;n.loaded=!0;n.version='2.0';n.queue=[];t=b.createElement(e);t.async=!0;\n\t\tt.src=v;s=b.getElementsByTagName(e)[0];s.parentNode.insertBefore(t,s)}(window,\n\t\tdocument,'script','https:\/\/connect.facebook.net\/en_US\/fbevents.js');\n\t\tfbq('consent', consent);\n\t\tfbq('init', '813236348753005');\n\t\tfbq('track', \"PageView\");\n\t<\/script><br \/>\n<br \/><br \/>\n<br \/><a href=\"https:\/\/www.boston.com\/news\/national-news\/2025\/01\/07\/monkey-tutu-escapes-home-missouri-sheriffs-office-capture-bananas\/\">Source link <\/a><\/p>","protected":false},"excerpt":{"rendered":"<p>Not\u00edcias Nacionais O macaco-aranha foi avistado na tarde de sexta-feira no cruzamento de duas rodovias perto da cidade de Otto, ao sul da \u00e1rea de St. Esta imagem de 3&hellip;<\/p>","protected":false},"author":1,"featured_media":88670,"comment_status":"closed","ping_status":"open","sticky":false,"template":"","format":"standard","meta":{"content-type":"","footnotes":""},"categories":[1],"tags":[],"class_list":["post-88669","post","type-post","status-publish","format-standard","has-post-thumbnail","hentry","category-uncategorized"],"_links":{"self":[{"href":"https:\/\/tvbrazilusa.com\/pt\/wp-json\/wp\/v2\/posts\/88669","targetHints":{"allow":["GET"]}}],"collection":[{"href":"https:\/\/tvbrazilusa.com\/pt\/wp-json\/wp\/v2\/posts"}],"about":[{"href":"https:\/\/tvbrazilusa.com\/pt\/wp-json\/wp\/v2\/types\/post"}],"author":[{"embeddable":true,"href":"https:\/\/tvbrazilusa.com\/pt\/wp-json\/wp\/v2\/users\/1"}],"replies":[{"embeddable":true,"href":"https:\/\/tvbrazilusa.com\/pt\/wp-json\/wp\/v2\/comments?post=88669"}],"version-history":[{"count":1,"href":"https:\/\/tvbrazilusa.com\/pt\/wp-json\/wp\/v2\/posts\/88669\/revisions"}],"predecessor-version":[{"id":88671,"href":"https:\/\/tvbrazilusa.com\/pt\/wp-json\/wp\/v2\/posts\/88669\/revisions\/88671"}],"wp:featuredmedia":[{"embeddable":true,"href":"https:\/\/tvbrazilusa.com\/pt\/wp-json\/wp\/v2\/media\/88670"}],"wp:attachment":[{"href":"https:\/\/tvbrazilusa.com\/pt\/wp-json\/wp\/v2\/media?parent=88669"}],"wp:term":[{"taxonomy":"category","embeddable":true,"href":"https:\/\/tvbrazilusa.com\/pt\/wp-json\/wp\/v2\/categories?post=88669"},{"taxonomy":"post_tag","embeddable":true,"href":"https:\/\/tvbrazilusa.com\/pt\/wp-json\/wp\/v2\/tags?post=88669"}],"curies":[{"name":"wp","href":"https:\/\/api.w.org\/{rel}","templated":true}]}}