{"id":88674,"date":"2025-01-07T14:47:25","date_gmt":"2025-01-07T14:47:25","guid":{"rendered":"https:\/\/tvbrazilusa.com\/2025\/01\/07\/ministro-de-israel-solicita-apoio-de-eduardo-bolsonaro-contra-o-governo-lula\/"},"modified":"2025-01-07T14:47:27","modified_gmt":"2025-01-07T14:47:27","slug":"ministro-de-israel-solicita-apoio-de-eduardo-bolsonaro-contra-o-governo-lula","status":"publish","type":"post","link":"https:\/\/tvbrazilusa.com\/pt\/2025\/01\/07\/ministro-de-israel-solicita-apoio-de-eduardo-bolsonaro-contra-o-governo-lula\/","title":{"rendered":"Ministro de Israel solicita apoio de Eduardo Bolsonaro contra o governo Lula"},"content":{"rendered":"<p> <script async src=\"https:\/\/pagead2.googlesyndication.com\/pagead\/js\/adsbygoogle.js?client=ca-pub-8864793242727901\"\r\n     crossorigin=\"anonymous\"><\/script><br \/>\n<\/p>\n<div id=\"taboola-read-more\" style=\"display:block; width:100%\">\n<p>O ministro de Assuntos da Di\u00e1spora de Israel, Amichai Chikli, afirmou no \u00faltimo domingo (5.jan.2025) que o pedido de investiga\u00e7\u00e3o contra um militar israelense por supostos crimes de guerra \u00e9 uma \u201cdesgra\u00e7a ao governo brasileiro\u201d. Por carta, ele critica a gest\u00e3o do presidente Luiz In\u00e1cio Lula da Silva (PT) pediu a ajuda do deputado Eduardo Bolsonaro (PL-RJ) para endossar a acusa\u00e7\u00e3o.\n<\/p>\n<p>\u201cO fato de que o Judici\u00e1rio brasileiro, sob o apoio do presidente Lula, acolha indiv\u00edduos com vis\u00f5es t\u00e3o extremas \u2014especialmente enquanto nos aproximamos do 80\u00ba anivers\u00e1rio da liberta\u00e7\u00e3o de Auschwitz\u2014 \u00e9 uma desgra\u00e7a para o governo brasileiro\u201d, declarou o ministro, fazendo refer\u00eancia ao campo de concentra\u00e7\u00e3o e exterm\u00ednio de judeus na Pol\u00f4nia durante a 2\u00aa Guerra Mundial.<\/p>\n<p>A fala do ministro veio ap\u00f3s a\u00a0<a href=\"https:\/\/12ft.io\/proxy?q=https%3A%2F%2Fwww.poder360.com.br%2Fpoder-justica%2Fjustica-ordena-que-pf-investigue-soldado-de-israel-que-esta-no-brasil%2F\" target=\"_parent\">Pol\u00edcia Federal<\/a>\u00a0abrir um inqu\u00e9rito, atendendo ao pedido da Justi\u00e7a brasileira, contra o militar israelense Yuval Vagdani, que passou as f\u00e9rias na praia de Morro de S\u00e3o Paulo, em Cairu, na Bahia. A corte atendeu a um pedido da Funda\u00e7\u00e3o Hind Rajab, entidade pr\u00f3-Palestina, que monitora poss\u00edveis autores de crimes contra a humanidade na Faixa de Gaza.\n<\/p>\n<p><em>\u201cAp\u00f3s cumprir seu servi\u00e7o militar como membro do 432\u00ba Batalh\u00e3o das Brigadas Givati e, de maneira sorridente e debochada, documentar a pr\u00f3pria participa\u00e7\u00e3o no cometimento de crimes de guerra, o noticiado\u00a0<\/em>[Vagdani]\u00a0<em>viajou com amigos e encontra-se neste momento em Morro de S\u00e3o Paulo, conforme registro publicado por ele pr\u00f3prio na rede social Instagram em 25 de dezembro de 2024\u2033<\/em>, afirmaram na peti\u00e7\u00e3o os advogados Maira Pinheiro e Caio Patricio de Almeida, segundo a\u00a0<em>Folha de S.Paulo<\/em>.\n<\/p>\n<p>Uma publica\u00e7\u00e3o no perfil privado do militar tem imagens supostamente realizadas por ele de uma das regi\u00f5es de Gaza que est\u00e3o ocupadas pelas tropas de Israel. A legenda da publica\u00e7\u00e3o fala em\u00a0<em>\u201ccontinuar destruindo e esmagando este lugar imundo sem pausa, at\u00e9 os seus alicerces\u201d<\/em>. Os advogados da Funda\u00e7\u00e3o Hind Rajab alegaram que os crimes de guerra dos quais Vagdani \u00e9 acusado foram incorporados \u00e0 legisla\u00e7\u00e3o brasileira por meio da ades\u00e3o a tratados internacionais.\n<\/p>\n<p><em>\u201cO peticion\u00e1rio representa uma organiza\u00e7\u00e3o estrangeira e est\u00e1 explorando de forma c\u00ednica os sistemas legais para fomentar uma narrativa anti-Israel tanto globalmente quanto no Brasil, apesar de saber plenamente que as alega\u00e7\u00f5es carecem de qualquer fundamento legal\u201d,<\/em>\u00a0disse a embaixada de Israel no Brasil.\u00a0<em>\u201cOs verdadeiros perpetradores de crimes de guerra s\u00e3o as organiza\u00e7\u00f5es terroristas, que exploram popula\u00e7\u00f5es civis como escudos humanos e utilizam hospitais e instala\u00e7\u00f5es internacionais como infraestrutura para atos de terrorismo direcionados a cidad\u00e3os israelenses\u201d<\/em>, completou a embaixada.\n<\/p>\n<p>De acordo com o ministro de Israel, a entidade n\u00e3o \u00e9 uma organiza\u00e7\u00e3o de direitos humanos, e sim uma apoiadora do terrorismo.\u00a0<em>\u201cPesquisas do nosso minist\u00e9rio revelaram que os l\u00edderes da organiza\u00e7\u00e3o t\u00eam apoiado consistentemente o Hezbollah, o Hamas e outros grupos terroristas que buscam a destrui\u00e7\u00e3o de Israel e o assassinato de israelenses\u201d<\/em>, disse.\n<\/p>\n<p>Em carta direcionada a Eduardo Bolsonaro, Amichai Chikli pediu\u00a0<em>\u201ccomo amigo de Israel e do povo judeu, que levante uma voz clara e resoluta contra essa injusti\u00e7a \u2014uma injusti\u00e7a que n\u00e3o se dirige apenas a um soldado israelense, mas a todos aqueles que se op\u00f5em ao terrorismo<\/em>\u201c.\n<\/p>\n<\/p>\n<p><em>\u201cMinistro, voc\u00ea est\u00e1 certo, pe\u00e7o \u00e0 comunidade internacional que n\u00e3o confunda o atual governo Lula com o povo do Brasil. Lula nem mesmo faz apari\u00e7\u00f5es p\u00fablicas espont\u00e2neas, porque sabe que ser\u00e1 vaiado\u201d,<\/em>\u00a0disse Eduardo Bolsonaro, em resposta ao ministro israelense, em publica\u00e7\u00e3o feita na rede social X (antigo Twitter).\n<\/p>\n<p><strong>Eis a \u00edntegra da carta em tradu\u00e7\u00e3o para portugu\u00eas:<\/strong>\n<\/p>\n<p><em><strong>\u201c<\/strong>Prezado Senhor,<\/em>\n<\/p>\n<p><em>\u201cAssunto: A Persegui\u00e7\u00e3o de Israelenses no Brasil pela Administra\u00e7\u00e3o Lula<\/em>\n<\/p>\n<p><em>\u201cNos \u00faltimos dias, tomamos conhecimento de um incidente profundamente preocupante em que uma organiza\u00e7\u00e3o palestina, a \u201cHRF,\u201d apresentou uma den\u00fancia contra um turista israelense visitando o Brasil \u2014 um veterano das For\u00e7as de Defesa de Israel (IDF) \u2014 baseada em cal\u00fanias contra o Estado de Israel. Esta organiza\u00e7\u00e3o exp\u00f4s publicamente os detalhes pessoais do soldado, com o intuito de persegui-lo e prend\u00ea-lo.<\/em>\n<\/p>\n<p><em>\u201cContr\u00e1rio \u00e0s suas alega\u00e7\u00f5es, a \u201cHRF\u201d n\u00e3o \u00e9 uma organiza\u00e7\u00e3o de direitos humanos, mas sim uma apoiadora flagrante do terrorismo. Pesquisas conduzidas pelo Minist\u00e9rio de Assuntos da Di\u00e1spora e Combate ao Antissemitismo, que lidero, revelaram que os l\u00edderes desta organiza\u00e7\u00e3o t\u00eam consistentemente manifestado apoio ao Hezbollah, Hamas e outros grupos terroristas que buscam a destrui\u00e7\u00e3o de Israel e o assassinato de israelenses.<\/em>\n<\/p>\n<p><em>\u201cAp\u00f3s a elimina\u00e7\u00e3o de Yahya Sinwar, o mentor por tr\u00e1s do massacre de 7 de outubro, um dos l\u00edderes da HRF, Diyab Abu Jaleha, declarou: \u201cCentenas de milh\u00f5es seguir\u00e3o o seu caminho.\u201d De forma semelhante, Jaleha elogiou o falecido l\u00edder do Hezbollah Nasrallah, descrevendo-o como um \u201cg\u00eanio\u201d e \u201cgentil,\u201d apesar do hist\u00f3rico de incita\u00e7\u00e3o \u00e0 viol\u00eancia de Nasrallah, incluindo a tr\u00e1gica morte de 12 crian\u00e7as em Majdal Shams no ano passado.<\/em>\n<\/p>\n<p><em>\u201cOutro l\u00edder, Karim Hassan, endossou publicamente os ataques de 11 de setembro como \u201cdoce vingan\u00e7a\u201d e \u00e9 um not\u00f3rio negador do Holocausto, questionando a exist\u00eancia de c\u00e2maras de g\u00e1s nos campos de exterm\u00ednio nazistas. A alega\u00e7\u00e3o de Hassan de que os palestinos est\u00e3o meramente \u201cvoltando para casa\u201d no dia 8 de outubro foi uma justificativa velada para a viol\u00eancia contra Israel.<\/em>\n<\/p>\n<p><em>\u201cO fato de que o judici\u00e1rio brasileiro, sob o apoio do presidente Lula, abra\u00e7a indiv\u00edduos com vis\u00f5es t\u00e3o extremas \u2014 especialmente \u00e0 medida que nos aproximamos do 80\u00ba anivers\u00e1rio da liberta\u00e7\u00e3o de Auschwitz \u2014 \u00e9 uma desgra\u00e7a para o governo brasileiro. N\u00e3o devemos permanecer em sil\u00eancio diante de tais a\u00e7\u00f5es. Estou confiante de que a maioria dos cidad\u00e3os patri\u00f3ticos e decentes do Brasil rejeita a posi\u00e7\u00e3o de seu governo, que para sempre manchar\u00e1 o hist\u00f3rico de orgulho da na\u00e7\u00e3o.<\/em>\n<\/p>\n<p><em>\u201cConsideramos o povo brasileiro como aliados na luta global contra o terrorismo, o antissemitismo e a deslegitima\u00e7\u00e3o de Israel. Apelo a voc\u00ea, como amigo de Israel e do povo judeu, para levantar uma voz clara e resoluta contra esta injusti\u00e7a \u2014 uma injusti\u00e7a n\u00e3o apenas dirigida a um soldado israelense, mas a todos aqueles que se op\u00f5em ao terrorismo. Estar ao lado daqueles que protegem os inocentes e combatem o terror \u00e9 um imperativo moral que transcende a pol\u00edtica.<\/em>\n<\/p>\n<p><em>\u201cSinceramente,<\/em><br \/><em>\u201cAmichai Chikli<\/em><br \/><em>\u201cMinistro de Assuntos da Di\u00e1spora e Combate ao Antissemitismo<\/em><br \/><em>\u201cEstado de Israel.\u201d<\/em><\/p>\n<p>Fonte: Poder360              <\/p>\n<\/div>\n<p><br \/>\n<br \/><a href=\"https:\/\/diariodobrasilnoticias.com.br\/noticia\/ministro-de-israel-solicita-apoio-de-eduardo-bolsonaro-contra-o-governo-lula-677d215aadfbc\">Source link <\/a><\/p>","protected":false},"excerpt":{"rendered":"<p>O ministro de Assuntos da Di\u00e1spora de Israel, Amichai Chikli, afirmou no \u00faltimo domingo (5.jan.2025) que o pedido de investiga\u00e7\u00e3o contra um militar israelense por supostos crimes de guerra \u00e9&hellip;<\/p>","protected":false},"author":1,"featured_media":88675,"comment_status":"closed","ping_status":"open","sticky":false,"template":"","format":"standard","meta":{"content-type":"","footnotes":""},"categories":[16],"tags":[123,2448,5313,1267],"class_list":["post-88674","post","type-post","status-publish","format-standard","has-post-thumbnail","hentry","category-noticias","tag-brasil","tag-diario","tag-noticia","tag-noticias"],"_links":{"self":[{"href":"https:\/\/tvbrazilusa.com\/pt\/wp-json\/wp\/v2\/posts\/88674","targetHints":{"allow":["GET"]}}],"collection":[{"href":"https:\/\/tvbrazilusa.com\/pt\/wp-json\/wp\/v2\/posts"}],"about":[{"href":"https:\/\/tvbrazilusa.com\/pt\/wp-json\/wp\/v2\/types\/post"}],"author":[{"embeddable":true,"href":"https:\/\/tvbrazilusa.com\/pt\/wp-json\/wp\/v2\/users\/1"}],"replies":[{"embeddable":true,"href":"https:\/\/tvbrazilusa.com\/pt\/wp-json\/wp\/v2\/comments?post=88674"}],"version-history":[{"count":1,"href":"https:\/\/tvbrazilusa.com\/pt\/wp-json\/wp\/v2\/posts\/88674\/revisions"}],"predecessor-version":[{"id":88676,"href":"https:\/\/tvbrazilusa.com\/pt\/wp-json\/wp\/v2\/posts\/88674\/revisions\/88676"}],"wp:featuredmedia":[{"embeddable":true,"href":"https:\/\/tvbrazilusa.com\/pt\/wp-json\/wp\/v2\/media\/88675"}],"wp:attachment":[{"href":"https:\/\/tvbrazilusa.com\/pt\/wp-json\/wp\/v2\/media?parent=88674"}],"wp:term":[{"taxonomy":"category","embeddable":true,"href":"https:\/\/tvbrazilusa.com\/pt\/wp-json\/wp\/v2\/categories?post=88674"},{"taxonomy":"post_tag","embeddable":true,"href":"https:\/\/tvbrazilusa.com\/pt\/wp-json\/wp\/v2\/tags?post=88674"}],"curies":[{"name":"wp","href":"https:\/\/api.w.org\/{rel}","templated":true}]}}