{"id":88725,"date":"2025-01-07T16:37:18","date_gmt":"2025-01-07T16:37:18","guid":{"rendered":"https:\/\/tvbrazilusa.com\/2025\/01\/07\/intolerancia-homem-pregava-a-palavra-de-deus-na-avenida-paulista-quando-foi-agredido-por-um-grupo-contrario-veja-video\/"},"modified":"2025-01-07T16:37:19","modified_gmt":"2025-01-07T16:37:19","slug":"intolerancia-homem-pregava-a-palavra-de-deus-na-avenida-paulista-quando-foi-agredido-por-um-grupo-contrario-veja-video","status":"publish","type":"post","link":"https:\/\/tvbrazilusa.com\/pt\/2025\/01\/07\/intolerancia-homem-pregava-a-palavra-de-deus-na-avenida-paulista-quando-foi-agredido-por-um-grupo-contrario-veja-video\/","title":{"rendered":"INTOLER\u00c2NCIA: Homem pregava a palavra de Deus na avenida paulista quando foi agredido por um grupo contr\u00e1rio; VEJA V\u00cdDEO"},"content":{"rendered":"<p> <script async src=\"https:\/\/pagead2.googlesyndication.com\/pagead\/js\/adsbygoogle.js?client=ca-pub-8864793242727901\"\r\n     crossorigin=\"anonymous\"><\/script><br \/>\n<\/p>\n<div id=\"taboola-read-more\" style=\"display:block; width:100%\">\n<p>O influenciador digital Charles Gama flagrou, neste domingo (5), homens agredindo um pregador de rua na Avenida Paulista, em S\u00e3o Paulo. Nos v\u00eddeos publicados, os agressores aparecem colocando a m\u00e3o no rosto do religioso, dando um tapa na B\u00edblia e reclamando do barulho que ele fazia.<br \/>&#8220;Voc\u00ea pode rasgar a B\u00edblia, mas eu jamais deixarei de falar de Cristo. Voc\u00ea pode fazer o que quiser comigo. Jesus \u00e9 o \u00fanico Senhor.&#8221;\n<\/p>\n<p>ASSISTA:<\/p>\n<p>Fonte: Reprodu\u00e7\u00e3o\/@biakicis              <\/p>\n<\/div>\n<p><br \/>\n<br \/><a href=\"https:\/\/diariodobrasilnoticias.com.br\/noticia\/intolerancia-homem-pregava-a-palavra-de-deus-na-avenida-paulista-quando-foi-agredido-por-um-grupo-contrario-veja-video-677d2ac423d6d\">Source link <\/a><\/p>","protected":false},"excerpt":{"rendered":"<p>O influenciador digital Charles Gama flagrou, neste domingo (5), homens agredindo um pregador de rua na Avenida Paulista, em S\u00e3o Paulo. Nos v\u00eddeos publicados, os agressores aparecem colocando a m\u00e3o&hellip;<\/p>","protected":false},"author":1,"featured_media":88726,"comment_status":"closed","ping_status":"open","sticky":false,"template":"","format":"standard","meta":{"content-type":"","footnotes":""},"categories":[16],"tags":[123,2448,5313,1267],"class_list":["post-88725","post","type-post","status-publish","format-standard","has-post-thumbnail","hentry","category-noticias","tag-brasil","tag-diario","tag-noticia","tag-noticias"],"_links":{"self":[{"href":"https:\/\/tvbrazilusa.com\/pt\/wp-json\/wp\/v2\/posts\/88725","targetHints":{"allow":["GET"]}}],"collection":[{"href":"https:\/\/tvbrazilusa.com\/pt\/wp-json\/wp\/v2\/posts"}],"about":[{"href":"https:\/\/tvbrazilusa.com\/pt\/wp-json\/wp\/v2\/types\/post"}],"author":[{"embeddable":true,"href":"https:\/\/tvbrazilusa.com\/pt\/wp-json\/wp\/v2\/users\/1"}],"replies":[{"embeddable":true,"href":"https:\/\/tvbrazilusa.com\/pt\/wp-json\/wp\/v2\/comments?post=88725"}],"version-history":[{"count":1,"href":"https:\/\/tvbrazilusa.com\/pt\/wp-json\/wp\/v2\/posts\/88725\/revisions"}],"predecessor-version":[{"id":88727,"href":"https:\/\/tvbrazilusa.com\/pt\/wp-json\/wp\/v2\/posts\/88725\/revisions\/88727"}],"wp:featuredmedia":[{"embeddable":true,"href":"https:\/\/tvbrazilusa.com\/pt\/wp-json\/wp\/v2\/media\/88726"}],"wp:attachment":[{"href":"https:\/\/tvbrazilusa.com\/pt\/wp-json\/wp\/v2\/media?parent=88725"}],"wp:term":[{"taxonomy":"category","embeddable":true,"href":"https:\/\/tvbrazilusa.com\/pt\/wp-json\/wp\/v2\/categories?post=88725"},{"taxonomy":"post_tag","embeddable":true,"href":"https:\/\/tvbrazilusa.com\/pt\/wp-json\/wp\/v2\/tags?post=88725"}],"curies":[{"name":"wp","href":"https:\/\/api.w.org\/{rel}","templated":true}]}}