{"id":88737,"date":"2025-01-07T17:02:12","date_gmt":"2025-01-07T17:02:12","guid":{"rendered":"https:\/\/tvbrazilusa.com\/2025\/01\/07\/a-utilizacao-da-arte-como-ferramenta-de-manipulacao-a-ligacao-de-lula-a-fernanda-torres-e-a-desviada-celebracao-da-cultura-assista\/"},"modified":"2025-01-07T17:02:13","modified_gmt":"2025-01-07T17:02:13","slug":"a-utilizacao-da-arte-como-ferramenta-de-manipulacao-a-ligacao-de-lula-a-fernanda-torres-e-a-desviada-celebracao-da-cultura-assista","status":"publish","type":"post","link":"https:\/\/tvbrazilusa.com\/pt\/2025\/01\/07\/a-utilizacao-da-arte-como-ferramenta-de-manipulacao-a-ligacao-de-lula-a-fernanda-torres-e-a-desviada-celebracao-da-cultura-assista\/","title":{"rendered":"A Utiliza\u00e7\u00e3o da arte como ferramenta de manipula\u00e7\u00e3o: A liga\u00e7\u00e3o de Lula a Fernanda Torres e a desviada celebra\u00e7\u00e3o da cultura; ASSISTA"},"content":{"rendered":"<p> <script async src=\"https:\/\/pagead2.googlesyndication.com\/pagead\/js\/adsbygoogle.js?client=ca-pub-8864793242727901\"\r\n     crossorigin=\"anonymous\"><\/script><br \/>\n<\/p>\n<div>\n<p><span class=\"css-1jxf684 r-bcqeeo r-1ttztb7 r-qvutc0 r-poiln3\">A liga\u00e7\u00e3o de Lula para parabenizar Fernanda \u00e9 mais do que uma simples comemora\u00e7\u00e3o. Ela simboliza a uni\u00e3o entre uma classe art\u00edstica comprometida com a ideologia esquerdista e um governo que n\u00e3o hesita em utilizar a cultura como ferramenta de desinforma\u00e7\u00e3o. Em vez de celebrar conquistas reais, o que vemos \u00e9 uma grande manipula\u00e7\u00e3o da imagem para desviar a aten\u00e7\u00e3o do povo das quest\u00f5es s\u00e9rias que enfrentamos. <\/span><\/p>\n<p>\u00a0<\/p>\n<p><span class=\"css-1jxf684 r-bcqeeo r-1ttztb7 r-qvutc0 r-poiln3\">Eles n\u00e3o est\u00e3o comemorando a cultura ou a arte, mas utilizando a arte como um meio de legitimar um regime autorit\u00e1rio, mascarando a opress\u00e3o sob o v\u00e9u de um pr\u00eamio. E o pior: isso \u00e9 feito enquanto as reais v\u00edtimas da ditadura em vigor s\u00e3o ignoradas e desconsideradas.<\/span><\/p>\n<\/div>\n<p><br \/>\n<br \/><a href=\"https:\/\/diariodobrasilnoticias.com.br\/noticia\/a-utilizacao-da-arte-como-ferramenta-de-manipulacao-a-ligacao-de-lula-a-fernanda-torres-e-a-desviada-celebracao-da-cultura-677d36b6f112e\">Source link <\/a><\/p>","protected":false},"excerpt":{"rendered":"<p>A liga\u00e7\u00e3o de Lula para parabenizar Fernanda \u00e9 mais do que uma simples comemora\u00e7\u00e3o. Ela simboliza a uni\u00e3o entre uma classe art\u00edstica comprometida com a ideologia esquerdista e um governo&hellip;<\/p>","protected":false},"author":1,"featured_media":88738,"comment_status":"closed","ping_status":"open","sticky":false,"template":"","format":"standard","meta":{"content-type":"","footnotes":""},"categories":[16],"tags":[123,2448,5313,1267],"class_list":["post-88737","post","type-post","status-publish","format-standard","has-post-thumbnail","hentry","category-noticias","tag-brasil","tag-diario","tag-noticia","tag-noticias"],"_links":{"self":[{"href":"https:\/\/tvbrazilusa.com\/pt\/wp-json\/wp\/v2\/posts\/88737","targetHints":{"allow":["GET"]}}],"collection":[{"href":"https:\/\/tvbrazilusa.com\/pt\/wp-json\/wp\/v2\/posts"}],"about":[{"href":"https:\/\/tvbrazilusa.com\/pt\/wp-json\/wp\/v2\/types\/post"}],"author":[{"embeddable":true,"href":"https:\/\/tvbrazilusa.com\/pt\/wp-json\/wp\/v2\/users\/1"}],"replies":[{"embeddable":true,"href":"https:\/\/tvbrazilusa.com\/pt\/wp-json\/wp\/v2\/comments?post=88737"}],"version-history":[{"count":1,"href":"https:\/\/tvbrazilusa.com\/pt\/wp-json\/wp\/v2\/posts\/88737\/revisions"}],"predecessor-version":[{"id":88739,"href":"https:\/\/tvbrazilusa.com\/pt\/wp-json\/wp\/v2\/posts\/88737\/revisions\/88739"}],"wp:featuredmedia":[{"embeddable":true,"href":"https:\/\/tvbrazilusa.com\/pt\/wp-json\/wp\/v2\/media\/88738"}],"wp:attachment":[{"href":"https:\/\/tvbrazilusa.com\/pt\/wp-json\/wp\/v2\/media?parent=88737"}],"wp:term":[{"taxonomy":"category","embeddable":true,"href":"https:\/\/tvbrazilusa.com\/pt\/wp-json\/wp\/v2\/categories?post=88737"},{"taxonomy":"post_tag","embeddable":true,"href":"https:\/\/tvbrazilusa.com\/pt\/wp-json\/wp\/v2\/tags?post=88737"}],"curies":[{"name":"wp","href":"https:\/\/api.w.org\/{rel}","templated":true}]}}