{"id":88740,"date":"2025-01-07T17:14:36","date_gmt":"2025-01-07T17:14:36","guid":{"rendered":"https:\/\/tvbrazilusa.com\/2025\/01\/07\/rio-grande-do-norte-ganha-voo-inedito-a-aeroparque-na-argentina-e-impulsiona-turismo\/"},"modified":"2025-01-07T17:14:37","modified_gmt":"2025-01-07T17:14:37","slug":"rio-grande-do-norte-ganha-voo-inedito-a-aeroparque-na-argentina-e-impulsiona-turismo","status":"publish","type":"post","link":"https:\/\/tvbrazilusa.com\/pt\/2025\/01\/07\/rio-grande-do-norte-ganha-voo-inedito-a-aeroparque-na-argentina-e-impulsiona-turismo\/","title":{"rendered":"Rio Grande do Norte ganha voo in\u00e9dito a Aeroparque na Argentina e impulsiona turismo"},"content":{"rendered":"<p> <script async src=\"https:\/\/pagead2.googlesyndication.com\/pagead\/js\/adsbygoogle.js?client=ca-pub-8864793242727901\"\r\n     crossorigin=\"anonymous\"><\/script><br \/>\n<\/p>\n<div id=\"taboola-read-more\" style=\"display:block; width:100%\">\n<p>Na madrugada do \u00faltimo domingo (5.jan.2025), pousou no Aeroporto de Natal o primeiro voo vindo do Aeroparque Regional Jorge Newbery, em Buenos Aires. O voo G37465, operado pela Gol, trouxe 174 passageiros e marca um avan\u00e7o significativo para o turismo do Rio Grande do Norte. Essa conquista \u00e9 resultado de um trabalho de promo\u00e7\u00e3o conduzido pelo Governo do Estado por meio da Empresa Potiguar de Promo\u00e7\u00e3o Tur\u00edstica (Emprotur).\n<\/p>\n<p>A governadora F\u00e1tima Bezerra celebrou a novidade, destacando que esta \u00e9 a primeira vez que Natal recebe tr\u00eas voos semanais diretos da Argentina. \u201cEssa conquista representa um grande incremento na nossa economia e um fortalecimento do turismo local\u201d, afirmou.<\/p>\n<p>Conveni\u00eancia para passageiros argentinos<br \/>O estado j\u00e1 conta com uma rota regular conectando Natal ao Aeroporto de Ezeiza (EZE). Durante a alta temporada, h\u00e1 voos extras com duas frequ\u00eancias semanais de dezembro a mar\u00e7o. O novo voo a partir do Aeroparque Jorge Newbery oferece maior praticidade aos viajantes argentinos, especialmente por estar localizado a apenas 6 km do centro de Buenos Aires.\n<\/p>\n<p>Raoni Fernandes, diretor-presidente da Emprotur, enfatizou a import\u00e2ncia estrat\u00e9gica da nova rota: \u201cO Aeroparque \u00e9 o aeroporto preferido dos agentes de viagens em Buenos Aires. A rota, mesmo sazonal, tem potencial para se tornar regular devido \u00e0 alta demanda\u201d.\n<\/p>\n<p>Hist\u00f3rico da parceria e expans\u00e3o do turismo<br \/>A nova liga\u00e7\u00e3o foi anunciada em setembro na Feira Internacional de Turismo, com participa\u00e7\u00e3o do cantor Dorgival Dantas e representantes do governo, da Gol e da Zurich Airport Brasil.\n<\/p>\n<p>Ligas atuais e proje\u00e7\u00f5es futuras<br \/>Voos de Ezeiza (EZE): Duas frequ\u00eancias semanais na alta temporada, com sa\u00eddas \u00e0s quartas e s\u00e1bados.<br \/>Voos do Aeroparque (AEP): Partidas aos s\u00e1bados e chegadas nas madrugadas de domingo.<br \/>A expans\u00e3o promete atrair ainda mais turistas argentinos, consolidando o Rio Grande do Norte como um dos destinos preferidos no Nordeste brasileiro.<\/p>\n<p>Fonte: Por dentro do RN              <\/p>\n<\/div>\n<p><br \/>\n<br \/><a href=\"https:\/\/diariodobrasilnoticias.com.br\/noticia\/rio-grande-do-norte-ganha-voo-inedito-a-aeroparque-na-argentina-e-impulsiona-turismo-677d2f231cabb\">Source link <\/a><\/p>","protected":false},"excerpt":{"rendered":"<p>Na madrugada do \u00faltimo domingo (5.jan.2025), pousou no Aeroporto de Natal o primeiro voo vindo do Aeroparque Regional Jorge Newbery, em Buenos Aires. O voo G37465, operado pela Gol, trouxe&hellip;<\/p>","protected":false},"author":1,"featured_media":88741,"comment_status":"closed","ping_status":"open","sticky":false,"template":"","format":"standard","meta":{"content-type":"","footnotes":""},"categories":[16],"tags":[123,2448,5313,1267],"class_list":["post-88740","post","type-post","status-publish","format-standard","has-post-thumbnail","hentry","category-noticias","tag-brasil","tag-diario","tag-noticia","tag-noticias"],"_links":{"self":[{"href":"https:\/\/tvbrazilusa.com\/pt\/wp-json\/wp\/v2\/posts\/88740","targetHints":{"allow":["GET"]}}],"collection":[{"href":"https:\/\/tvbrazilusa.com\/pt\/wp-json\/wp\/v2\/posts"}],"about":[{"href":"https:\/\/tvbrazilusa.com\/pt\/wp-json\/wp\/v2\/types\/post"}],"author":[{"embeddable":true,"href":"https:\/\/tvbrazilusa.com\/pt\/wp-json\/wp\/v2\/users\/1"}],"replies":[{"embeddable":true,"href":"https:\/\/tvbrazilusa.com\/pt\/wp-json\/wp\/v2\/comments?post=88740"}],"version-history":[{"count":1,"href":"https:\/\/tvbrazilusa.com\/pt\/wp-json\/wp\/v2\/posts\/88740\/revisions"}],"predecessor-version":[{"id":88742,"href":"https:\/\/tvbrazilusa.com\/pt\/wp-json\/wp\/v2\/posts\/88740\/revisions\/88742"}],"wp:featuredmedia":[{"embeddable":true,"href":"https:\/\/tvbrazilusa.com\/pt\/wp-json\/wp\/v2\/media\/88741"}],"wp:attachment":[{"href":"https:\/\/tvbrazilusa.com\/pt\/wp-json\/wp\/v2\/media?parent=88740"}],"wp:term":[{"taxonomy":"category","embeddable":true,"href":"https:\/\/tvbrazilusa.com\/pt\/wp-json\/wp\/v2\/categories?post=88740"},{"taxonomy":"post_tag","embeddable":true,"href":"https:\/\/tvbrazilusa.com\/pt\/wp-json\/wp\/v2\/tags?post=88740"}],"curies":[{"name":"wp","href":"https:\/\/api.w.org\/{rel}","templated":true}]}}