{"id":88767,"date":"2025-01-07T18:10:13","date_gmt":"2025-01-07T18:10:13","guid":{"rendered":"https:\/\/tvbrazilusa.com\/2025\/01\/07\/carcereira-brasileira-flagrada-em-ato-sexual-com-detento-no-reino-unido-e-condenada-a-prisao\/"},"modified":"2025-01-07T18:10:14","modified_gmt":"2025-01-07T18:10:14","slug":"carcereira-brasileira-flagrada-em-ato-sexual-com-detento-no-reino-unido-e-condenada-a-prisao","status":"publish","type":"post","link":"https:\/\/tvbrazilusa.com\/pt\/2025\/01\/07\/carcereira-brasileira-flagrada-em-ato-sexual-com-detento-no-reino-unido-e-condenada-a-prisao\/","title":{"rendered":"Carcereira brasileira flagrada em ato sexual com detento no Reino Unido \u00e9 condenada \u00e0 pris\u00e3o"},"content":{"rendered":"<p> <script async src=\"https:\/\/pagead2.googlesyndication.com\/pagead\/js\/adsbygoogle.js?client=ca-pub-8864793242727901\"\r\n     crossorigin=\"anonymous\"><\/script><br \/>\n<\/p>\n<div id=\"taboola-read-more\" style=\"display:block; width:100%\">\n<p>Uma ex-agente penitenci\u00e1ria brasileira no Reino Unido que foi filmada fazendo sexo com um detento foi condenada \u00e0 pris\u00e3o por 15 meses.\n<\/p>\n<p>Linda de Sousa Abreu foi identificada por funcion\u00e1rios da pris\u00e3o depois que um v\u00eddeo foi compartilhado online e viralizou.<\/p>\n<p>O diretor da pris\u00e3o de Wandsworth disse que as a\u00e7\u00f5es de Abreu levaram &#8220;menos de um dia&#8221; para desfazer os muitos anos de trabalho das funcion\u00e1rias mulheres em pris\u00f5es exclusivamente masculinas.\n<\/p>\n<p>Abreu, de 30 anos, foi presa no Aeroporto de Heathrow, em Londres, quando estava prestes a embarcar em um voo para Madri com seu pai. Ela j\u00e1 havia se declarado culpada do crime de m\u00e1 conduta em cargo p\u00fablico.\n<\/p>\n<p>Em uma declara\u00e7\u00e3o ao Tribunal da Coroa de Isleworth, Andrew Davy, o diretor da pris\u00e3o de Wandsworth, disse que muitas funcion\u00e1rias da pris\u00e3o relataram um aumento em cantadas e ass\u00e9dios por detentos &#8211; e que agora, depois desse epis\u00f3dio, estavam sendo consideradas &#8220;alvos f\u00e1ceis&#8221;.\n<\/p>\n<p>Abreu e o preso foram filmados em uma cela entre 26 e 28 de junho.\n<\/p>\n<p>A Pol\u00edcia Metropolitana de Londres disse que investiga\u00e7\u00f5es estavam em andamento em rela\u00e7\u00e3o a dois presos identificados no v\u00eddeo.\n<\/p>\n<p>A imagem est\u00e1 dividida em duas partes. \u00c0 esquerda, uma mulher com cabelo longo e escuro, vestindo um vestido vermelho, est\u00e1 posando com a m\u00e3o levantada, mostrando suas unhas longas e decoradas. \u00c0 direita, um homem com barba est\u00e1 sentado em uma cadeira, vestindo uma camiseta bege e cal\u00e7as verde-oliva, com t\u00eanis brancos. O fundo mostra uma janela com vista para uma cidade.\n<\/p>\n<p>O tribunal tamb\u00e9m foi informado de que uma grava\u00e7\u00e3o posterior dela realizando um ato sexual com o mesmo preso foi encontrada em sua c\u00e2mera corporal fornecida pela pris\u00e3o\u2013e Abreu admitiu ter feito sexo com aquele preso em outra ocasi\u00e3o.\n<\/p>\n<p>O juiz Martin Edmunds disse que isso mostra que o v\u00eddeo que viralizou n\u00e3o era isolado e fazia parte de um comportamento repetido.\n<\/p>\n<p>Um porta-voz do Servi\u00e7o Prisional disse: &#8220;Embora a esmagadora maioria dos funcion\u00e1rios do Servi\u00e7o Prisional seja trabalhadora e honesta, estamos pegando cada vez mais a pequena minoria que quebra as regras, refor\u00e7ando nossa Unidade Anticorrup\u00e7\u00e3o e fortalecendo nossos processos de verifica\u00e7\u00e3o&#8221;.\n<\/p>\n<p>&#8220;Como a senten\u00e7a de hoje demonstra, quando os policiais ficam abaixo dos nossos altos padr\u00f5es, n\u00e3o hesitamos em tomar medidas fortes.&#8221;\n<\/p>\n<p>A Associa\u00e7\u00e3o de Agentes Prisionais, que representa os funcion\u00e1rios das pris\u00f5es, disse reconhecer que existe um pequeno n\u00famero de funcion\u00e1rios corruptos trabalhando nas pris\u00f5es que prejudicavam o trabalho dos outros.<\/p>\n<p>Fonte: Folha de S. Paulo              <\/p>\n<\/div>\n<p><br \/>\n<br \/><a href=\"https:\/\/diariodobrasilnoticias.com.br\/noticia\/carcereira-brasileira-flagrada-em-ato-sexual-com-detento-no-reino-unido-e-condenada-a-prisao-677d43b91ce1f\">Source link <\/a><\/p>","protected":false},"excerpt":{"rendered":"<p>Uma ex-agente penitenci\u00e1ria brasileira no Reino Unido que foi filmada fazendo sexo com um detento foi condenada \u00e0 pris\u00e3o por 15 meses. Linda de Sousa Abreu foi identificada por funcion\u00e1rios&hellip;<\/p>","protected":false},"author":1,"featured_media":88768,"comment_status":"closed","ping_status":"open","sticky":false,"template":"","format":"standard","meta":{"content-type":"","footnotes":""},"categories":[16],"tags":[123,2448,5313,1267],"class_list":["post-88767","post","type-post","status-publish","format-standard","has-post-thumbnail","hentry","category-noticias","tag-brasil","tag-diario","tag-noticia","tag-noticias"],"_links":{"self":[{"href":"https:\/\/tvbrazilusa.com\/pt\/wp-json\/wp\/v2\/posts\/88767","targetHints":{"allow":["GET"]}}],"collection":[{"href":"https:\/\/tvbrazilusa.com\/pt\/wp-json\/wp\/v2\/posts"}],"about":[{"href":"https:\/\/tvbrazilusa.com\/pt\/wp-json\/wp\/v2\/types\/post"}],"author":[{"embeddable":true,"href":"https:\/\/tvbrazilusa.com\/pt\/wp-json\/wp\/v2\/users\/1"}],"replies":[{"embeddable":true,"href":"https:\/\/tvbrazilusa.com\/pt\/wp-json\/wp\/v2\/comments?post=88767"}],"version-history":[{"count":1,"href":"https:\/\/tvbrazilusa.com\/pt\/wp-json\/wp\/v2\/posts\/88767\/revisions"}],"predecessor-version":[{"id":88769,"href":"https:\/\/tvbrazilusa.com\/pt\/wp-json\/wp\/v2\/posts\/88767\/revisions\/88769"}],"wp:featuredmedia":[{"embeddable":true,"href":"https:\/\/tvbrazilusa.com\/pt\/wp-json\/wp\/v2\/media\/88768"}],"wp:attachment":[{"href":"https:\/\/tvbrazilusa.com\/pt\/wp-json\/wp\/v2\/media?parent=88767"}],"wp:term":[{"taxonomy":"category","embeddable":true,"href":"https:\/\/tvbrazilusa.com\/pt\/wp-json\/wp\/v2\/categories?post=88767"},{"taxonomy":"post_tag","embeddable":true,"href":"https:\/\/tvbrazilusa.com\/pt\/wp-json\/wp\/v2\/tags?post=88767"}],"curies":[{"name":"wp","href":"https:\/\/api.w.org\/{rel}","templated":true}]}}