{"id":88774,"date":"2025-01-07T18:21:57","date_gmt":"2025-01-07T18:21:57","guid":{"rendered":"https:\/\/tvbrazilusa.com\/2025\/01\/07\/onu-afirma-que-pelo-menos-901-pessoas-foram-executadas-no-ira-em-2024\/"},"modified":"2025-01-07T18:21:58","modified_gmt":"2025-01-07T18:21:58","slug":"onu-afirma-que-pelo-menos-901-pessoas-foram-executadas-no-ira-em-2024","status":"publish","type":"post","link":"https:\/\/tvbrazilusa.com\/pt\/2025\/01\/07\/onu-afirma-que-pelo-menos-901-pessoas-foram-executadas-no-ira-em-2024\/","title":{"rendered":"ONU afirma que pelo menos 901 pessoas foram executadas no Ir\u00e3 em 2024"},"content":{"rendered":"<p> <script async src=\"https:\/\/pagead2.googlesyndication.com\/pagead\/js\/adsbygoogle.js?client=ca-pub-8864793242727901\"\r\n     crossorigin=\"anonymous\"><\/script><br \/>\n<\/p>\n<div>\n<p>Pelo menos 901 pessoas foram executadas no Ir\u00e3 no ano passado, incluindo cerca de 40 em uma \u00fanica semana em dezembro, disse o alto comiss\u00e1rio da ONU para os Direitos Humanos, Volker T\u00fcrk, nesta ter\u00e7a-feira (7).\n<\/p>\n<\/div>\n<div>\n<p>&#8220;\u00c9 muito preocupante notar que o n\u00famero de pessoas executadas no Ir\u00e3 est\u00e1 aumentando a cada ano&#8221;, disse T\u00fcrk em um comunicado, acrescentando que &#8220;\u00e9 hora de o Ir\u00e3 interromper essa onda de execu\u00e7\u00f5es&#8221;.<\/p>\n<\/div>\n<div>\n<p>Para efeito de compara\u00e7\u00e3o, em 2023, as autoridades iranianas executaram 853 pessoas.\n<\/p>\n<\/div>\n<div>\n<p>De acordo com a ONU, a maioria das pessoas executadas em 2024 foi condenada \u00e0 morte por crimes relacionados a drogas, mas dissidentes e manifestantes que participaram dos protestos de 2022-2023 tamb\u00e9m foram executados.\n<\/p>\n<\/div>\n<div>\n<p>A ONU tamb\u00e9m observou um aumento no n\u00famero de mulheres executadas.\n<\/p>\n<\/div>\n<div>\n<p>De acordo com a Iran Human Rights, pelo menos 31 mulheres foram executadas no Ir\u00e3 em 2024, um recorde desde que a organiza\u00e7\u00e3o sediada na Noruega come\u00e7ou a documentar o uso da pena de morte na rep\u00fablica isl\u00e2mica em 2008.\n<\/p>\n<\/div>\n<div>\n<p>De acordo com v\u00e1rias organiza\u00e7\u00f5es de defesa dos direitos humanos, incluindo a Anistia Internacional, o Ir\u00e3 \u00e9 o pa\u00eds que mais aplica a pena de morte, excluindo a China, para a qual n\u00e3o existem dados dispon\u00edveis.\n<\/p>\n<\/div>\n<div>\n<p>O Ir\u00e3 aplica a lei de tali\u00e3o, conhecida como qisas, que estipula que um homic\u00eddio deve ser &#8220;pago&#8221; com a perda de outra vida, a menos que a fam\u00edlia da v\u00edtima perdoe ou aceite uma indeniza\u00e7\u00e3o.\n<\/p>\n<\/div>\n<div>\n<p>&#8220;Nos opomos \u00e0 pena de morte em todas as circunst\u00e2ncias&#8221;, declarou T\u00fcrk.\n<\/p>\n<\/div>\n<div>\n<p>&#8220;\u00c9 incompat\u00edvel com o direito fundamental \u00e0 vida e apresenta o risco inaceit\u00e1vel de execu\u00e7\u00e3o de pessoas inocentes&#8221;, acrescentou.\n<\/p>\n<\/div>\n<div>\n<p>Cerca de 170 pa\u00edses aboliram ou introduziram uma morat\u00f3ria sobre a pena de morte, de acordo com a ONU.\n<\/p>\n<\/div>\n<div>\n<p>Os defensores dos direitos humanos suspeitam que as autoridades iranianas est\u00e3o utilizando a pena capital para incutir medo na sociedade, especialmente depois de os protestos terem abalado o regime em 2022 e 2023.\n<\/p>\n<\/div>\n<p><br \/>\n<br \/><a href=\"https:\/\/diariodobrasilnoticias.com.br\/noticia\/onu-afirma-que-pelo-menos-901-pessoas-foram-executadas-no-ira-em-2024-677d501fb1e30\">Source link <\/a><\/p>","protected":false},"excerpt":{"rendered":"<p>Pelo menos 901 pessoas foram executadas no Ir\u00e3 no ano passado, incluindo cerca de 40 em uma \u00fanica semana em dezembro, disse o alto comiss\u00e1rio da ONU para os Direitos&hellip;<\/p>","protected":false},"author":1,"featured_media":88775,"comment_status":"closed","ping_status":"open","sticky":false,"template":"","format":"standard","meta":{"content-type":"","footnotes":""},"categories":[16],"tags":[123,2448,5313,1267],"class_list":["post-88774","post","type-post","status-publish","format-standard","has-post-thumbnail","hentry","category-noticias","tag-brasil","tag-diario","tag-noticia","tag-noticias"],"_links":{"self":[{"href":"https:\/\/tvbrazilusa.com\/pt\/wp-json\/wp\/v2\/posts\/88774","targetHints":{"allow":["GET"]}}],"collection":[{"href":"https:\/\/tvbrazilusa.com\/pt\/wp-json\/wp\/v2\/posts"}],"about":[{"href":"https:\/\/tvbrazilusa.com\/pt\/wp-json\/wp\/v2\/types\/post"}],"author":[{"embeddable":true,"href":"https:\/\/tvbrazilusa.com\/pt\/wp-json\/wp\/v2\/users\/1"}],"replies":[{"embeddable":true,"href":"https:\/\/tvbrazilusa.com\/pt\/wp-json\/wp\/v2\/comments?post=88774"}],"version-history":[{"count":1,"href":"https:\/\/tvbrazilusa.com\/pt\/wp-json\/wp\/v2\/posts\/88774\/revisions"}],"predecessor-version":[{"id":88776,"href":"https:\/\/tvbrazilusa.com\/pt\/wp-json\/wp\/v2\/posts\/88774\/revisions\/88776"}],"wp:featuredmedia":[{"embeddable":true,"href":"https:\/\/tvbrazilusa.com\/pt\/wp-json\/wp\/v2\/media\/88775"}],"wp:attachment":[{"href":"https:\/\/tvbrazilusa.com\/pt\/wp-json\/wp\/v2\/media?parent=88774"}],"wp:term":[{"taxonomy":"category","embeddable":true,"href":"https:\/\/tvbrazilusa.com\/pt\/wp-json\/wp\/v2\/categories?post=88774"},{"taxonomy":"post_tag","embeddable":true,"href":"https:\/\/tvbrazilusa.com\/pt\/wp-json\/wp\/v2\/tags?post=88774"}],"curies":[{"name":"wp","href":"https:\/\/api.w.org\/{rel}","templated":true}]}}