{"id":88782,"date":"2025-01-07T18:34:52","date_gmt":"2025-01-07T18:34:52","guid":{"rendered":"https:\/\/tvbrazilusa.com\/2025\/01\/07\/moluscos-sao-encontrados-infectados-com-verme-de-meningite\/"},"modified":"2025-01-07T18:34:54","modified_gmt":"2025-01-07T18:34:54","slug":"moluscos-sao-encontrados-infectados-com-verme-de-meningite","status":"publish","type":"post","link":"https:\/\/tvbrazilusa.com\/pt\/2025\/01\/07\/moluscos-sao-encontrados-infectados-com-verme-de-meningite\/","title":{"rendered":"Moluscos s\u00e3o encontrados infectados com verme de meningite"},"content":{"rendered":"<p> <script async src=\"https:\/\/pagead2.googlesyndication.com\/pagead\/js\/adsbygoogle.js?client=ca-pub-8864793242727901\"\r\n     crossorigin=\"anonymous\"><\/script><br \/>\n<\/p>\n<div id=\"taboola-read-more\" style=\"display:block; width:100%\">\n<p>Pesquisadores da Funda\u00e7\u00e3o Oswaldo Cruz identificaram a presen\u00e7a do verme Angiostrongylus cantonensis em moluscos terrestres de 26 munic\u00edpios do Rio de Janeiro. Este verme \u00e9 capaz de causar meningite eosinof\u00edlica, uma doen\u00e7a que pode ter consequ\u00eancias graves para a sa\u00fade humana. A descoberta destaca a necessidade de aumentar a vigil\u00e2ncia sanit\u00e1ria na regi\u00e3o.\n<\/p>\n<p>O estudo, conduzido pelo Laborat\u00f3rio de Malacologia do Instituto Oswaldo Cruz, analisou 2600 moluscos coletados manualmente entre 2015 e 2019. Desses, 9% estavam infectados com o parasita. Os resultados indicam um risco significativo de transmiss\u00e3o da doen\u00e7a, especialmente em \u00e1reas urbanas densamente povoadas, onde a esp\u00e9cie Achatina fulica, o caramujo gigante africano, se mostrou a mais afetada.<\/p>\n<p>Como o Angiostrongylus cantonensis Afeta os Humanos?\n<\/p>\n<p>O ciclo de vida do A. cantonensis envolve hospedeiros intermedi\u00e1rios, como os moluscos, e definitivos, como os roedores. A infec\u00e7\u00e3o humana ocorre acidentalmente, geralmente atrav\u00e9s da ingest\u00e3o de moluscos contaminados ou de seu muco. Uma vez no corpo humano, o parasita pode causar uma inflama\u00e7\u00e3o nas meninges, que s\u00e3o as membranas que protegem o sistema nervoso central.\n<\/p>\n<p>Os sintomas da meningite eosinof\u00edlica incluem dor de cabe\u00e7a intensa, rigidez na nuca, febre e, em casos mais severos, podem levar \u00e0 morte. Apesar da gravidade potencial, a maior parte dos casos se resolve espontaneamente. Entretanto, surtos localizados, como o ocorrido recentemente em Nova Igua\u00e7u, ressaltam a import\u00e2ncia da conscientiza\u00e7\u00e3o p\u00fablica e das medidas preventivas.\n<\/p>\n<p>Quais s\u00e3o as Medidas de Preven\u00e7\u00e3o Contra a Meningite Eosinof\u00edlica?<br \/>A preven\u00e7\u00e3o dessa doen\u00e7a est\u00e1 fortemente ligada a pr\u00e1ticas de higiene e controle da prolifera\u00e7\u00e3o dos moluscos. \u00c9 imprescind\u00edvel que os consumidores evitem a ingest\u00e3o de moluscos de origem duvidosa, especialmente se n\u00e3o estiverem adequadamente cozidos. O uso de luvas ao manusear esses animais durante o cultivo de hortas e jardins \u00e9 recomendado.\n<\/p>\n<p>Higienizar vegetais: Deixe de molho por 30 minutos em uma solu\u00e7\u00e3o de \u00e1gua sanit\u00e1ria antes de consumir.<br \/>Exterm\u00ednio de caramujos: Use \u00e1gua fervente, salmoura ou cloro para matar, e descarte adequadamente os restos.<br \/>Educa\u00e7\u00e3o e vigil\u00e2ncia: As autoridades devem promover campanhas de educa\u00e7\u00e3o em sa\u00fade para aumentar a conscientiza\u00e7\u00e3o p\u00fablica sobre os perigos dos moluscos infectados.<br \/>Impacto da Pesquisa e A\u00e7\u00f5es Recomendadas<br \/>A pesquisa realizada pela Fiocruz destaca a necessidade de medidas eficazes para mitigar a dissemina\u00e7\u00e3o de A. cantonensis em \u00e1reas urbanas. Recomenda-se que as prefeituras intensifiquem as atividades de coleta e an\u00e1lise dos moluscos, al\u00e9m de refor\u00e7ar a limpeza urbana para impedir a prolifera\u00e7\u00e3o desses animais.\n<\/p>\n<p>Al\u00e9m disso, \u00e9 crucial que a popula\u00e7\u00e3o seja educada sobre os riscos associados \u00e0 exposi\u00e7\u00e3o a moluscos infectados. Iniciativas de educa\u00e7\u00e3o em sa\u00fade s\u00e3o essenciais para garantir que os cidad\u00e3os tomem as precau\u00e7\u00f5es necess\u00e1rias para se protegerem contra a infec\u00e7\u00e3o.<\/p>\n<p>Fonte: O antagonista              <\/p>\n<\/div>\n<p><br \/>\n<br \/><a href=\"https:\/\/diariodobrasilnoticias.com.br\/noticia\/moluscos-sao-encontrados-infectados-com-verme-de-meningite-677d51b32f8a8\">Source link <\/a><\/p>","protected":false},"excerpt":{"rendered":"<p>Pesquisadores da Funda\u00e7\u00e3o Oswaldo Cruz identificaram a presen\u00e7a do verme Angiostrongylus cantonensis em moluscos terrestres de 26 munic\u00edpios do Rio de Janeiro. Este verme \u00e9 capaz de causar meningite eosinof\u00edlica,&hellip;<\/p>","protected":false},"author":1,"featured_media":88783,"comment_status":"closed","ping_status":"open","sticky":false,"template":"","format":"standard","meta":{"content-type":"","footnotes":""},"categories":[16],"tags":[123,2448,5313,1267],"class_list":["post-88782","post","type-post","status-publish","format-standard","has-post-thumbnail","hentry","category-noticias","tag-brasil","tag-diario","tag-noticia","tag-noticias"],"_links":{"self":[{"href":"https:\/\/tvbrazilusa.com\/pt\/wp-json\/wp\/v2\/posts\/88782","targetHints":{"allow":["GET"]}}],"collection":[{"href":"https:\/\/tvbrazilusa.com\/pt\/wp-json\/wp\/v2\/posts"}],"about":[{"href":"https:\/\/tvbrazilusa.com\/pt\/wp-json\/wp\/v2\/types\/post"}],"author":[{"embeddable":true,"href":"https:\/\/tvbrazilusa.com\/pt\/wp-json\/wp\/v2\/users\/1"}],"replies":[{"embeddable":true,"href":"https:\/\/tvbrazilusa.com\/pt\/wp-json\/wp\/v2\/comments?post=88782"}],"version-history":[{"count":1,"href":"https:\/\/tvbrazilusa.com\/pt\/wp-json\/wp\/v2\/posts\/88782\/revisions"}],"predecessor-version":[{"id":88784,"href":"https:\/\/tvbrazilusa.com\/pt\/wp-json\/wp\/v2\/posts\/88782\/revisions\/88784"}],"wp:featuredmedia":[{"embeddable":true,"href":"https:\/\/tvbrazilusa.com\/pt\/wp-json\/wp\/v2\/media\/88783"}],"wp:attachment":[{"href":"https:\/\/tvbrazilusa.com\/pt\/wp-json\/wp\/v2\/media?parent=88782"}],"wp:term":[{"taxonomy":"category","embeddable":true,"href":"https:\/\/tvbrazilusa.com\/pt\/wp-json\/wp\/v2\/categories?post=88782"},{"taxonomy":"post_tag","embeddable":true,"href":"https:\/\/tvbrazilusa.com\/pt\/wp-json\/wp\/v2\/tags?post=88782"}],"curies":[{"name":"wp","href":"https:\/\/api.w.org\/{rel}","templated":true}]}}