{"id":88812,"date":"2025-01-07T18:26:49","date_gmt":"2025-01-07T18:26:49","guid":{"rendered":"https:\/\/tvbrazilusa.com\/2025\/01\/07\/precisamos-de-lideres-experientes-aqui-esta-quem-deve-substituir-jerod-mayo\/"},"modified":"2025-01-07T19:21:29","modified_gmt":"2025-01-07T19:21:29","slug":"precisamos-de-lideres-experientes-aqui-esta-quem-deve-substituir-jerod-mayo","status":"publish","type":"post","link":"https:\/\/tvbrazilusa.com\/pt\/2025\/01\/07\/precisamos-de-lideres-experientes-aqui-esta-quem-deve-substituir-jerod-mayo\/","title":{"rendered":"&#8216;Precisamos de l\u00edderes experientes:&#8217; Aqui est\u00e1 quem deve substituir Jerod Mayo"},"content":{"rendered":"<p> <script async src=\"https:\/\/pagead2.googlesyndication.com\/pagead\/js\/adsbygoogle.js?client=ca-pub-8864793242727901\"\r\n     crossorigin=\"anonymous\"><\/script><br \/>\n<\/p>\n<div id=\"\">\n<header class=\"m-article-header m-article-header--standard\">\n\t\t\t\t\t\t\t\t\t\t\t\t<span id=\"article-header-primary-term\"><br \/>\n\t\t\t\t\t\t\t\t<a class=\"a-term a-term--primary\" href=\"https:\/\/www.boston.com\/tag\/readers-say\/\"><\/p>\n<p>\t\t\t\t\t\t\t\tOs leitores dizem\t\t\t\t\t\t\t\t<\/a><br \/>\n\t\t\t\t\t\t\t<\/span><\/p>\n<h2 class=\"m-article-header__sub-headline\">Apesar da incerteza que os torcedores do Patriot sentiram durante a temporada de 2024, h\u00e1 uma coisa que eles t\u00eam certeza: quem deve substituir o t\u00e9cnico Jerod Mayo.<\/h2>\n<figure class=\"a-photo m-article-header__photo\"><figcaption class=\"a-photo__caption\">\n<p>\tO New England Patriots treinou no campo do Gillette Stadium na ter\u00e7a-feira durante sua semana de folga. O t\u00e9cnico Jerod Mayo parece pensativo enquanto caminha pelo campo durante o alongamento.<em> (John Tlumacki\/Equipe da Globo)<\/em>\t<\/figcaption><\/figure>\n<div class=\"m-article-header__meta\">\n<div class=\"m-article-header__byline\">\n<p class=\"m-article-header__author\">\n<p>\t\t\t\t\t\t\t\tPor <a class=\"a-link a-link--inline\" href=\"https:\/\/www.boston.com\/author\/annie-jonas\/\">Ana Jonas<\/a>\t\t\t\t\t\t\t<\/p>\n<p>\t\t\t\t\t\t\t\t\t\t\t\t\t\t\t<time class=\"m-article-header__date\"><\/p>\n<p>\t\t\t\t\t\t\t\t\t7 de janeiro de 2025 | 13h26\t\t\t\t\t\t\t\t<\/time><\/p>\n<p><span>4 minutos para ler<\/span><\/p>\n<\/p><\/div>\n<\/p><\/div>\n<\/header>\n<p>Apesar da incerteza que os f\u00e3s do New England Patriots sentiram durante \u201co <a href=\"https:\/\/www.boston.com\/sports\/new-england-patriots\/2025\/01\/06\/12-reasons-why-the-2024-patriots-season-turned-into-a-disaster-for-jerod-mayo-robert-kraft\/\">temporada de futebol mais feia dos \u00faltimos tempos<\/a>\u201d, de acordo com Conor Ryan, do Boston.com, h\u00e1 uma coisa sobre a qual eles t\u00eam certeza: quem deve substituir o t\u00e9cnico Jerod Mayo.<\/p>\n<p>\u201cPrecisamos de l\u00edderes experientes. Mike Vrabel tem pedigree\u201d, disse John, leitor do Boston.com, de Shrewsbury, quando perguntamos <a href=\"https:\/\/www.boston.com\/community\/tell-us\/2025\/01\/06\/who-should-replace-jerod-mayo-as-head-coach-of-the-patriots\/\">quem deve substituir o treinador principal do primeiro ano<\/a>.<\/p>\n<p>No domingo, Mayo foi <a href=\"https:\/\/www.boston.com\/sports\/new-england-patriots\/2025\/01\/05\/jerod-mayo-new-england-patriots-fired-nfl-robert-kraft-nfl\/\">despedido<\/a> pelos Patriots depois de terminar a temporada de 2024 com um decepcionante recorde de 4-13. Os Patriotas <a href=\"https:\/\/www.boston.com\/sports\/new-england-patriots\/2025\/01\/05\/patriots-vs-bills-live-updates-will-new-england-hold-onto-no-1-pick\/\">Vit\u00f3ria por 23-16 contra os Bills<\/a> fez pouco para acalmar a decep\u00e7\u00e3o entre os f\u00e3s e os propriet\u00e1rios da franquia, que divulgou um comunicado sobre a demiss\u00e3o de Mayo pouco mais de uma hora ap\u00f3s o jogo.<\/p>\n<p>\u201cPensei muito e considerei quais a\u00e7\u00f5es posso tomar para acelerar nosso retorno \u00e0 disputa do campeonato e determinei que esta mudan\u00e7a era a melhor op\u00e7\u00e3o neste momento\u201d, disse o propriet\u00e1rio Robert Kraft no comunicado. <a href=\"https:\/\/www.boston.com\/sports\/new-england-patriots\/2025\/01\/05\/jerod-mayo-new-england-patriots-fired-nfl-robert-kraft-nfl\/\">declara\u00e7\u00e3o<\/a> em X.<\/p>\n<figure class=\"wp-block-embed is-type-rich is-provider-twitter wp-block-embed-twitter\"\/>\n<p>On-line <a href=\"https:\/\/www.boston.com\/sports\/new-england-patriots\/2025\/01\/06\/mike-vrabel-reportedly-met-with-jets-to-put-pressure-on-patriots\/\">conversa e especula\u00e7\u00e3o<\/a> sobre quem poderia estar entre os <a href=\"https:\/\/www.boston.com\/sports\/new-england-patriots\/2025\/01\/05\/new-england-patriots-coaching-candidates-mayo-mike-vrabel-ben-johnson-kraft\/\">candidatos de alto n\u00edvel<\/a> para preencher a vaga de Mayo estava agitado nos dias que antecederam a demiss\u00e3o de domingo. Mike Vrabel foi um dos pioneiros e tamb\u00e9m teve uma pesquisa favor\u00e1vel entre os leitores do Boston.com.<\/p>\n<p>Quando <a href=\"https:\/\/www.boston.com\/community\/tell-us\/2025\/01\/06\/who-should-replace-jerod-mayo-as-head-coach-of-the-patriots\/\">n\u00f3s perguntamos<\/a> leitores que gostariam de ver liderando os Patriots como treinador principal, mais de 300 responderam com suas escolhas. Vrabel ficou em primeiro lugar com 61% dos votos, seguido por Ben Johnson em segundo lugar com pouco menos de um quarto dos votos (22%) e Brian Flores em terceiro lugar com 7%. <\/p>\n<div class=\"gform_wrapper m-gforms-poll-block gravity-theme gform-theme--no-framework\">\n<div class=\"gpoll_container\">\n<div class=\"gpoll_field\">\n<div class=\"gpoll_field_label_container\">\n<p>Quem deve substituir Jerod Mayo como t\u00e9cnico do New England Patriots?<\/p>\n<\/div>\n<p><!-- .gpoll_choice_wrapper --><!-- .gpoll_choice_wrapper --><!-- .gpoll_choice_wrapper --><!-- .gpoll_choice_wrapper --><!-- .gpoll_choice_wrapper --><!-- .gpoll_choice_wrapper --><!-- .gpoll_choice_wrapper --><\/div>\n<p><!-- .gpoll_field --><\/div>\n<\/div>\n<p>\u201cVrabel sangra a prata e o azul do Patriot, e ele \u00e9 um treinador inteligente e duro, com a experi\u00eancia necess\u00e1ria para identificar os treinadores e jogadores que ele precisar\u00e1 para ressuscitar a cultura vencedora que trouxe seis trof\u00e9us do Super Bowl para a Nova Inglaterra\u201d, disse Vincent, leitor do Boston.com L. de Quincy disse.<\/p>\n<p>\u201cAl\u00e9m disso, ele apresentar\u00e1 um contrapeso necess\u00e1rio para [Eliot] Wolf se este \u00faltimo for mantido como EVP do pessoal dos jogadores nas \u00e1reas de draft e contrata\u00e7\u00f5es de agentes livres\u201d, acrescentou.<\/p>\n<p>Abaixo, os leitores compartilham quem eles acham que deveria substituir Jerod Mayo como t\u00e9cnico do New England Patriots.<\/p>\n<p><em>As respostas foram levemente editadas para fins gramaticais e de clareza.<\/em><\/p>\n<h2 class=\"wp-block-heading\" id=\"h-who-should-replace-jerod-mayo-as-the-head-coach-of-the-new-england-patriots\">Quem deve substituir Jerod Mayo como t\u00e9cnico do New England Patriots?<\/h2>\n<h3 class=\"wp-block-heading\" id=\"h-mike-vrabel-nbsp\">Mike Vrabel <\/h3>\n<blockquote class=\"wp-block-quote is-layout-flow wp-block-quote-is-layout-flow\">\n<p>\u201cDepois de ter um treinador que claramente n\u00e3o tinha experi\u00eancia suficiente para ser treinador principal, eles n\u00e3o podem escolher outro treinador principal no primeiro ano. Vrabel tem anos de experi\u00eancia e parece que muitos bons treinadores s\u00e3o muito melhores no segundo emprego que ser\u00e1 para ele. Ele \u00e9 inteligente, parece saber exatamente o que quer fazer, e quero dizer, ele treinou Bill [Belichick] naquele jogo do playoff de 2019 em Foxboro, quando Brady ainda estava aqui.\u201d \u2013 <em>Hugh, Wayland<\/em><\/p>\n<\/blockquote>\n<blockquote class=\"wp-block-quote is-layout-flow wp-block-quote-is-layout-flow\">\n<p>\u201cEle \u00e9 um l\u00edder comprovado que criar\u00e1 uma equipe obstinada, organizada e fundamentalmente s\u00f3lida. Tudo o que o time Patriots deste ano deveria ser. Ele tirou o m\u00e1ximo proveito de um elenco med\u00edocre no Tennessee antes que surgissem atritos entre ele e a propriedade. Foi um jogador da liga e pode se comunicar e se relacionar com os atletas de hoje em um n\u00edvel diferente. Acho que ele pode ser um &#8216;treinador de jogadores&#8217; e ao mesmo tempo ser duro, respons\u00e1vel e ter grandes expectativas em rela\u00e7\u00e3o aos seus jogadores. Tamb\u00e9m acho que, ao contr\u00e1rio de Mayo, ele ter\u00e1 uma mensagem e uma abordagem consistentes e n\u00e3o a repetir\u00e1 dia sim, dia n\u00e3o na m\u00eddia.\u201d \u2013 <em>Nick B., Auburn, Nova Hampshire<\/em><\/p>\n<\/blockquote>\n<blockquote class=\"wp-block-quote is-layout-flow wp-block-quote-is-layout-flow\">\n<p>\u201cMike Vrabel cresceu no sistema, na cultura e no local dos Patriots como um dos grandes jogadores que jogaram durante nossos gloriosos 20 anos. Ele traz for\u00e7a no lado defensivo da bola que precisaremos no pr\u00f3ximo ano, sua perspic\u00e1cia para treinar e ser um grande l\u00edder, como fica evidente em seus dias de Tit\u00e3s, e vencendo muitos jogos com um QB jornaleiro em Ryan Tannehill. Ele seria \u00f3timo na constru\u00e7\u00e3o de um bom ataque em torno de Drake Maye e na forma\u00e7\u00e3o de unidades defensivas competitivas e de equipes especiais.\u201d \u2013 <em>Sankar S., South Riding, Virg\u00ednia<\/em><\/p>\n<\/blockquote>\n<blockquote class=\"wp-block-quote is-layout-flow wp-block-quote-is-layout-flow\">\n<p>\u201cEle conhece a \u00e1rea e a torcida. Ele entende os Krafts e provavelmente consegue lidar com eles melhor do que outros. Al\u00e9m disso, um grande jogador!\u201d \u2013 <em>Maria, Cabo Cod<\/em><\/p>\n<\/blockquote>\n<blockquote class=\"wp-block-quote is-layout-flow wp-block-quote-is-layout-flow\">\n<p>\u201cOs Patriots precisam de talento comprovado na posi\u00e7\u00e3o de treinador principal. Mike Vrabel levou os Titans a temporadas de vit\u00f3rias quatro vezes diferentes e levou o Tennessee aos playoffs tr\u00eas vezes, incluindo uma viagem para o jogo do Campeonato AFC em 2019. Ele \u00e9 a escolha certa na hora certa \u2013 algu\u00e9m familiarizado com a franquia que ir\u00e1 reconstruir o cultura vencedora que esta base de f\u00e3s espera.\u201d \u2013 <em>Greg W., Hyde Park<\/em><\/p>\n<\/blockquote>\n<h3 class=\"wp-block-heading\" id=\"h-ben-johnson\">Ben Johnson<\/h3>\n<blockquote class=\"wp-block-quote is-layout-flow wp-block-quote-is-layout-flow\">\n<p>\u201cPrecisamos de uma nova voz para liderar o New England Patriots. O jeito Patriota do passado acabou. Pare de tentar trazer ex-jogadores de volta. Na verdade, pare de contratar ex-jogadores para serem treinadores principais. Per\u00edodo. Precisamos de um guru ofensivo para fazer parceria com Drake Maye. E ent\u00e3o contrate um treinador defensivo qualificado, como aquele que acabou de ser dispensado pelos Bengals.\u201d \u2013<em> Mike, Bolton<\/em><\/p>\n<\/blockquote>\n<blockquote class=\"wp-block-quote is-layout-flow wp-block-quote-is-layout-flow\">\n<p>\u201cOs Patriots precisam cortar a \u00e1rvore de treinamento de Bill Belichick e come\u00e7ar com (novas) ideias externas.\u201d \u2013 <em>Ken, Cabo Cod<\/em><\/p>\n<\/blockquote>\n<blockquote class=\"wp-block-quote is-layout-flow wp-block-quote-is-layout-flow\">\n<p>\u201cTemos um zagueiro! N\u00e3o precisamos de um treinador defensivo como [Mike] Vrabel ou [Brian] Flores. [Ben] Johnson, [Liam] Coen, ou [Joe] Brady deveria ser o principal entrevistado.\u201d -Tony O., Chilmark<\/p>\n<\/blockquote>\n<blockquote class=\"wp-block-quote is-layout-flow wp-block-quote-is-layout-flow\">\n<p>\u201cRealmente n\u00e3o importa quem eles escolham se n\u00e3o se livrarem de Eliot Wolf tamb\u00e9m. Se ele tiver a palavra final na reda\u00e7\u00e3o da pr\u00f3xima aula, j\u00e1 perdemos.\u201d \u2013 <em>Jaden, Watertown<\/em><\/p>\n<\/blockquote>\n<h3 class=\"wp-block-heading\" id=\"h-brian-flores\">Brian Flores<\/h3>\n<blockquote class=\"wp-block-quote is-layout-flow wp-block-quote-is-layout-flow\">\n<p>\u201cBrian Flores fez um \u00f3timo trabalho em Miami antes de ser demitido e est\u00e1 fazendo um \u00f3timo trabalho com os Vikings. Ele \u00e9 muito inteligente e tem um sistema em que acredita, sua equipe sempre se prepara bem.\u201d \u2013 <em>Jean M., Randolph<\/em><\/p>\n<\/blockquote>\n<blockquote class=\"wp-block-quote is-layout-flow wp-block-quote-is-layout-flow\">\n<p>\u201cTreinador de alta qualidade, fazendo um \u00f3timo trabalho em Minnesota!\u201d \u2013 <em>EA<\/em><\/p>\n<\/blockquote>\n<p><em>O Boston.com ocasionalmente interage com os leitores realizando enquetes e pesquisas informais. Estes resultados devem ser lidos como uma medida n\u00e3o cient\u00edfica da opini\u00e3o dos leitores.<\/em><\/p>\n<div class=\"o-author-single has-avatar\">\n<header class=\"m-author-card\">\n<div class=\"a-image a-image--square m-author-card__image\">\n\t\t<img decoding=\"async\" class=\"\" src=\"https:\/\/www.boston.com\/wp-content\/uploads\/2024\/10\/cropped-IMG_2875-671fb6f808237-671fb70325313.jpg\" alt=\"Imagem do perfil de Annie Jonas\"\/>\t<\/div>\n<\/header>\n<section class=\"author-info\">\n<div class=\"m-author__section\">\n<p>Annie Jonas \u00e9 redatora comunit\u00e1ria do Boston.com. Anteriormente, ela foi editora local na Patch e freelancer no Financial Times.<\/p>\n<\/div>\n<\/section>\n<\/div>\n<div class=\"m-block m-generic-cta\t m-generic-cta--post-content\t m-generic-cta--dark\t m-generic-cta--homepage\t m-generic-cta--email-signup\t\t m-generic-cta-block-style--default \tt-amp__generic-cta\"><\/p>\n<div class=\"m-generic-cta__wrap\">\n<div class=\"m-generic-cta__content\">\n<h3 class=\"m-generic-cta__title\">Inscreva-se para receber atualiza\u00e7\u00f5es do Patriots\ud83c\udfc8<\/h3>\n<p class=\"m-generic-cta__subtitle\">Receba as \u00faltimas not\u00edcias e an\u00e1lises em sua caixa de entrada durante a temporada de futebol.<\/p>\n<\/p><\/div>\n<\/p><\/div>\n<\/div><\/div>\n<p><script>\n\t\tvar consent=\"grant\";\n\t\t\/* The above code is parsing the JSON data from the local storage and storing it in a variable. *\/\n\t\t\t\t\tconst onetrustStorageConsent = JSON.parse(localStorage.getItem( 'consent_one_trust_bdc' ) );\n\t\t\tif ( ( onetrustStorageConsent !== null ) ) {\n\t\t\t\t\/* Checking to see if the user has consented to the use of cookies.\n\t\t\t\t* If they have not, it is deleting the cookie.\n\t\t\t\t* This will comment for now, until further notice.\n\t\t\t\t*\/\n\t\t\t\t\/\/if ( onetrustStorageConsent.C0002 === false ) {\n\t\t\t\t\/\/\tdocument.cookie=\"_fbp=;expires=Thu, 01 Jan 2010 00:00:00 UTC; path=\/; domain=.boston.com\";\n\t\t\t\t\/\/}\n\t\t\t\t\/* Checking if the user has given consent for the cookie C0002.\n\t\t\t\t* If the user has given consent, the variable consent will be set to 'grant'.\n\t\t\t\t* If the user has not given consent,the variable consent will be set to 'revoke'.\n\t\t\t\t* Documentation https:\/\/developers.facebook.com\/docs\/meta-pixel\/implementation\/gdpr\n\t\t\t\t*\/\n\t\t\t\tif ( onetrustStorageConsent.C0002 !== true ) {\n\t\t\t\t\tconsent=\"revoke\";\n\t\t\t\t}\n\t\t\t}\n\t\t\t\t!function(f,b,e,v,n,t,s)\n\t\t{if(f.fbq)return;n=f.fbq=function(){n.callMethod?\n\t\tn.callMethod.apply(n,arguments):n.queue.push(arguments)};\n\t\tif(!f._fbq)f._fbq=n;n.push=n;n.loaded=!0;n.version='2.0';\n\t\tn.queue=[];t=b.createElement(e);t.async=!0;\n\t\tt.src=v;s=b.getElementsByTagName(e)[0];\n\t\ts.parentNode.insertBefore(t,s)}(window, document,'script',\n\t\t'https:\/\/connect.facebook.net\/en_US\/fbevents.js');\n\t\tfbq('consent', consent);\n\t\tfbq('init', '989222871864976');\n\t\tfbq('track', 'PageView');\n\t<\/script><script type=\"module\">\n\t\tvar consent=\"grant\";\n\t\t\/* The above code is parsing the JSON data from the local storage and storing it in a variable. *\/\n\t\t\tconst onetrustStorageConsent = JSON.parse(localStorage.getItem( 'consent_one_trust_bdc' ) );\n\t\t\t\/* Checking to see if the user has consented to the use of cookies.\n\t\t\t* If they have not, it is deleting the cookie.\n\t\t\t* This will comment for now, until further notice.\n\t\t\t*\/\n\t\t\t\/\/if ( onetrustStorageConsent.C0002 === false ) {\n\t\t\t\/\/\tdocument.cookie=\"_fbp=;expires=Thu, 01 Jan 2010 00:00:00 UTC; path=\/; domain=.boston.com\";\n\t\t\t\/\/}\n\t\t\t\/* Checking if the user has given consent for the cookie C0002.\n\t\t\t* If the user has given consent, the variable consent will be set to 'grant'.\n\t\t\t* If the user has not given consent,the variable consent will be set to 'revoke'.\n\t\t\t* Documentation https:\/\/developers.facebook.com\/docs\/meta-pixel\/implementation\/gdpr\n\t\t\t*\/\n\t\t\tif ( ( onetrustStorageConsent !== null ) && (onetrustStorageConsent.C0002 !== true ) ) {\n\t\t\t\tconsent=\"revoke\";\n\t\t\t}\n\t\t\t\t!function(f,b,e,v,n,t,s){if(f.fbq)return;n=f.fbq=function()\n\t\t{n.callMethod? n.callMethod.apply(n,arguments):n.queue.push(arguments)}\n\t\t;if(!f._fbq)f._fbq=n;\n\t\tn.push=n;n.loaded=!0;n.version='2.0';n.queue=[];t=b.createElement(e);t.async=!0;\n\t\tt.src=v;s=b.getElementsByTagName(e)[0];s.parentNode.insertBefore(t,s)}(window,\n\t\tdocument,'script','https:\/\/connect.facebook.net\/en_US\/fbevents.js');\n\t\tfbq('consent', consent);\n\t\tfbq('init', '813236348753005');\n\t\tfbq('track', \"PageView\");\n\t<\/script><br \/>\n<br \/><br \/>\n<br \/><a href=\"https:\/\/www.boston.com\/community\/readers-say\/2025\/01\/07\/who-should-replace-jerod-mayo-patriots-head-coach\/\">Source link <\/a><\/p>","protected":false},"excerpt":{"rendered":"<p>Os leitores dizem Apesar da incerteza que os torcedores do Patriot sentiram durante a temporada de 2024, h\u00e1 uma coisa que eles t\u00eam certeza: quem deve substituir o t\u00e9cnico Jerod&hellip;<\/p>","protected":false},"author":1,"featured_media":88813,"comment_status":"closed","ping_status":"open","sticky":false,"template":"","format":"standard","meta":{"content-type":"","footnotes":""},"categories":[1],"tags":[],"class_list":["post-88812","post","type-post","status-publish","format-standard","has-post-thumbnail","hentry","category-uncategorized"],"_links":{"self":[{"href":"https:\/\/tvbrazilusa.com\/pt\/wp-json\/wp\/v2\/posts\/88812","targetHints":{"allow":["GET"]}}],"collection":[{"href":"https:\/\/tvbrazilusa.com\/pt\/wp-json\/wp\/v2\/posts"}],"about":[{"href":"https:\/\/tvbrazilusa.com\/pt\/wp-json\/wp\/v2\/types\/post"}],"author":[{"embeddable":true,"href":"https:\/\/tvbrazilusa.com\/pt\/wp-json\/wp\/v2\/users\/1"}],"replies":[{"embeddable":true,"href":"https:\/\/tvbrazilusa.com\/pt\/wp-json\/wp\/v2\/comments?post=88812"}],"version-history":[{"count":1,"href":"https:\/\/tvbrazilusa.com\/pt\/wp-json\/wp\/v2\/posts\/88812\/revisions"}],"predecessor-version":[{"id":88814,"href":"https:\/\/tvbrazilusa.com\/pt\/wp-json\/wp\/v2\/posts\/88812\/revisions\/88814"}],"wp:featuredmedia":[{"embeddable":true,"href":"https:\/\/tvbrazilusa.com\/pt\/wp-json\/wp\/v2\/media\/88813"}],"wp:attachment":[{"href":"https:\/\/tvbrazilusa.com\/pt\/wp-json\/wp\/v2\/media?parent=88812"}],"wp:term":[{"taxonomy":"category","embeddable":true,"href":"https:\/\/tvbrazilusa.com\/pt\/wp-json\/wp\/v2\/categories?post=88812"},{"taxonomy":"post_tag","embeddable":true,"href":"https:\/\/tvbrazilusa.com\/pt\/wp-json\/wp\/v2\/tags?post=88812"}],"curies":[{"name":"wp","href":"https:\/\/api.w.org\/{rel}","templated":true}]}}