{"id":8886,"date":"2024-07-26T13:57:07","date_gmt":"2024-07-26T13:57:07","guid":{"rendered":"https:\/\/tvbrazilusa.com\/2024\/07\/26\/ultimas-noticias-sobre-a-guerra-entre-israel-e-hamas-a-vice-presidente-dos-eua-harris-pede-a-netanyahu-que-chegue-a-um-acordo-de-cessar-fogo-em-breve\/"},"modified":"2024-07-26T14:14:14","modified_gmt":"2024-07-26T14:14:14","slug":"ultimas-noticias-sobre-a-guerra-entre-israel-e-hamas-a-vice-presidente-dos-eua-harris-pede-a-netanyahu-que-chegue-a-um-acordo-de-cessar-fogo-em-breve","status":"publish","type":"post","link":"https:\/\/tvbrazilusa.com\/pt\/2024\/07\/26\/ultimas-noticias-sobre-a-guerra-entre-israel-e-hamas-a-vice-presidente-dos-eua-harris-pede-a-netanyahu-que-chegue-a-um-acordo-de-cessar-fogo-em-breve\/","title":{"rendered":"\u00daltimas not\u00edcias sobre a guerra entre Israel e Hamas: a vice-presidente dos EUA, Harris, pede a Netanyahu que chegue a um acordo de cessar-fogo em breve"},"content":{"rendered":"<script async src=\"https:\/\/pagead2.googlesyndication.com\/pagead\/js\/adsbygoogle.js?client=ca-pub-8864793242727901\"\r\n     crossorigin=\"anonymous\"><\/script>\n<div id=\"\">\n<p class=\"dist__Box-sc-1fnzlkn-0 dist__TextBase-sc-1fnzlkn-3 CGHCP htMUPQ article-text\">Vice-presidente dos Estados Unidos <a href=\"https:\/\/apnews.com\/article\/harris-netanyahu-biden-hostage-deal-gaza-41c4e0685e88fd75e9aa8e0d0d859b07\">Kamala Harris pediu ao primeiro-ministro israelense Benjamin Netanyahu<\/a> alcan\u00e7ar <a href=\"https:\/\/apnews.com\/article\/israel-palestinians-hamas-war-ceasefire-negotiations-ab6925549d8f523a6e5c61e88e7eec8a\">um acordo de cessar-fogo<\/a> com o Hamas em breve para que dezenas de ref\u00e9ns mantidos pelos militantes em Gaza desde 7 de outubro pudessem retornar para casa. <\/p>\n<p class=\"dist__Box-sc-1fnzlkn-0 dist__TextBase-sc-1fnzlkn-3 CGHCP htMUPQ article-text\">Antes de ir para a Fl\u00f3rida na sexta-feira para se encontrar com o ex-presidente Donald Trump, Netanyahu esteve em Washington, onde fez um discurso <a href=\"https:\/\/apnews.com\/article\/netanyahu-congress-gaza-hamas-israel-6ea5daf3cd1988b0ad6e874bd450f9bf\">discurso mordaz ao Congresso<\/a> no qual prometeu alcan\u00e7ar a \u201cvit\u00f3ria total\u201d contra o Hamas e denunciou os opositores americanos da <a href=\"https:\/\/apnews.com\/hub\/israel-hamas-war\">guerra em gaza<\/a> como \u201cidiotas\u201d.<\/p>\n<p class=\"dist__Box-sc-1fnzlkn-0 dist__TextBase-sc-1fnzlkn-3 CGHCP htMUPQ article-text\">O Hamas criticou o discurso e acusou Netanyahu de obstruir os esfor\u00e7os para acabar com a guerra e devolver os ref\u00e9ns.<\/p>\n<p class=\"dist__Box-sc-1fnzlkn-0 dist__TextBase-sc-1fnzlkn-3 CGHCP htMUPQ article-text\">O <a href=\"https:\/\/apnews.com\/article\/israel-hamas-war-gaza-health-ministry-health-death-toll-59470820308b31f1faf73c703400b033\">Minist\u00e9rio da Sa\u00fade em Gaza<\/a> diz que mais de 39.100 palestinos foram mortos na guerra. As Na\u00e7\u00f5es Unidas estimaram em fevereiro que cerca de 17.000 <a href=\"https:\/\/apnews.com\/article\/israel-hamas-war-orphans-gaza-d1388a6c30f16f3b487ec7cbcf1398d9\">crian\u00e7as no territ\u00f3rio est\u00e3o agora desacompanhadas<\/a>e \u00e9 prov\u00e1vel que o n\u00famero tenha crescido desde ent\u00e3o.<\/p>\n<p class=\"dist__Box-sc-1fnzlkn-0 dist__TextBase-sc-1fnzlkn-3 CGHCP htMUPQ article-text\">Aqui est\u00e3o as \u00faltimas: <\/p>\n<p class=\"dist__Box-sc-1fnzlkn-0 dist__TextBase-sc-1fnzlkn-3 CGHCP htMUPQ article-text\">Netanyahu diz que se encontrou com o bilion\u00e1rio Elon Musk em Washington ap\u00f3s seu discurso no Congresso<\/p>\n<p class=\"dist__Box-sc-1fnzlkn-0 dist__TextBase-sc-1fnzlkn-3 CGHCP htMUPQ article-text\">JERUSAL\u00c9M \u2014 O primeiro-ministro israelense, Benjamin Netanyahu, disse que se encontrou com <a href=\"https:\/\/apnews.com\/hub\/elon-musk\">bilion\u00e1rio Elon Musk<\/a> em Washington ap\u00f3s seu discurso no Congresso dos EUA.<\/p>\n<p class=\"dist__Box-sc-1fnzlkn-0 dist__TextBase-sc-1fnzlkn-3 CGHCP htMUPQ article-text\">Escrevendo na plataforma de m\u00eddia social X, Netanyahu disse na sexta-feira que ele e Musk discutiram Intelig\u00eancia Artificial e \u201ccoopera\u00e7\u00e3o tecnol\u00f3gica com Israel\u201d durante sua reuni\u00e3o na quarta-feira. Ele postou uma foto dos dois homens apertando as m\u00e3os.<\/p>\n<p class=\"dist__Box-sc-1fnzlkn-0 dist__TextBase-sc-1fnzlkn-3 CGHCP htMUPQ article-text\">Musk estava presente no discurso de Netanyahu ao Congresso e foi um aliado de Israel durante toda a guerra. O CEO da Tesla n\u00e3o fez nenhuma declara\u00e7\u00e3o p\u00fablica sobre o encontro com Netanyahu.<\/p>\n<p class=\"dist__Box-sc-1fnzlkn-0 dist__TextBase-sc-1fnzlkn-3 CGHCP htMUPQ article-text\">Musk anunciou na quarta-feira que seu servi\u00e7o de internet via sat\u00e9lite Starlink estava ativo para um hospital em Gaza, uma medida feita em coordena\u00e7\u00e3o com Israel.<\/p>\n<p class=\"dist__Box-sc-1fnzlkn-0 dist__TextBase-sc-1fnzlkn-3 CGHCP htMUPQ article-text\">Gaza tem <a href=\"https:\/\/apnews.com\/article\/israel-hamas-war-news-11-16-2023-6c7daa3b8c3a6b8dddf186ce631dfaad\">sofreu frequentes apag\u00f5es de comunica\u00e7\u00e3o<\/a> \u00e0 medida que a infraestrutura desmorona com meses de combates e falta de combust\u00edvel.<\/p>\n<p class=\"dist__Box-sc-1fnzlkn-0 dist__TextBase-sc-1fnzlkn-3 CGHCP htMUPQ article-text\">Os legisladores de extrema direita de Israel criticam o apelo da vice-presidente dos EUA, Kamala Harris, por um acordo de cessar-fogo<\/p>\n<p class=\"dist__Box-sc-1fnzlkn-0 dist__TextBase-sc-1fnzlkn-3 CGHCP htMUPQ article-text\">JERUSAL\u00c9M \u2014 Os legisladores de extrema direita de Israel criticaram o vice-presidente dos Estados Unidos <a href=\"https:\/\/apnews.com\/article\/harris-netanyahu-biden-hostage-deal-gaza-41c4e0685e88fd75e9aa8e0d0d859b07\">Apelo de Kamala Harris por um acordo de cessar-fogo<\/a> para acabar com a guerra em Gaza.<\/p>\n<p class=\"dist__Box-sc-1fnzlkn-0 dist__TextBase-sc-1fnzlkn-3 CGHCP htMUPQ article-text\">&#8220;N\u00e3o haver\u00e1 fim para a guerra, senhora candidata&#8221;, escreveu o conselheiro de Seguran\u00e7a Nacional israelense Itamar Ben-Gvir na sexta-feira no X. Ben-Gvir \u00e9 um dos ministros de direita mais vis\u00edveis e um importante aliado ultranacionalista do primeiro-ministro israelense Benjamin Netanyahu.<\/p>\n<p class=\"dist__Box-sc-1fnzlkn-0 dist__TextBase-sc-1fnzlkn-3 CGHCP htMUPQ article-text\">Harris, que \u00e9 <a href=\"https:\/\/apnews.com\/article\/harris-biden-presidential-candidate-election-withdraw-9fbd153493cb3f088994854fe61a73e9\">apoiado por delegados suficientes<\/a> para se tornar o candidato democrata na elei\u00e7\u00e3o presidencial dos EUA de 2024, se encontrou na quinta-feira com Netanyahu em Washington, dizendo que trazer os ref\u00e9ns para casa era imperativo e descrevendo o sofrimento generalizado entre a popula\u00e7\u00e3o civil de Gaza enquanto os combates continuam.<\/p>\n<p class=\"dist__Box-sc-1fnzlkn-0 dist__TextBase-sc-1fnzlkn-3 CGHCP htMUPQ article-text\"><a href=\"https:\/\/apnews.com\/article\/palestinians-israel-occupation-west-bank-smotrich-netanyahu-e262d0bca6a637d217852ea238ab45b2\">Bezalel Smotrich, ministro das finan\u00e7as de Israel<\/a>afirmou que Harris havia \u201crevelado\u201d que um acordo de cessar-fogo equivalia a se render ao Hamas. \u201c\u00c9 proibido cair nessa armadilha!\u201d, escreveu.<\/p>\n<p class=\"dist__Box-sc-1fnzlkn-0 dist__TextBase-sc-1fnzlkn-3 CGHCP htMUPQ article-text\">Ben-Gvir e Smotrich se op\u00f5em a um acordo de cessar-fogo em Gaza e dizem que Israel deve continuar lutando at\u00e9 que o Hamas seja derrotado. Netanyahu \u00e9 acusado por muitos em Israel de prolongar a guerra, em parte para apazigu\u00e1-los. Suas ren\u00fancias combinadas seriam suficientes para derrubar o governo de coaliz\u00e3o do primeiro-ministro e provocar novas elei\u00e7\u00f5es.<\/p>\n<p class=\"dist__Box-sc-1fnzlkn-0 dist__TextBase-sc-1fnzlkn-3 CGHCP htMUPQ article-text\">Militantes em Gaza mant\u00eam cerca de 115 ref\u00e9ns tomados de Israel em 7 de outubro. <a href=\"https:\/\/apnews.com\/article\/hamas-gaza-israel-war-hostages-bibas-241fd9eb55ad56e79beac29f8783f634\">Acredita-se que muitos dos ref\u00e9ns estejam mortos<\/a>.<\/p>\n<p class=\"dist__Box-sc-1fnzlkn-0 dist__TextBase-sc-1fnzlkn-3 CGHCP htMUPQ article-text\">&#8220;O sofrimento humano \u00e9 inaceit\u00e1vel&#8221;, dizem Canad\u00e1, Nova Zel\u00e2ndia e Austr\u00e1lia em um apelo conjunto por um cessar-fogo urgente em Gaza<\/p>\n<p class=\"dist__Box-sc-1fnzlkn-0 dist__TextBase-sc-1fnzlkn-3 CGHCP htMUPQ article-text\">CANBERRA, Austr\u00e1lia \u2014 Canad\u00e1, Austr\u00e1lia e Nova Zel\u00e2ndia emitiram uma declara\u00e7\u00e3o conjunta na sexta-feira sobre a necessidade de um cessar-fogo urgente em Gaza e o risco de <a href=\"https:\/\/apnews.com\/article\/lebanon-israel-hezbollah-hamas-rockets-kibbutz-aacd476e74ef8db2791dca485a349763\">conflito expandido entre o Hezbollah e Israel<\/a>.<\/p>\n<p class=\"dist__Box-sc-1fnzlkn-0 dist__TextBase-sc-1fnzlkn-3 CGHCP htMUPQ article-text\">\u201cA situa\u00e7\u00e3o em Gaza \u00e9 catastr\u00f3fica. O sofrimento humano \u00e9 inaceit\u00e1vel. N\u00e3o pode continuar\u201d, disse a declara\u00e7\u00e3o dos tr\u00eas primeiros-ministros.<\/p>\n<p class=\"dist__Box-sc-1fnzlkn-0 dist__TextBase-sc-1fnzlkn-3 CGHCP htMUPQ article-text\">\u201cIsrael deve ouvir as preocupa\u00e7\u00f5es da comunidade internacional. A prote\u00e7\u00e3o de civis \u00e9 primordial e uma exig\u00eancia sob o direito humanit\u00e1rio internacional. Civis palestinos n\u00e3o podem ser obrigados a pagar o pre\u00e7o de derrotar o Hamas. Isso deve acabar\u201d, disse a declara\u00e7\u00e3o.<\/p>\n<p class=\"dist__Box-sc-1fnzlkn-0 dist__TextBase-sc-1fnzlkn-3 CGHCP htMUPQ article-text\">Os primeiros-ministros disseram estar \u201cprofundamente preocupados\u201d com a perspectiva de uma nova escalada na regi\u00e3o e condenaram <a href=\"https:\/\/apnews.com\/article\/lebanon-israel-hezbollah-hamas-rockets-kibbutz-aacd476e74ef8db2791dca485a349763\">Ataque do Ir\u00e3 a Israel em meados de abril<\/a>. Eles tamb\u00e9m pediram ao Ir\u00e3 que se abstivesse de novas a\u00e7\u00f5es desestabilizadoras no Oriente M\u00e9dio e exigiram que o Ir\u00e3 e seus grupos afiliados, incluindo o Hezbollah, cessassem seus ataques.<\/p>\n<p class=\"dist__Box-sc-1fnzlkn-0 dist__TextBase-sc-1fnzlkn-3 CGHCP htMUPQ article-text\">O Hezbollah come\u00e7ou a disparar foguetes logo ap\u00f3s o ataque do Hamas em 7 de outubro ao sul de Israel, dizendo que visava aliviar a press\u00e3o sobre Gaza. A troca de tiros e ataques a\u00e9reos, que foi limitada a alguns quil\u00f4metros (milhas) de cada lado da fronteira, deslocou dezenas de milhares de pessoas em ambos os pa\u00edses.<\/p>\n<p class=\"dist__Box-sc-1fnzlkn-0 dist__TextBase-sc-1fnzlkn-3 CGHCP htMUPQ article-text\">L\u00edder do Hamas na Cisjord\u00e2nia morre sob cust\u00f3dia israelense<\/p>\n<p class=\"dist__Box-sc-1fnzlkn-0 dist__TextBase-sc-1fnzlkn-3 CGHCP htMUPQ article-text\">RAMALLAH, Cisjord\u00e2nia \u2014 Um l\u00edder do Hamas na Cisjord\u00e2nia ocupada morreu sob cust\u00f3dia israelense na noite de quinta-feira ap\u00f3s uma piora em sua sa\u00fade, de acordo com um grupo de direitos dos prisioneiros palestinos.<\/p>\n<p class=\"dist__Box-sc-1fnzlkn-0 dist__TextBase-sc-1fnzlkn-3 CGHCP htMUPQ article-text\">O xeque Mustafa Abu Arra, 63, foi preso em outubro e recentemente transferido da Pris\u00e3o de Ramon para o hospital de Soroka, onde morreu, informou o Clube de Prisioneiros Palestinos.<\/p>\n<p class=\"dist__Box-sc-1fnzlkn-0 dist__TextBase-sc-1fnzlkn-3 CGHCP htMUPQ article-text\">O grupo de direitos humanos disse que Abu Ara foi submetido a \u201ctortura e fome\u201d durante sua deten\u00e7\u00e3o e n\u00e3o recebeu tratamento m\u00e9dico adequado. O grupo n\u00e3o elaborou mais. As autoridades prisionais de Israel n\u00e3o comentaram as circunst\u00e2ncias da morte de Abu Ara e n\u00e3o puderam ser contatadas imediatamente.<\/p>\n<p class=\"dist__Box-sc-1fnzlkn-0 dist__TextBase-sc-1fnzlkn-3 CGHCP htMUPQ article-text\">Abu Ara foi preso logo ap\u00f3s o in\u00edcio da \u00faltima guerra entre Israel e o Hamas, sob um processo conhecido como deten\u00e7\u00e3o administrativa, disse o grupo, pelo qual os detidos podem ser <a href=\"https:\/\/apnews.com\/article\/israel-detention-jails-palestinians-west-bank-793a3b2a1ce8439d08756da8c63e5435\">mantido indefinidamente por raz\u00f5es de seguran\u00e7a, sem julgamento e acusa\u00e7\u00e3o<\/a>. Grupos de direitos humanos e recentemente liberados <a href=\"https:\/\/apnews.com\/article\/israel-hamas-gaza-detainee-palestinian-deaths-hospitals-51d4727a1365b9e06198579c3eb856f8\">Detidos palestinos dizem que as condi\u00e7\u00f5es<\/a> nas pris\u00f5es administradas por Israel pioraram desde o in\u00edcio da guerra entre Israel e o Hamas.<\/p>\n<p class=\"dist__Box-sc-1fnzlkn-0 dist__TextBase-sc-1fnzlkn-3 CGHCP htMUPQ article-text\">Desde o in\u00edcio da d\u00e9cada de 1990, Abu Ara foi preso v\u00e1rias vezes e passou cerca de 12 anos em pris\u00f5es administradas por Israel, disseram o grupo de prisioneiros e o Hamas. <\/p>\n<\/div>\n<p>Copyright 2024 The Associated Press. Todos os direitos reservados. Este material n\u00e3o pode ser publicado, transmitido, reescrito ou redistribu\u00eddo sem permiss\u00e3o.<\/p>\n<p><br \/>\n<br \/><a href=\"https:\/\/www.clickorlando.com\/news\/2024\/07\/26\/israel-hamas-war-latest-us-vice-president-harris-urges-netanyahu-to-reach-a-cease-fire-deal-soon\/\">Source link <\/a><\/p>","protected":false},"excerpt":{"rendered":"<p>Vice-presidente dos Estados Unidos Kamala Harris pediu ao primeiro-ministro israelense Benjamin Netanyahu alcan\u00e7ar um acordo de cessar-fogo com o Hamas em breve para que dezenas de ref\u00e9ns mantidos pelos militantes&hellip;<\/p>","protected":false},"author":1,"featured_media":8887,"comment_status":"closed","ping_status":"open","sticky":false,"template":"","format":"standard","meta":{"content-type":"","footnotes":""},"categories":[1],"tags":[1418,1405,1190,1419],"class_list":["post-8886","post","type-post","status-publish","format-standard","has-post-thumbnail","hentry","category-uncategorized","tag-benjamin-netanyahu","tag-donald-trump","tag-kamala-harris","tag-noticias-do-mundo"],"_links":{"self":[{"href":"https:\/\/tvbrazilusa.com\/pt\/wp-json\/wp\/v2\/posts\/8886","targetHints":{"allow":["GET"]}}],"collection":[{"href":"https:\/\/tvbrazilusa.com\/pt\/wp-json\/wp\/v2\/posts"}],"about":[{"href":"https:\/\/tvbrazilusa.com\/pt\/wp-json\/wp\/v2\/types\/post"}],"author":[{"embeddable":true,"href":"https:\/\/tvbrazilusa.com\/pt\/wp-json\/wp\/v2\/users\/1"}],"replies":[{"embeddable":true,"href":"https:\/\/tvbrazilusa.com\/pt\/wp-json\/wp\/v2\/comments?post=8886"}],"version-history":[{"count":1,"href":"https:\/\/tvbrazilusa.com\/pt\/wp-json\/wp\/v2\/posts\/8886\/revisions"}],"predecessor-version":[{"id":8888,"href":"https:\/\/tvbrazilusa.com\/pt\/wp-json\/wp\/v2\/posts\/8886\/revisions\/8888"}],"wp:featuredmedia":[{"embeddable":true,"href":"https:\/\/tvbrazilusa.com\/pt\/wp-json\/wp\/v2\/media\/8887"}],"wp:attachment":[{"href":"https:\/\/tvbrazilusa.com\/pt\/wp-json\/wp\/v2\/media?parent=8886"}],"wp:term":[{"taxonomy":"category","embeddable":true,"href":"https:\/\/tvbrazilusa.com\/pt\/wp-json\/wp\/v2\/categories?post=8886"},{"taxonomy":"post_tag","embeddable":true,"href":"https:\/\/tvbrazilusa.com\/pt\/wp-json\/wp\/v2\/tags?post=8886"}],"curies":[{"name":"wp","href":"https:\/\/api.w.org\/{rel}","templated":true}]}}