{"id":88914,"date":"2025-01-07T22:53:38","date_gmt":"2025-01-07T22:53:38","guid":{"rendered":"https:\/\/tvbrazilusa.com\/2025\/01\/07\/o-que-esperar-da-sessao-legislativa-de-2025-em-connecticut\/"},"modified":"2025-01-07T22:59:02","modified_gmt":"2025-01-07T22:59:02","slug":"o-que-esperar-da-sessao-legislativa-de-2025-em-connecticut","status":"publish","type":"post","link":"https:\/\/tvbrazilusa.com\/pt\/2025\/01\/07\/o-que-esperar-da-sessao-legislativa-de-2025-em-connecticut\/","title":{"rendered":"O que esperar da sess\u00e3o legislativa de 2025 em Connecticut"},"content":{"rendered":"<script async src=\"https:\/\/pagead2.googlesyndication.com\/pagead\/js\/adsbygoogle.js?client=ca-pub-8864793242727901\"\r\n     crossorigin=\"anonymous\"><\/script>\n<p>HARTFORD, Connecticut (WTNH) \u2013 Na manh\u00e3 de quarta-feira, os legisladores se reunir\u00e3o na capital do estado para o in\u00edcio da sess\u00e3o legislativa de 2025. <\/p>\n<p>No topo da agenda deste ano est\u00e1 a negocia\u00e7\u00e3o de um or\u00e7amento de Estado para dois anos.<\/p>\n<p>O or\u00e7amento do estado, que requer a aprova\u00e7\u00e3o de ambas as c\u00e2maras da legislatura e a assinatura do governador, fornece ajuda local cr\u00edtica aos munic\u00edpios e distritos escolares &#8211; bem como milhares de milh\u00f5es para a Medicaid, a UConn e o sistema universit\u00e1rio estatal. O or\u00e7amento de dois anos anterior, aprovado em 2023, ultrapassou os 50 mil milh\u00f5es de d\u00f3lares.<\/p>\n<div class=\"nlp-ignore-block article-content rich-text\">\n<aside class=\"promo-link\">\n\t<a href=\"https:\/\/www.wtnh.com\/news\/connecticut\/connecticut-lawmakers-prepare-to-tackle-energy-costs-in-2025-legislative-session\/?ipid=promo-link-block1\" class=\"promo-link__link\" target=\"\"_blank\"\"><\/p>\n<p>\t\tLegisladores de Connecticut se preparam para enfrentar os custos de energia na sess\u00e3o legislativa de 2025\t<\/a><br \/>\n<\/aside>\n<\/div>\n<p>No centro da discuss\u00e3o sobre o processo or\u00e7amental deste ano est\u00e1 uma tens\u00e3o que op\u00f5e o instinto de poupar ao desejo de gastar.<\/p>\n<p>Em 2017, os legisladores estaduais promulgaram um pacote de controles or\u00e7ament\u00e1rios comumente chamados de \u201cprote\u00e7\u00f5es fiscais\u201d. Na pr\u00e1tica, esses controlos funcionaram como um plano de poupan\u00e7a for\u00e7ada para o Estado. Um componente-chave das barreiras fiscais exige que uma determinada parte das receitas fiscais provenientes dos rendimentos do investimento seja canalizada para as reservas or\u00e7amentais do estado e utilizada para pagar a d\u00edvida previdenci\u00e1ria existente.<\/p>\n<p>Desde a promulga\u00e7\u00e3o das barreiras fiscais, o estado registou m\u00faltiplos excedentes or\u00e7amentais sucessivos e pagou milhares de milh\u00f5es em d\u00edvidas de pens\u00f5es.<\/p>\n<p>O governador, muitos democratas legislativos e um coro de republicanos elogiaram as barreiras fiscais.<\/p>\n<p>\u201cAgradeci que nosso governador tenha mantido a linha de prote\u00e7\u00e3o fiscal e continuarei a apoi\u00e1-lo\u201d, disse o deputado estadual Vincent Candelora, l\u00edder republicano na C\u00e2mara dos Representantes do Estado, no in\u00edcio do ano passado.<\/p>\n<p>O hom\u00f3logo de Candelora no Senado Estadual, o l\u00edder da minoria Steve Harding, disse recentemente ao News 8 que uma das suas resolu\u00e7\u00f5es de Ano Novo para 2025 \u00e9 proteger as barreiras fiscais.<\/p>\n<div class=\"nlp-ignore-block article-content rich-text\">\n<aside class=\"promo-link\">\n\t<a href=\"https:\/\/www.wtnh.com\/news\/connecticut\/new-connecticut-laws-take-effect-january-1-2025\/?ipid=promo-link-block2\" class=\"promo-link__link\" target=\"\"_blank\"\"><\/p>\n<p>\t\tAs novas leis de Connecticut entram em vigor em 1\u00ba de janeiro: aqui est\u00e1 o que voc\u00ea deve saber\t<\/a><br \/>\n<\/aside>\n<\/div>\n<p>Mas a ades\u00e3o firme \u00e0s barreiras fiscais ser\u00e1 testada nesta sess\u00e3o legislativa. Tal como o governador e muitos legisladores elogiaram as barreiras de protec\u00e7\u00e3o por colocarem o estado numa base fiscal mais s\u00f3lida, uma coliga\u00e7\u00e3o igualmente vocal de legisladores progressistas, sindicatos e organiza\u00e7\u00f5es de servi\u00e7o social criticou os controlos como excessivamente rigorosos \u00e0 custa do trabalho do estado. aula.<\/p>\n<p>Leslie Blatteau, da Federa\u00e7\u00e3o de Professores de New Haven, caracterizou recentemente as grades de prote\u00e7\u00e3o como \u201cobst\u00e1culos ao progresso\u201d. Numerosos legisladores democratas sugeriram publicamente alterar ou afrouxar os requisitos das barreiras de protec\u00e7\u00e3o para permitir mais gastos em servi\u00e7os sociais e educa\u00e7\u00e3o.<\/p>\n<p>A sess\u00e3o legislativa deste ano, como todas as sess\u00f5es que ocorrem em anos \u00edmpares, \u00e9 conhecida entre os pol\u00edticos de Connecticut como uma \u201csess\u00e3o longa\u201d. Isso significa que os legisladores trabalhar\u00e3o de Janeiro at\u00e9 ao in\u00edcio de Junho, em vez das \u201csess\u00f5es curtas\u201d mais truncadas que ocorrem durante os anos pares e duram apenas alguns meses \u2013 geralmente de Fevereiro ao in\u00edcio de Maio.<\/p>\n<p>O prazo mais longo significar\u00e1 mais espa\u00e7o para debates sobre projetos de lei que v\u00e3o desde regulamentos de intelig\u00eancia artificial at\u00e9 habita\u00e7\u00e3o a pre\u00e7os acess\u00edveis \u2013 o que decorrer\u00e1 em paralelo com a discuss\u00e3o sobre o que fazer em rela\u00e7\u00e3o \u00e0s barreiras fiscais.<\/p>\n<div class=\"nlp-ignore-block article-content rich-text\">\n<aside class=\"promo-link\">\n\t<a href=\"https:\/\/www.wtnh.com\/news\/politics\/connecticut-activist-support-president-bidens-law-to-increase-social-security-payments\/?ipid=promo-link-block3\" class=\"promo-link__link\" target=\"\"_blank\"\"><\/p>\n<p>\t\tAtivistas de Connecticut apoiam a lei do presidente Biden para aumentar os pagamentos da Previd\u00eancia Social\t<\/a><br \/>\n<\/aside>\n<\/div>\n<p>O in\u00edcio da sess\u00e3o legislativa coincide tradicionalmente com o discurso do estado do governador. O governador Ned Lamont deve fazer seu s\u00e9timo discurso anual por volta do meio-dia de quarta-feira na c\u00e2mara da C\u00e2mara dos Representantes de Connecticut.<\/p>\n<p>O News 8 ter\u00e1 cobertura ao vivo de todo o dia no ar e online.<\/p>\n<p><br \/>\n<br \/><a href=\"https:\/\/www.wtnh.com\/news\/politics\/what-to-expect-in-the-2025-connecticut-legislative-session\/\">Source link <\/a><\/p>","protected":false},"excerpt":{"rendered":"<p>HARTFORD, Connecticut (WTNH) \u2013 Na manh\u00e3 de quarta-feira, os legisladores se reunir\u00e3o na capital do estado para o in\u00edcio da sess\u00e3o legislativa de 2025. No topo da agenda deste ano&hellip;<\/p>","protected":false},"author":1,"featured_media":88915,"comment_status":"closed","ping_status":"open","sticky":false,"template":"","format":"standard","meta":{"content-type":"","footnotes":""},"categories":[1],"tags":[],"class_list":["post-88914","post","type-post","status-publish","format-standard","has-post-thumbnail","hentry","category-uncategorized"],"_links":{"self":[{"href":"https:\/\/tvbrazilusa.com\/pt\/wp-json\/wp\/v2\/posts\/88914","targetHints":{"allow":["GET"]}}],"collection":[{"href":"https:\/\/tvbrazilusa.com\/pt\/wp-json\/wp\/v2\/posts"}],"about":[{"href":"https:\/\/tvbrazilusa.com\/pt\/wp-json\/wp\/v2\/types\/post"}],"author":[{"embeddable":true,"href":"https:\/\/tvbrazilusa.com\/pt\/wp-json\/wp\/v2\/users\/1"}],"replies":[{"embeddable":true,"href":"https:\/\/tvbrazilusa.com\/pt\/wp-json\/wp\/v2\/comments?post=88914"}],"version-history":[{"count":1,"href":"https:\/\/tvbrazilusa.com\/pt\/wp-json\/wp\/v2\/posts\/88914\/revisions"}],"predecessor-version":[{"id":88916,"href":"https:\/\/tvbrazilusa.com\/pt\/wp-json\/wp\/v2\/posts\/88914\/revisions\/88916"}],"wp:featuredmedia":[{"embeddable":true,"href":"https:\/\/tvbrazilusa.com\/pt\/wp-json\/wp\/v2\/media\/88915"}],"wp:attachment":[{"href":"https:\/\/tvbrazilusa.com\/pt\/wp-json\/wp\/v2\/media?parent=88914"}],"wp:term":[{"taxonomy":"category","embeddable":true,"href":"https:\/\/tvbrazilusa.com\/pt\/wp-json\/wp\/v2\/categories?post=88914"},{"taxonomy":"post_tag","embeddable":true,"href":"https:\/\/tvbrazilusa.com\/pt\/wp-json\/wp\/v2\/tags?post=88914"}],"curies":[{"name":"wp","href":"https:\/\/api.w.org\/{rel}","templated":true}]}}