{"id":88917,"date":"2025-01-07T23:04:14","date_gmt":"2025-01-07T23:04:14","guid":{"rendered":"https:\/\/tvbrazilusa.com\/2025\/01\/07\/justica-decreta-a-prisao-do-policial-que-assassinou-o-secretario-em-osasco\/"},"modified":"2025-01-07T23:04:15","modified_gmt":"2025-01-07T23:04:15","slug":"justica-decreta-a-prisao-do-policial-que-assassinou-o-secretario-em-osasco","status":"publish","type":"post","link":"https:\/\/tvbrazilusa.com\/pt\/2025\/01\/07\/justica-decreta-a-prisao-do-policial-que-assassinou-o-secretario-em-osasco\/","title":{"rendered":"Justi\u00e7a decreta a pris\u00e3o do policial que assassinou o secret\u00e1rio em Osasco"},"content":{"rendered":"<p> <script async src=\"https:\/\/pagead2.googlesyndication.com\/pagead\/js\/adsbygoogle.js?client=ca-pub-8864793242727901\"\r\n     crossorigin=\"anonymous\"><\/script><br \/>\n<\/p>\n<div id=\"taboola-read-more\" style=\"display:block; width:100%\">\n<p>A Justi\u00e7a decretou na manh\u00e3 desta ter\u00e7a-feira, 7, a pris\u00e3o preventiva do guarda-civil municipal Henrique Marival de Sousa. Ele matou a tiros o secret\u00e1rio-adjunto de Seguran\u00e7a P\u00fablica de Osasco, Adilson Cust\u00f3dio Moreira, de 53 anos. O crime ocorreu nesta segunda-feira, dentro da Prefeitura.\n<\/p>\n<p>Moreira participava de uma reuni\u00e3o da equipe de seguran\u00e7a do munic\u00edpio na Grande S\u00e3o Paulo. Conforme o Instituto M\u00e9dico-Legal (IML), a maioria dos dez disparos que atingiram o secret\u00e1rio foi na cabe\u00e7a. Houve ainda perfura\u00e7\u00f5es no peito.<\/p>\n<p><strong>Corpo de secret\u00e1rio: Prefeitura faz vel\u00f3rio<\/strong><br \/>Sousa est\u00e1 preso no 5\u00ba DP de Osasco. A audi\u00eancia de cust\u00f3dia foi online. Por volta das 11h30, a esposa do preso chegou ao local. O vel\u00f3rio do corpo do secret\u00e1rio come\u00e7ou na manh\u00e3 desta ter\u00e7a-feira, na Prefeitura. O sepultamento ocorreria no fim da tarde, no cemit\u00e9rio Bela Vista.\n<\/p>\n<p>O comandante da Guarda Civil de Osasco, Erivan Gomes, declarou que o atirador irritou-se com uma mudan\u00e7a de escala. O agente deixaria fun\u00e7\u00f5es burocr\u00e1ticas na Prefeitura, onde trabalhava de segunda a sexta, das 8 \u00e0s 17h, e passaria a atuar nas ruas, com escala de 12 horas de trabalho por 36 de descanso.\n<\/p>\n<p>Segundo Gomes, Erivan n\u00e3o gostou da mudan\u00e7a e perdeu o controle. O oficial acrescentou que Sousa tinha a expectativa de seguir nas tarefas burocr\u00e1ticas. O motivo era principalmente a proximidade com o prefeito Gerson Pessoa (Podemos), a quem apoiou na campanha.\n<\/p>\n<p>A confus\u00e3o, segundo relato do atirador \u00e0 pol\u00edcia, come\u00e7ou primeiramente quando o secret\u00e1rio-adjunto se negou a negociar com ele e tentou levantar de sua mesa para, desse modo, deixar a sala onde estavam. Foi quando Sousa alvejou o assessor e trancou a porta do local para evitar socorro \u00e0 v\u00edtima. A negocia\u00e7\u00e3o para que Souza se rendesse durou mais de duas horas. A Pol\u00edcia Militar, no entanto, j\u00e1 sabia que o secret\u00e1rio estava morto.\n<\/p>\n<p><strong>Moreira e Sousa: desaven\u00e7as do passado<\/strong><br \/>Por meio de um equipamento de calorimetria, os negociadores constataram que havia apenas uma pessoa viva na sala, o atirador. Segundo o jornal Folha de S.Paulo, pessoas pr\u00f3ximas a Sousa disseram que ambos tinham desaven\u00e7as do passado.\n<\/p>\n<p>Moreira teria ci\u00fame em raz\u00e3o de o GCM falar diretamente com o prefeito da cidade. Ao receber o aviso sobre a mudan\u00e7a de fun\u00e7\u00e3o, Sousa confrontou o secret\u00e1rio sobre as raz\u00f5es da troca e, assim, passou a atirar na v\u00edtima.\n<\/p>\n<p>Fonte: Revista Oeste              <\/p>\n<\/div>\n<p><br \/>\n<br \/><a href=\"https:\/\/diariodobrasilnoticias.com.br\/noticia\/justica-decreta-a-prisao-do-policial-que-assassinou-o-secretario-em-osasco-677d9bcd96b6f\">Source link <\/a><\/p>","protected":false},"excerpt":{"rendered":"<p>A Justi\u00e7a decretou na manh\u00e3 desta ter\u00e7a-feira, 7, a pris\u00e3o preventiva do guarda-civil municipal Henrique Marival de Sousa. Ele matou a tiros o secret\u00e1rio-adjunto de Seguran\u00e7a P\u00fablica de Osasco, Adilson&hellip;<\/p>","protected":false},"author":1,"featured_media":88918,"comment_status":"closed","ping_status":"open","sticky":false,"template":"","format":"standard","meta":{"content-type":"","footnotes":""},"categories":[16],"tags":[123,2448,5313,1267],"class_list":["post-88917","post","type-post","status-publish","format-standard","has-post-thumbnail","hentry","category-noticias","tag-brasil","tag-diario","tag-noticia","tag-noticias"],"_links":{"self":[{"href":"https:\/\/tvbrazilusa.com\/pt\/wp-json\/wp\/v2\/posts\/88917","targetHints":{"allow":["GET"]}}],"collection":[{"href":"https:\/\/tvbrazilusa.com\/pt\/wp-json\/wp\/v2\/posts"}],"about":[{"href":"https:\/\/tvbrazilusa.com\/pt\/wp-json\/wp\/v2\/types\/post"}],"author":[{"embeddable":true,"href":"https:\/\/tvbrazilusa.com\/pt\/wp-json\/wp\/v2\/users\/1"}],"replies":[{"embeddable":true,"href":"https:\/\/tvbrazilusa.com\/pt\/wp-json\/wp\/v2\/comments?post=88917"}],"version-history":[{"count":1,"href":"https:\/\/tvbrazilusa.com\/pt\/wp-json\/wp\/v2\/posts\/88917\/revisions"}],"predecessor-version":[{"id":88919,"href":"https:\/\/tvbrazilusa.com\/pt\/wp-json\/wp\/v2\/posts\/88917\/revisions\/88919"}],"wp:featuredmedia":[{"embeddable":true,"href":"https:\/\/tvbrazilusa.com\/pt\/wp-json\/wp\/v2\/media\/88918"}],"wp:attachment":[{"href":"https:\/\/tvbrazilusa.com\/pt\/wp-json\/wp\/v2\/media?parent=88917"}],"wp:term":[{"taxonomy":"category","embeddable":true,"href":"https:\/\/tvbrazilusa.com\/pt\/wp-json\/wp\/v2\/categories?post=88917"},{"taxonomy":"post_tag","embeddable":true,"href":"https:\/\/tvbrazilusa.com\/pt\/wp-json\/wp\/v2\/tags?post=88917"}],"curies":[{"name":"wp","href":"https:\/\/api.w.org\/{rel}","templated":true}]}}