{"id":88920,"date":"2025-01-07T23:05:00","date_gmt":"2025-01-07T23:05:00","guid":{"rendered":"https:\/\/tvbrazilusa.com\/2025\/01\/07\/saimos-no-dia-do-funeral-presidencial\/"},"modified":"2025-01-07T23:15:08","modified_gmt":"2025-01-07T23:15:08","slug":"saimos-no-dia-do-funeral-presidencial","status":"publish","type":"post","link":"https:\/\/tvbrazilusa.com\/pt\/2025\/01\/07\/saimos-no-dia-do-funeral-presidencial\/","title":{"rendered":"Sa\u00edmos no dia do funeral presidencial?"},"content":{"rendered":"<script async src=\"https:\/\/pagead2.googlesyndication.com\/pagead\/js\/adsbygoogle.js?client=ca-pub-8864793242727901\"\r\n     crossorigin=\"anonymous\"><\/script>\n<div>\n<p class=\"article__paragraph article__paragraph--left\" id=\"AY4NKNG73ZCS7KJ7U6ZNVPSCVI\">Com a recente morte do ex-presidente Jimmy Carter na consci\u00eancia p\u00fablica, voc\u00ea deve estar se perguntando se ter\u00e1 folga do trabalho no dia do funeral presidencial.<\/p>\n<p class=\"article__paragraph article__paragraph--left\" id=\"OKARH3E3ING37PGTJT4FGKHW5M\">Na verdade, h\u00e1 uma raz\u00e3o por tr\u00e1s disso, j\u00e1 que o presidente Joe Biden declarou o dia 9 de janeiro, dia do funeral de estado de Jimmy Carter, como um <a href=\"https:\/\/www.whitehouse.gov\/briefing-room\/presidential-actions\/2024\/12\/29\/proclamation-announcing-the-death-of-james-earl-carter-jr\/\" target=\"_blank\">\u201cDia Nacional de Luto.\u201d<\/a><\/p>\n<p class=\"article__paragraph article__paragraph--left\" id=\"6ZLG3DMFLNC2LNVVBQFMH7E3RM\">\u201cApelo ao povo americano para que se re\u00fana nesse dia nos seus respectivos locais de culto, para prestar homenagem \u00e0 mem\u00f3ria do presidente James Earl Carter, Jr.\u201d, disse Biden. <a href=\"https:\/\/www.whitehouse.gov\/briefing-room\/presidential-actions\/2024\/12\/29\/proclamation-announcing-the-death-of-james-earl-carter-jr\/\" target=\"_blank\">disse em sua proclama\u00e7\u00e3o de 29 de dezembro de 2024.<\/a><\/p>\n<p class=\"article__paragraph article__paragraph--left\" id=\"IEUSSLBMIRA4NBFXDQ44TA47FU\">Biden declarou que todos os departamentos executivos e ag\u00eancias do Governo Federal estar\u00e3o fechados na quinta-feira para homenagear o ex-presidente Carter.<\/p>\n<p class=\"article__paragraph article__paragraph--left\" id=\"KWYQBGMCVNBTLPVPOPV24UIFFQ\">Ou seja, os servidores federais ter\u00e3o folga remunerada na quinta-feira.<\/p>\n<p class=\"article__paragraph article__paragraph--left\" id=\"JZVXWIG4PFB4LKQOYRQX44AFIY\">Isso inclui funcion\u00e1rios dos Correios dos EUA porque <a href=\"https:\/\/www.usps.com\/national-day-of-mourning\/welcome.htm\" target=\"_blank\">O USPS disse que todos os correios estar\u00e3o fechados, <\/a>e n\u00e3o entregar\u00e1 correspond\u00eancia. No entanto, a entrega de pacotes limitada estar\u00e1 dispon\u00edvel.<\/p>\n<p class=\"article__paragraph article__paragraph--left\" id=\"IT4TNZ7WPBBIXLTSF2JCLPWQ5E\">O Servi\u00e7o Nacional de Parques \u00e9 uma exce\u00e7\u00e3o, pois o NPS afirma que os seus parques e centros de visitantes permanecer\u00e3o \u201cgeralmente\u201d abertos, embora os escrit\u00f3rios administrativos permane\u00e7am fechados.<\/p>\n<p class=\"article__paragraph article__paragraph--left\" id=\"3VE2ERYRLJEDVC7DGH26ZCFMKA\">Embora a maioria das empresas privadas n\u00e3o feche naquele dia, os funcion\u00e1rios do <a href=\"https:\/\/ir.theice.com\/press\/news-details\/2024\/The-New-York-Stock-Exchange-Will-Close-Markets-on-January-9-to-Honor-the-Passing-of-Former-President-Jimmy-Carter-on-National-Day-of-Mourning\/default.aspx\" target=\"_blank\">Bolsa de Valores de Nova York<\/a> e <a href=\"https:\/\/www.nasdaq.com\/press-release\/nasdaq-announces-closure-its-us-markets-honor-national-day-mourning-former-president\" target=\"_blank\">Nasdaq <\/a>ter\u00e1 o dia de folga para observar o Dia Nacional de Luto nos mercados dos EUA. Mercados de t\u00edtulos <a href=\"https:\/\/www.ig.com\/uk\/news-and-trade-ideas\/_us-market-closures-around-president-jimmy-carters-funeral-250107#:~:text=%E2%80%8BMajor%20US%20exchanges%20including,4%3A00%20PM%20ET%20close.\" target=\"_blank\">fechar\u00e1 mais cedo<\/a> na quinta-feira \u00e0s 14h EST.<\/p>\n<p class=\"article__paragraph article__paragraph--left\" id=\"FKWAA3CP5RHHNKNVD2HW6VCFW4\"><i>Nosso jornalismo precisa do seu apoio. Por favor, inscreva-se hoje para <\/i><a href=\"http:\/\/nj.com\/\" target=\"_blank\"><i>NJ.com<\/i><\/a><i>.<\/i><\/p>\n<p class=\"article__paragraph article__paragraph--left\" id=\"Z2RKWYX7DZCIZDFBMGGMOAT7OU\"><i>Katherine Rodriguez pode ser contatada em <\/i><a href=\"https:\/\/www.nj.com\/news\/2025\/01\/mailto:krodriguez@njadvancemedia.com\" target=\"_blank\"><i>krodriguez@njadvancemedia.com<\/i><\/a><i>. Tem uma dica? Conte-nos em <\/i><a href=\"http:\/\/nj.com\/tips\" target=\"_blank\"><i>nj.com\/tips<\/i><\/a><i>.<\/i><\/p>\n<\/div>\n<p><br \/>\n<br \/><a href=\"https:\/\/www.nj.com\/news\/2025\/01\/do-we-get-off-on-the-day-of-a-presidential-funeral.html\">Source link <\/a><\/p>","protected":false},"excerpt":{"rendered":"<p>Com a recente morte do ex-presidente Jimmy Carter na consci\u00eancia p\u00fablica, voc\u00ea deve estar se perguntando se ter\u00e1 folga do trabalho no dia do funeral presidencial. Na verdade, h\u00e1 uma&hellip;<\/p>","protected":false},"author":1,"featured_media":88921,"comment_status":"closed","ping_status":"open","sticky":false,"template":"","format":"standard","meta":{"content-type":"","footnotes":""},"categories":[1],"tags":[],"class_list":["post-88920","post","type-post","status-publish","format-standard","has-post-thumbnail","hentry","category-uncategorized"],"_links":{"self":[{"href":"https:\/\/tvbrazilusa.com\/pt\/wp-json\/wp\/v2\/posts\/88920","targetHints":{"allow":["GET"]}}],"collection":[{"href":"https:\/\/tvbrazilusa.com\/pt\/wp-json\/wp\/v2\/posts"}],"about":[{"href":"https:\/\/tvbrazilusa.com\/pt\/wp-json\/wp\/v2\/types\/post"}],"author":[{"embeddable":true,"href":"https:\/\/tvbrazilusa.com\/pt\/wp-json\/wp\/v2\/users\/1"}],"replies":[{"embeddable":true,"href":"https:\/\/tvbrazilusa.com\/pt\/wp-json\/wp\/v2\/comments?post=88920"}],"version-history":[{"count":1,"href":"https:\/\/tvbrazilusa.com\/pt\/wp-json\/wp\/v2\/posts\/88920\/revisions"}],"predecessor-version":[{"id":88922,"href":"https:\/\/tvbrazilusa.com\/pt\/wp-json\/wp\/v2\/posts\/88920\/revisions\/88922"}],"wp:featuredmedia":[{"embeddable":true,"href":"https:\/\/tvbrazilusa.com\/pt\/wp-json\/wp\/v2\/media\/88921"}],"wp:attachment":[{"href":"https:\/\/tvbrazilusa.com\/pt\/wp-json\/wp\/v2\/media?parent=88920"}],"wp:term":[{"taxonomy":"category","embeddable":true,"href":"https:\/\/tvbrazilusa.com\/pt\/wp-json\/wp\/v2\/categories?post=88920"},{"taxonomy":"post_tag","embeddable":true,"href":"https:\/\/tvbrazilusa.com\/pt\/wp-json\/wp\/v2\/tags?post=88920"}],"curies":[{"name":"wp","href":"https:\/\/api.w.org\/{rel}","templated":true}]}}