{"id":88923,"date":"2025-01-07T23:33:39","date_gmt":"2025-01-07T23:33:39","guid":{"rendered":"https:\/\/tvbrazilusa.com\/2025\/01\/07\/paulo-teixeira-afirma-que-a-meta-transformou-as-redes-sociais-em-ringues-do-ufc\/"},"modified":"2025-01-07T23:33:41","modified_gmt":"2025-01-07T23:33:41","slug":"paulo-teixeira-afirma-que-a-meta-transformou-as-redes-sociais-em-ringues-do-ufc","status":"publish","type":"post","link":"https:\/\/tvbrazilusa.com\/pt\/2025\/01\/07\/paulo-teixeira-afirma-que-a-meta-transformou-as-redes-sociais-em-ringues-do-ufc\/","title":{"rendered":"Paulo Teixeira afirma que a Meta transformou as redes sociais em ringues do UFC"},"content":{"rendered":"<p> <script async src=\"https:\/\/pagead2.googlesyndication.com\/pagead\/js\/adsbygoogle.js?client=ca-pub-8864793242727901\"\r\n     crossorigin=\"anonymous\"><\/script><br \/>\n<\/p>\n<div id=\"taboola-read-more\" style=\"display:block; width:100%\">\n<p>O ministro do Desenvolvimento Agr\u00e1rio, Paulo Teixeira, criticou nesta 3\u00aa feira (7.jan.2025) a decis\u00e3o da Meta de encerrar o sistema de verifica\u00e7\u00e3o de fatos.\n<\/p>\n<p>Em sua conta no X (ex-Twitter), Teixeira disse que a big tech transformou suas redes sociais em \u201cringues de UFC\u201d \u2013em refer\u00eancia ao Ultimate Fighting Championship, que promove evento de artes marciais.<\/p>\n<p>De acordo com o an\u00fancio feito pelo criador da empresa, Mark Zuckerberg, o sistema ser\u00e1 substitu\u00eddo por notas da comunidade, que s\u00e3o coment\u00e1rios sugeridos pelos pr\u00f3prios usu\u00e1rios para complementar ou negar a postagem inicial.\n<\/p>\n<p>A Meta tamb\u00e9m ir\u00e1 suspender as restri\u00e7\u00f5es a publica\u00e7\u00f5es nas suas redes sociais Facebook e Instagram.\n<\/p>\n<p>Teixeira declarou que as mudan\u00e7as anunciadas pela empresa \u201ccriam um ambiente de maior confus\u00e3o na rela\u00e7\u00e3o das redes sociais com a sociedade brasileira\u201d. O ministro disse ainda ser necess\u00e1rio avan\u00e7ar na aprova\u00e7\u00e3o da regula\u00e7\u00e3o das redes pelo Congresso.\n<\/p>\n<p>O deputado Alencar Santana (PL-SP) falou em convocar o representante de Meta no Brasil para uma oitiva na C\u00e2mara dos Deputados para explicar em detalhes as atualiza\u00e7\u00f5es.\n<\/p>\n<p>A ministra da Igualdade Racial, Anielle Franco, classificou o an\u00fancio de Zuckerberg como \u201cpreocupante\u201d e disse que a internet n\u00e3o pode ser terra sem lei.\n<\/p>\n<p>A ministra dos Povos Ind\u00edgenas, Sonia Guajajara, disse ver com preocupa\u00e7\u00e3o as mudan\u00e7as, que segundo ela, pode afetar tamb\u00e9m os povos ind\u00edgenas com desinforma\u00e7\u00e3o e ataques em plataformas da Meta.\n<\/p>\n<p>O deputado Orlando Silva (PC do B-SP), foi relator do PL das fake news, disse que a decis\u00e3o da Meta \u201crefor\u00e7a a extrema-direita e declara guerra \u00e0 democracia\u201d.\n<\/p>\n<p>Fonte: Poder 360              <\/p>\n<\/div>\n<p><br \/>\n<br \/><a href=\"https:\/\/diariodobrasilnoticias.com.br\/noticia\/paulo-teixeira-afirma-que-a-meta-transformou-as-redes-sociais-em-ringues-do-ufc-677d9db1b8b53\">Source link <\/a><\/p>","protected":false},"excerpt":{"rendered":"<p>O ministro do Desenvolvimento Agr\u00e1rio, Paulo Teixeira, criticou nesta 3\u00aa feira (7.jan.2025) a decis\u00e3o da Meta de encerrar o sistema de verifica\u00e7\u00e3o de fatos. Em sua conta no X (ex-Twitter),&hellip;<\/p>","protected":false},"author":1,"featured_media":88924,"comment_status":"closed","ping_status":"open","sticky":false,"template":"","format":"standard","meta":{"content-type":"","footnotes":""},"categories":[16],"tags":[123,2448,5313,1267],"class_list":["post-88923","post","type-post","status-publish","format-standard","has-post-thumbnail","hentry","category-noticias","tag-brasil","tag-diario","tag-noticia","tag-noticias"],"_links":{"self":[{"href":"https:\/\/tvbrazilusa.com\/pt\/wp-json\/wp\/v2\/posts\/88923","targetHints":{"allow":["GET"]}}],"collection":[{"href":"https:\/\/tvbrazilusa.com\/pt\/wp-json\/wp\/v2\/posts"}],"about":[{"href":"https:\/\/tvbrazilusa.com\/pt\/wp-json\/wp\/v2\/types\/post"}],"author":[{"embeddable":true,"href":"https:\/\/tvbrazilusa.com\/pt\/wp-json\/wp\/v2\/users\/1"}],"replies":[{"embeddable":true,"href":"https:\/\/tvbrazilusa.com\/pt\/wp-json\/wp\/v2\/comments?post=88923"}],"version-history":[{"count":1,"href":"https:\/\/tvbrazilusa.com\/pt\/wp-json\/wp\/v2\/posts\/88923\/revisions"}],"predecessor-version":[{"id":88925,"href":"https:\/\/tvbrazilusa.com\/pt\/wp-json\/wp\/v2\/posts\/88923\/revisions\/88925"}],"wp:featuredmedia":[{"embeddable":true,"href":"https:\/\/tvbrazilusa.com\/pt\/wp-json\/wp\/v2\/media\/88924"}],"wp:attachment":[{"href":"https:\/\/tvbrazilusa.com\/pt\/wp-json\/wp\/v2\/media?parent=88923"}],"wp:term":[{"taxonomy":"category","embeddable":true,"href":"https:\/\/tvbrazilusa.com\/pt\/wp-json\/wp\/v2\/categories?post=88923"},{"taxonomy":"post_tag","embeddable":true,"href":"https:\/\/tvbrazilusa.com\/pt\/wp-json\/wp\/v2\/tags?post=88923"}],"curies":[{"name":"wp","href":"https:\/\/api.w.org\/{rel}","templated":true}]}}