{"id":88929,"date":"2025-01-07T23:45:45","date_gmt":"2025-01-07T23:45:45","guid":{"rendered":"https:\/\/tvbrazilusa.com\/2025\/01\/07\/trump-nao-exclui-a-opcao-de-recorrer-a-forca-militar-para-controlar-o-canal-do-panama-e-a-groenlandia\/"},"modified":"2025-01-07T23:45:46","modified_gmt":"2025-01-07T23:45:46","slug":"trump-nao-exclui-a-opcao-de-recorrer-a-forca-militar-para-controlar-o-canal-do-panama-e-a-groenlandia","status":"publish","type":"post","link":"https:\/\/tvbrazilusa.com\/pt\/2025\/01\/07\/trump-nao-exclui-a-opcao-de-recorrer-a-forca-militar-para-controlar-o-canal-do-panama-e-a-groenlandia\/","title":{"rendered":"Trump n\u00e3o exclui a op\u00e7\u00e3o de recorrer \u00e0 for\u00e7a militar para controlar o Canal do Panam\u00e1 e a Groenl\u00e2ndia"},"content":{"rendered":"<p> <script async src=\"https:\/\/pagead2.googlesyndication.com\/pagead\/js\/adsbygoogle.js?client=ca-pub-8864793242727901\"\r\n     crossorigin=\"anonymous\"><\/script><br \/>\n<\/p>\n<div id=\"taboola-read-more\" style=\"display:block; width:100%\">\n<p>Em sua segunda coletiva de imprensa desde que venceu a elei\u00e7\u00e3o, o presidente eleito dos Estados Unidos, Donald Trump, afirmou que n\u00e3o descartaria o uso de medidas militares ou econ\u00f4micas para alcan\u00e7ar seus objetivos de pol\u00edtica externa. O foco de suas declara\u00e7\u00f5es foi o desejo de tomar o controle do Canal do Panam\u00e1 e da Groenl\u00e2ndia, territ\u00f3rios que ele considera cruciais para a seguran\u00e7a nacional e econ\u00f4mica dos Estados Unidos.\n<\/p>\n<p>Ao ser questionado sobre a possibilidade de recorrer a a\u00e7\u00f5es militares para alcan\u00e7ar esses objetivos, Trump disse que n\u00e3o podia \u201cgarantir nada\u201d.<\/p>\n<p>\u201cPosso dizer que precisamos deles para nossa seguran\u00e7a econ\u00f4mica\u201d, afirmou, com menos de duas semanas antes de sua posse oficial, em 20 de janeiro.\n<\/p>\n<p>Durante suas falas, Trump tamb\u00e9m sugeriu a imposi\u00e7\u00e3o de tarifas caso o governo dinamarqu\u00eas continue a recusar sua proposta de compra da Groenl\u00e2ndia. A Dinamarca j\u00e1 afirmou publicamente que a Groenl\u00e2ndia, uma parte aut\u00f4noma de seu reino, n\u00e3o est\u00e1 \u00e0 venda. O recente interesse em comprar a ilha ocorre em meio a tens\u00f5es crescentes entre a Groenl\u00e2ndia e a Dinamarca, devido a revela\u00e7\u00f5es de m\u00e1 conduta das autoridades dinamarquesas em rela\u00e7\u00e3o \u00e0 governan\u00e7a do territ\u00f3rio e apelos do primeiro-ministro da Groenl\u00e2ndia pela independ\u00eancia da regi\u00e3o aut\u00f4noma.\n<\/p>\n<p>\u201cN\u00e3o acho que seja uma boa maneira de avan\u00e7armos lutando uns contra os outros com meios financeiros quando somos aliados e parceiros pr\u00f3ximos\u201d, disse a primeira-ministra dinamarquesa, Mette Frederiksen, em resposta aos coment\u00e1rios de Trump.\n<\/p>\n<p>Inicialmente convocada para anunciar investimentos bilion\u00e1rios dos Emirados \u00c1rabes Unidos em tecnologia dos EUA, a entrevista coletiva rapidamente se transformou em um com\u00edcio do presidente eleito.\n<\/p>\n<p>Al\u00e9m disso, o presidente eleito fez outras propostas controversas, incluindo a mudan\u00e7a do nome do Golfo do M\u00e9xico para \u201cGolfo da Am\u00e9rica\u201d, algo que ele justificou como uma forma de reconhecer o vasto territ\u00f3rio coberto pela regi\u00e3o. \u201c\u2018O Golfo da Am\u00e9rica\u2019. Que nome lindo!\u201d\n<\/p>\n<p>Trump j\u00e1 tentou reverter o nome do pico Denali, no Alasca, para \u201cMonte McKinley\u201d, alterado por Barack Obama em homenagem aos nativos americanos. Normalmente, o Conselho de Nomes Geogr\u00e1ficos dos EUA define nomes geogr\u00e1ficos, embora os presidentes tamb\u00e9m tenham renomeado caracter\u00edsticas geogr\u00e1ficas por meio de a\u00e7\u00e3o executiva.\n<\/p>\n<p>O republicano tamb\u00e9m criticou os gastos americanos em produtos canadenses e o apoio militar ao Canad\u00e1, dizendo que os EUA n\u00e3o obt\u00eam nenhum benef\u00edcio com isso, e chamou a fronteira entre os dois pa\u00edses de uma \u201clinha tra\u00e7ada artificialmente\u201d.\n<\/p>\n<p>A ministra das rela\u00e7\u00f5es exteriores do Canad\u00e1, Melanie Joly, disse no X, antigo Twitter, que \u201cos coment\u00e1rios do presidente eleito Trump mostram uma completa falta de compreens\u00e3o do que torna o Canad\u00e1 um pa\u00eds forte\u201d.\n<\/p>\n<p>O republicano aproveitou a ocasi\u00e3o para refor\u00e7ar suas exig\u00eancias em rela\u00e7\u00e3o aos aliados da Organiza\u00e7\u00e3o do Tratado do Atl\u00e2ntico Norte (Otan), sugerindo que todos os membros da principal alian\u00e7a militar ocidental devem aumentar suas contribui\u00e7\u00f5es de defesa para 5% do Produto Interno Bruto (PIB), em vez dos atuais 2%.\n<\/p>\n<p>Durante sua campanha, Trump reclamou frequentemente que a maioria dos membros da alian\u00e7a n\u00e3o est\u00e1 pagando sua parte justa, e sugeriu exigir um aumento nas contribui\u00e7\u00f5es.\n<\/p>\n<p>Fonte: Veja              <\/p>\n<\/div>\n<p><br \/>\n<br \/><a href=\"https:\/\/diariodobrasilnoticias.com.br\/noticia\/trump-nao-exclui-a-opcao-de-recorrer-a-forca-militar-para-controlar-o-canal-do-panama-e-a-groenlandia-677d9e9cca920\">Source link <\/a><\/p>","protected":false},"excerpt":{"rendered":"<p>Em sua segunda coletiva de imprensa desde que venceu a elei\u00e7\u00e3o, o presidente eleito dos Estados Unidos, Donald Trump, afirmou que n\u00e3o descartaria o uso de medidas militares ou econ\u00f4micas&hellip;<\/p>","protected":false},"author":1,"featured_media":88930,"comment_status":"closed","ping_status":"open","sticky":false,"template":"","format":"standard","meta":{"content-type":"","footnotes":""},"categories":[16],"tags":[123,2448,5313,1267],"class_list":["post-88929","post","type-post","status-publish","format-standard","has-post-thumbnail","hentry","category-noticias","tag-brasil","tag-diario","tag-noticia","tag-noticias"],"_links":{"self":[{"href":"https:\/\/tvbrazilusa.com\/pt\/wp-json\/wp\/v2\/posts\/88929","targetHints":{"allow":["GET"]}}],"collection":[{"href":"https:\/\/tvbrazilusa.com\/pt\/wp-json\/wp\/v2\/posts"}],"about":[{"href":"https:\/\/tvbrazilusa.com\/pt\/wp-json\/wp\/v2\/types\/post"}],"author":[{"embeddable":true,"href":"https:\/\/tvbrazilusa.com\/pt\/wp-json\/wp\/v2\/users\/1"}],"replies":[{"embeddable":true,"href":"https:\/\/tvbrazilusa.com\/pt\/wp-json\/wp\/v2\/comments?post=88929"}],"version-history":[{"count":1,"href":"https:\/\/tvbrazilusa.com\/pt\/wp-json\/wp\/v2\/posts\/88929\/revisions"}],"predecessor-version":[{"id":88931,"href":"https:\/\/tvbrazilusa.com\/pt\/wp-json\/wp\/v2\/posts\/88929\/revisions\/88931"}],"wp:featuredmedia":[{"embeddable":true,"href":"https:\/\/tvbrazilusa.com\/pt\/wp-json\/wp\/v2\/media\/88930"}],"wp:attachment":[{"href":"https:\/\/tvbrazilusa.com\/pt\/wp-json\/wp\/v2\/media?parent=88929"}],"wp:term":[{"taxonomy":"category","embeddable":true,"href":"https:\/\/tvbrazilusa.com\/pt\/wp-json\/wp\/v2\/categories?post=88929"},{"taxonomy":"post_tag","embeddable":true,"href":"https:\/\/tvbrazilusa.com\/pt\/wp-json\/wp\/v2\/tags?post=88929"}],"curies":[{"name":"wp","href":"https:\/\/api.w.org\/{rel}","templated":true}]}}