{"id":88938,"date":"2025-01-07T23:52:47","date_gmt":"2025-01-07T23:52:47","guid":{"rendered":"https:\/\/tvbrazilusa.com\/2025\/01\/07\/a-deputada-de-massachusetts-ayanna-pressley-boicotara-a-posse-de-trump\/"},"modified":"2025-01-08T00:03:33","modified_gmt":"2025-01-08T00:03:33","slug":"a-deputada-de-massachusetts-ayanna-pressley-boicotara-a-posse-de-trump","status":"publish","type":"post","link":"https:\/\/tvbrazilusa.com\/pt\/2025\/01\/07\/a-deputada-de-massachusetts-ayanna-pressley-boicotara-a-posse-de-trump\/","title":{"rendered":"A deputada de Massachusetts Ayanna Pressley boicotar\u00e1 a posse de Trump"},"content":{"rendered":"<p> <script async src=\"https:\/\/pagead2.googlesyndication.com\/pagead\/js\/adsbygoogle.js?client=ca-pub-8864793242727901\"\r\n     crossorigin=\"anonymous\"><\/script><br \/>\n<\/p>\n<div id=\"\">\n<header class=\"m-article-header m-article-header--standard\">\n\t\t\t\t\t\t\t\t\t\t\t\t<span id=\"article-header-primary-term\"><br \/>\n\t\t\t\t\t\t\t\t<a class=\"a-term a-term--primary\" href=\"https:\/\/www.boston.com\/tag\/politics\/\"><\/p>\n<p>\t\t\t\t\t\t\t\tPol\u00edtica\t\t\t\t\t\t\t\t<\/a><br \/>\n\t\t\t\t\t\t\t<\/span><\/p>\n<h2 class=\"m-article-header__sub-headline\">\u201cPretendo passar o fim de semana do Dia de Martin Luther King Jr. em meu distrito em eventos comunit\u00e1rios que alimentem nossa alma coletiva\u201d, disse Pressley.<\/h2>\n<figure class=\"a-photo m-article-header__photo\"><figcaption class=\"a-photo__caption\">\n<p>\tA deputada Ayanna Pressley fala em um com\u00edcio de campanha em Boston em 2022.<em> Maria Schwalm<\/em>\t<\/figcaption><\/figure>\n<\/header>\n<p>A deputada de Massachusetts Ayanna Pressley n\u00e3o comparecer\u00e1 \u00e0 posse do presidente eleito Donald Trump no final deste m\u00eas, disse seu gabinete na ter\u00e7a-feira.<\/p>\n<p><a href=\"https:\/\/www.boston.com\/tag\/ayanna-pressley\/\">Pressley<\/a>que representa grande parte de Boston e alguns sub\u00farbios, disse em comunicado que tem outros planos para 20 de janeiro, que tamb\u00e9m \u00e9 o Dia de Martin Luther King Jr. <\/p>\n<p>\u201cPretendo passar o fim de semana do Dia de Martin Luther King Jr. em meu distrito em eventos comunit\u00e1rios que alimentem nossa alma coletiva e nos comprometam novamente com a constru\u00e7\u00e3o de um futuro enraizado no amor\u201d, disse Pressley.<\/p>\n<p>O feriado federal, comemorado na terceira segunda-feira de janeiro, \u00e0s vezes cai no Dia da Posse, que \u00e9 constitucionalmente marcado para 20 de janeiro. Se 20 de janeiro for domingo, o presidente toma posse na segunda-feira.<\/p>\n<p>A congressista, que \u00e9 membro do Congressional Progressive Caucus, foi recentemente empossada para seu quarto mandato. Durante o ver\u00e3o, Pressley <a href=\"https:\/\/www.boston.com\/news\/politics\/2024\/07\/24\/these-massachusetts-legislators-are-boycotting-netanyahnus-speech-to-congress\/\">boicotou o discurso do primeiro-ministro israelense Benjamin Netanyahu<\/a> ao Congresso, juntando-se a grande parte da delega\u00e7\u00e3o parlamentar do estado.<\/p>\n<p>O escrit\u00f3rio de Pressley disse que ela sediar\u00e1 um evento em um local significativo para King e para a comunidade negra em Boston durante o fim de semana prolongado, na v\u00e9spera de uma segunda presid\u00eancia de Trump. <\/p>\n<p>\u201cEnquanto nos preparamos para mitigar as decis\u00f5es pol\u00edticas mais prejudiciais e odiosas que vir\u00e3o da Casa Branca de Trump, estarei no 7\u00ba Massachusetts para ajudar a organizar e mobilizar o nosso poder colectivo que honra a vis\u00e3o do Dr. chama Massachusetts e a Am\u00e9rica de lar\u201d, conectou a declara\u00e7\u00e3o de Pressley.<\/p>\n<p>Os detalhes do evento ainda n\u00e3o foram finalizados, mas est\u00e3o planejados palestrantes e workshops realizados por organiza\u00e7\u00f5es locais de base, disse o gabinete de Pressley. Mais detalhes sobre seu evento ser\u00e3o anunciados em breve.<\/p>\n<div class=\"o-author-single has-avatar\">\n<header class=\"m-author-card\">\n<div class=\"a-image a-image--square m-author-card__image\">\n\t\t<img decoding=\"async\" class=\"\" src=\"https:\/\/www.boston.com\/wp-content\/uploads\/2024\/10\/cropped-molly-farrar-6707200226887-6707200bea6c0-242x242.jpg\" alt=\"Imagem do perfil de Molly Farrar\"\/>\t<\/div>\n<\/header>\n<section class=\"author-info\">\n<div class=\"m-author__section\">\n<p>Molly Farrar \u00e9 rep\u00f3rter geral do Boston.com, com foco em educa\u00e7\u00e3o, pol\u00edtica, crime e muito mais.<\/p>\n<\/div>\n<\/section>\n<\/div>\n<div class=\"m-block m-generic-cta\t m-generic-cta--post-content\t m-generic-cta--dark\t m-generic-cta--homepage\t m-generic-cta--email-signup\t\t m-generic-cta-block-style--default \tt-amp__generic-cta\"><\/p>\n<div class=\"m-generic-cta__wrap\">\n<div class=\"m-generic-cta__content\">\n<h3 class=\"m-generic-cta__title\">Boston.com hoje<\/h3>\n<p class=\"m-generic-cta__subtitle\">Inscreva-se para receber as \u00faltimas manchetes em sua caixa de entrada todas as manh\u00e3s.<\/p>\n<\/p><\/div>\n<\/p><\/div>\n<\/div><\/div>\n<p><script>\n\t\tvar consent=\"grant\";\n\t\t\/* The above code is parsing the JSON data from the local storage and storing it in a variable. *\/\n\t\t\t\t\tconst onetrustStorageConsent = JSON.parse(localStorage.getItem( 'consent_one_trust_bdc' ) );\n\t\t\tif ( ( onetrustStorageConsent !== null ) ) {\n\t\t\t\t\/* Checking to see if the user has consented to the use of cookies.\n\t\t\t\t* If they have not, it is deleting the cookie.\n\t\t\t\t* This will comment for now, until further notice.\n\t\t\t\t*\/\n\t\t\t\t\/\/if ( onetrustStorageConsent.C0002 === false ) {\n\t\t\t\t\/\/\tdocument.cookie=\"_fbp=;expires=Thu, 01 Jan 2010 00:00:00 UTC; path=\/; domain=.boston.com\";\n\t\t\t\t\/\/}\n\t\t\t\t\/* Checking if the user has given consent for the cookie C0002.\n\t\t\t\t* If the user has given consent, the variable consent will be set to 'grant'.\n\t\t\t\t* If the user has not given consent,the variable consent will be set to 'revoke'.\n\t\t\t\t* Documentation https:\/\/developers.facebook.com\/docs\/meta-pixel\/implementation\/gdpr\n\t\t\t\t*\/\n\t\t\t\tif ( onetrustStorageConsent.C0002 !== true ) {\n\t\t\t\t\tconsent=\"revoke\";\n\t\t\t\t}\n\t\t\t}\n\t\t\t\t!function(f,b,e,v,n,t,s)\n\t\t{if(f.fbq)return;n=f.fbq=function(){n.callMethod?\n\t\tn.callMethod.apply(n,arguments):n.queue.push(arguments)};\n\t\tif(!f._fbq)f._fbq=n;n.push=n;n.loaded=!0;n.version='2.0';\n\t\tn.queue=[];t=b.createElement(e);t.async=!0;\n\t\tt.src=v;s=b.getElementsByTagName(e)[0];\n\t\ts.parentNode.insertBefore(t,s)}(window, document,'script',\n\t\t'https:\/\/connect.facebook.net\/en_US\/fbevents.js');\n\t\tfbq('consent', consent);\n\t\tfbq('init', '989222871864976');\n\t\tfbq('track', 'PageView');\n\t<\/script><script type=\"module\">\n\t\tvar consent=\"grant\";\n\t\t\/* The above code is parsing the JSON data from the local storage and storing it in a variable. *\/\n\t\t\tconst onetrustStorageConsent = JSON.parse(localStorage.getItem( 'consent_one_trust_bdc' ) );\n\t\t\t\/* Checking to see if the user has consented to the use of cookies.\n\t\t\t* If they have not, it is deleting the cookie.\n\t\t\t* This will comment for now, until further notice.\n\t\t\t*\/\n\t\t\t\/\/if ( onetrustStorageConsent.C0002 === false ) {\n\t\t\t\/\/\tdocument.cookie=\"_fbp=;expires=Thu, 01 Jan 2010 00:00:00 UTC; path=\/; domain=.boston.com\";\n\t\t\t\/\/}\n\t\t\t\/* Checking if the user has given consent for the cookie C0002.\n\t\t\t* If the user has given consent, the variable consent will be set to 'grant'.\n\t\t\t* If the user has not given consent,the variable consent will be set to 'revoke'.\n\t\t\t* Documentation https:\/\/developers.facebook.com\/docs\/meta-pixel\/implementation\/gdpr\n\t\t\t*\/\n\t\t\tif ( ( onetrustStorageConsent !== null ) && (onetrustStorageConsent.C0002 !== true ) ) {\n\t\t\t\tconsent=\"revoke\";\n\t\t\t}\n\t\t\t\t!function(f,b,e,v,n,t,s){if(f.fbq)return;n=f.fbq=function()\n\t\t{n.callMethod? n.callMethod.apply(n,arguments):n.queue.push(arguments)}\n\t\t;if(!f._fbq)f._fbq=n;\n\t\tn.push=n;n.loaded=!0;n.version='2.0';n.queue=[];t=b.createElement(e);t.async=!0;\n\t\tt.src=v;s=b.getElementsByTagName(e)[0];s.parentNode.insertBefore(t,s)}(window,\n\t\tdocument,'script','https:\/\/connect.facebook.net\/en_US\/fbevents.js');\n\t\tfbq('consent', consent);\n\t\tfbq('init', '813236348753005');\n\t\tfbq('track', \"PageView\");\n\t<\/script><br \/>\n<br \/><br \/>\n<br \/><a href=\"https:\/\/www.boston.com\/news\/politics\/2025\/01\/07\/mass-rep-ayanna-pressley-to-boycott-trumps-inauguration\/\">Source link <\/a><\/p>","protected":false},"excerpt":{"rendered":"<p>Pol\u00edtica \u201cPretendo passar o fim de semana do Dia de Martin Luther King Jr. em meu distrito em eventos comunit\u00e1rios que alimentem nossa alma coletiva\u201d, disse Pressley. A deputada Ayanna&hellip;<\/p>","protected":false},"author":1,"featured_media":88939,"comment_status":"closed","ping_status":"open","sticky":false,"template":"","format":"standard","meta":{"content-type":"","footnotes":""},"categories":[1],"tags":[],"class_list":["post-88938","post","type-post","status-publish","format-standard","has-post-thumbnail","hentry","category-uncategorized"],"_links":{"self":[{"href":"https:\/\/tvbrazilusa.com\/pt\/wp-json\/wp\/v2\/posts\/88938","targetHints":{"allow":["GET"]}}],"collection":[{"href":"https:\/\/tvbrazilusa.com\/pt\/wp-json\/wp\/v2\/posts"}],"about":[{"href":"https:\/\/tvbrazilusa.com\/pt\/wp-json\/wp\/v2\/types\/post"}],"author":[{"embeddable":true,"href":"https:\/\/tvbrazilusa.com\/pt\/wp-json\/wp\/v2\/users\/1"}],"replies":[{"embeddable":true,"href":"https:\/\/tvbrazilusa.com\/pt\/wp-json\/wp\/v2\/comments?post=88938"}],"version-history":[{"count":1,"href":"https:\/\/tvbrazilusa.com\/pt\/wp-json\/wp\/v2\/posts\/88938\/revisions"}],"predecessor-version":[{"id":88940,"href":"https:\/\/tvbrazilusa.com\/pt\/wp-json\/wp\/v2\/posts\/88938\/revisions\/88940"}],"wp:featuredmedia":[{"embeddable":true,"href":"https:\/\/tvbrazilusa.com\/pt\/wp-json\/wp\/v2\/media\/88939"}],"wp:attachment":[{"href":"https:\/\/tvbrazilusa.com\/pt\/wp-json\/wp\/v2\/media?parent=88938"}],"wp:term":[{"taxonomy":"category","embeddable":true,"href":"https:\/\/tvbrazilusa.com\/pt\/wp-json\/wp\/v2\/categories?post=88938"},{"taxonomy":"post_tag","embeddable":true,"href":"https:\/\/tvbrazilusa.com\/pt\/wp-json\/wp\/v2\/tags?post=88938"}],"curies":[{"name":"wp","href":"https:\/\/api.w.org\/{rel}","templated":true}]}}