{"id":8894,"date":"2024-07-26T13:58:24","date_gmt":"2024-07-26T13:58:24","guid":{"rendered":"https:\/\/tvbrazilusa.com\/2024\/07\/26\/como-assistir-a-cerimonia-de-abertura-das-olimpiadas-de-2024\/"},"modified":"2024-07-26T14:18:34","modified_gmt":"2024-07-26T14:18:34","slug":"como-assistir-a-cerimonia-de-abertura-das-olimpiadas-de-2024","status":"publish","type":"post","link":"https:\/\/tvbrazilusa.com\/pt\/2024\/07\/26\/como-assistir-a-cerimonia-de-abertura-das-olimpiadas-de-2024\/","title":{"rendered":"Como assistir \u00e0 cerim\u00f4nia de abertura das Olimp\u00edadas de 2024"},"content":{"rendered":"<p> <script async src=\"https:\/\/pagead2.googlesyndication.com\/pagead\/js\/adsbygoogle.js?client=ca-pub-8864793242727901\"\r\n     crossorigin=\"anonymous\"><\/script><br \/>\n<\/p>\n<div id=\"\">\n<header class=\"m-article-header m-article-header--standard\">\n\t\t\t\t\t\t\t\t\t\t\t\t<span id=\"article-header-primary-term\"><br \/>\n\t\t\t\t\t\t\t\t<a class=\"a-term a-term--primary\" href=\"https:\/\/www.boston.com\/tag\/sports\/\"><\/p>\n<p>\t\t\t\t\t\t\t\tEsportes\t\t\t\t\t\t\t\t<\/a><br \/>\n\t\t\t\t\t\t\t<\/span><\/p>\n<h2 class=\"m-article-header__sub-headline\">O espet\u00e1culo contar\u00e1 com milhares de atletas, dan\u00e7arinos e artistas.<\/h2>\n<figure class=\"a-photo m-article-header__photo\"><figcaption class=\"a-photo__caption\">\n<p>\tUm barco do esquadr\u00e3o antibombas navega pelo Rio Sena enquanto autoridades se preparam para a cerim\u00f4nia de abertura dos Jogos Ol\u00edmpicos de Ver\u00e3o de 2024, na segunda-feira, 22 de julho de 2024, em Paris, Fran\u00e7a.<em> AP Photo \/ Rebecca Blackwell<\/em>\t<\/figcaption><\/figure>\n<div class=\"m-article-header__meta\">\n<div class=\"m-article-header__byline\">\n<p class=\"m-article-header__author\">\n<p>\t\t\t\t\t\t\t\tPor The Associated Press, Associated Press\t\t\t\t\t\t\t<\/p>\n<p>\t\t\t\t\t\t    \t\t\t\t\t\t\t<time class=\"m-article-header__date\"><\/p>\n<p>        \t\t\t\t\t\t\t26 de julho de 2024 | 9h58    \t\t\t\t\t\t\t<\/time><\/p><\/div>\n<\/p><\/div>\n<\/header>\n<p>A cerim\u00f4nia de abertura das Olimp\u00edadas de Paris est\u00e1 marcada para sexta-feira.<\/p>\n<p>Em vez de uma marcha tradicional para um est\u00e1dio, cerca de 6.800 atletas desfilar\u00e3o em mais de 90 barcos no Rio Sena por 6 quil\u00f4metros (3,7 milhas). Isso dar\u00e1 in\u00edcio \u00e0 cerim\u00f4nia, n\u00e3o marcar\u00e1 seu fim, outra quebra de tradi\u00e7\u00e3o.<\/p>\n<p>A cerim\u00f4nia come\u00e7a \u00e0s 13h30 EDT\/19h30 CEST e deve durar mais de tr\u00eas horas.<\/p>\n<p>O desfile come\u00e7a na Ponte Austerlitz ao lado do Jardin des Plantes e segue o curso do Sena de leste a oeste. Ele faz seu caminho ao redor de duas ilhas no centro da cidade antes de passar por baixo de v\u00e1rias pontes e port\u00f5es. Atletas a bordo dos barcos ter\u00e3o vislumbres de v\u00e1rios locais ol\u00edmpicos, incluindo o Parque Urbano La Concorde (basquete 3X3, break, ciclismo BMX estilo livre, skate), Invalides (tiro com arco, atletismo \u2014 chegada da maratona, ciclismo de estrada \u2014 in\u00edcio do contra-rel\u00f3gio) e o Grand Palais (esgrima, taekwondo). O desfile termina na Ponte Iena, que liga a Torre Eiffel na margem esquerda do Sena ao distrito do Trocad\u00e9ro na margem direita. O final da cerim\u00f4nia \u00e9 no Trocad\u00e9ro. L\u00e1, entre outros procedimentos cerimoniais, o presidente franc\u00eas Emmanuel Macron far\u00e1 o discurso de abertura.<\/p>\n<p>A cerim\u00f4nia ser\u00e1 transmitida pela NBC e pelas plataformas Peacock e NBC Olympic \u2014 NBCOlympics.com, NBC.com, aplicativo NBC, aplicativo NBC Olympics.<\/p>\n<p>Uma pr\u00e9via ir\u00e1 ao ar na NBC ao meio-dia EDT, com cobertura ao vivo come\u00e7ando \u00e0s 13h30 e um bis aprimorado no hor\u00e1rio nobre \u00e0s 19h30.<\/p>\n<p>Cerca de 220.000 espectadores convidados e controlados por seguran\u00e7a s\u00e3o esperados nas camadas superiores das margens do Sena, e outros 104.000 espectadores pagantes assistir\u00e3o da margem inferior do rio e ao redor da pra\u00e7a do Trocad\u00e9ro.<\/p>\n<p>Aqueles em Paris que n\u00e3o conseguiram ingressos poder\u00e3o assistir \u00e0 cerim\u00f4nia em 80 tel\u00f5es gigantes espalhados pela cidade.<\/p>\n<p>Uma grande interrup\u00e7\u00e3o no tr\u00e1fego de trens mergulhou Paris na incerteza apenas algumas horas antes do in\u00edcio programado da cerim\u00f4nia.<\/p>\n<p>N\u00e3o houve nenhuma indica\u00e7\u00e3o imediata de que o que um funcion\u00e1rio do governo chamou de uma s\u00e9rie de &#8220;inc\u00eandios criminosos&#8221; perto dos trilhos afetaria a largada.<\/p>\n<p>Al\u00e9m dos atletas que participar\u00e3o do desfile, 3.000 dan\u00e7arinos, artistas e outros atletas ser\u00e3o apresentados nas cerim\u00f4nias de abertura e encerramento. A maioria dos atos de entretenimento permanece em segredo. A NBC News relatou que Celine Dion e Lady Gaga chegaram a Paris em meio a especula\u00e7\u00f5es de que uma ou ambas as cantoras pop se apresentar\u00e3o na cerim\u00f4nia de abertura.<\/p>\n<p>Chuvas leves atingiram Paris na manh\u00e3 de sexta-feira, com mais previs\u00e3o para o hor\u00e1rio em que a cerim\u00f4nia come\u00e7a. Isso significa que h\u00e1 uma boa chance de espectadores e atletas se molharem, j\u00e1 que n\u00e3o h\u00e1 teto sobre o Sena.<\/p>\n<p>Se chover, a cerim\u00f4nia dever\u00e1 ocorrer conforme o planejado.<\/p>\n<div class=\"m-block m-generic-cta\t m-generic-cta--post-content\t m-generic-cta--dark\t m-generic-cta--homepage\t m-generic-cta--email-signup\t\t m-generic-cta-block-style--default \tt-amp__generic-cta\"><\/p>\n<div class=\"m-generic-cta__wrap\">\n<div class=\"m-generic-cta__content\">\n<h3 class=\"m-generic-cta__title\">Receba as \u00faltimas not\u00edcias esportivas de Boston<\/h3>\n<p class=\"m-generic-cta__subtitle\">Receba atualiza\u00e7\u00f5es sobre seus times favoritos de Boston, diretamente da nossa reda\u00e7\u00e3o para sua caixa de entrada.<\/p>\n<\/p><\/div>\n<\/p><\/div>\n<\/div><\/div>\n<p><script>\n\t\tvar consent=\"grant\";\n\t\t\/* The above code is parsing the JSON data from the local storage and storing it in a variable. *\/\n\t\t\t\t\tconst onetrustStorageConsent = JSON.parse(localStorage.getItem( 'consent_one_trust_bdc' ) );\n\t\t\tif ( ( onetrustStorageConsent !== null ) ) {\n\t\t\t\t\/* Checking to see if the user has consented to the use of cookies.\n\t\t\t\t* If they have not, it is deleting the cookie.\n\t\t\t\t* This will comment for now, until further notice.\n\t\t\t\t*\/\n\t\t\t\t\/\/if ( onetrustStorageConsent.C0002 === false ) {\n\t\t\t\t\/\/\tdocument.cookie=\"_fbp=;expires=Thu, 01 Jan 2010 00:00:00 UTC; path=\/; domain=.boston.com\";\n\t\t\t\t\/\/}\n\t\t\t\t\/* Checking if the user has given consent for the cookie C0002.\n\t\t\t\t* If the user has given consent, the variable consent will be set to 'grant'.\n\t\t\t\t* If the user has not given consent,the variable consent will be set to 'revoke'.\n\t\t\t\t* Documentation https:\/\/developers.facebook.com\/docs\/meta-pixel\/implementation\/gdpr\n\t\t\t\t*\/\n\t\t\t\tif ( onetrustStorageConsent.C0002 !== true ) {\n\t\t\t\t\tconsent=\"revoke\";\n\t\t\t\t}\n\t\t\t}\n\t\t\t\t!function(f,b,e,v,n,t,s)\n\t\t{if(f.fbq)return;n=f.fbq=function(){n.callMethod?\n\t\tn.callMethod.apply(n,arguments):n.queue.push(arguments)};\n\t\tif(!f._fbq)f._fbq=n;n.push=n;n.loaded=!0;n.version='2.0';\n\t\tn.queue=[];t=b.createElement(e);t.async=!0;\n\t\tt.src=v;s=b.getElementsByTagName(e)[0];\n\t\ts.parentNode.insertBefore(t,s)}(window, document,'script',\n\t\t'https:\/\/connect.facebook.net\/en_US\/fbevents.js');\n\t\tfbq('consent', consent);\n\t\tfbq('init', '989222871864976');\n\t\tfbq('track', 'PageView');\n\t<\/script><script type=\"module\">\n\t\tvar consent=\"grant\";\n\t\t\/* The above code is parsing the JSON data from the local storage and storing it in a variable. *\/\n\t\t\tconst onetrustStorageConsent = JSON.parse(localStorage.getItem( 'consent_one_trust_bdc' ) );\n\t\t\t\/* Checking to see if the user has consented to the use of cookies.\n\t\t\t* If they have not, it is deleting the cookie.\n\t\t\t* This will comment for now, until further notice.\n\t\t\t*\/\n\t\t\t\/\/if ( onetrustStorageConsent.C0002 === false ) {\n\t\t\t\/\/\tdocument.cookie=\"_fbp=;expires=Thu, 01 Jan 2010 00:00:00 UTC; path=\/; domain=.boston.com\";\n\t\t\t\/\/}\n\t\t\t\/* Checking if the user has given consent for the cookie C0002.\n\t\t\t* If the user has given consent, the variable consent will be set to 'grant'.\n\t\t\t* If the user has not given consent,the variable consent will be set to 'revoke'.\n\t\t\t* Documentation https:\/\/developers.facebook.com\/docs\/meta-pixel\/implementation\/gdpr\n\t\t\t*\/\n\t\t\tif ( ( onetrustStorageConsent !== null ) && (onetrustStorageConsent.C0002 !== true ) ) {\n\t\t\t\tconsent=\"revoke\";\n\t\t\t}\n\t\t\t\t!function(f,b,e,v,n,t,s){if(f.fbq)return;n=f.fbq=function()\n\t\t{n.callMethod? n.callMethod.apply(n,arguments):n.queue.push(arguments)}\n\t\t;if(!f._fbq)f._fbq=n;\n\t\tn.push=n;n.loaded=!0;n.version='2.0';n.queue=[];t=b.createElement(e);t.async=!0;\n\t\tt.src=v;s=b.getElementsByTagName(e)[0];s.parentNode.insertBefore(t,s)}(window,\n\t\tdocument,'script','https:\/\/connect.facebook.net\/en_US\/fbevents.js');\n\t\tfbq('consent', consent);\n\t\tfbq('init', '813236348753005');\n\t\tfbq('track', \"PageView\");\n\t<\/script><br \/>\n<br \/><br \/>\n<br \/><a href=\"https:\/\/www.boston.com\/sports\/sports\/2024\/07\/26\/how-to-watch-the-2024-olympics-opening-ceremony\/\">Source link <\/a><\/p>","protected":false},"excerpt":{"rendered":"<p>Esportes O espet\u00e1culo contar\u00e1 com milhares de atletas, dan\u00e7arinos e artistas. Um barco do esquadr\u00e3o antibombas navega pelo Rio Sena enquanto autoridades se preparam para a cerim\u00f4nia de abertura dos&hellip;<\/p>","protected":false},"author":1,"featured_media":8895,"comment_status":"closed","ping_status":"open","sticky":false,"template":"","format":"standard","meta":{"content-type":"","footnotes":""},"categories":[1],"tags":[],"class_list":["post-8894","post","type-post","status-publish","format-standard","has-post-thumbnail","hentry","category-uncategorized"],"_links":{"self":[{"href":"https:\/\/tvbrazilusa.com\/pt\/wp-json\/wp\/v2\/posts\/8894","targetHints":{"allow":["GET"]}}],"collection":[{"href":"https:\/\/tvbrazilusa.com\/pt\/wp-json\/wp\/v2\/posts"}],"about":[{"href":"https:\/\/tvbrazilusa.com\/pt\/wp-json\/wp\/v2\/types\/post"}],"author":[{"embeddable":true,"href":"https:\/\/tvbrazilusa.com\/pt\/wp-json\/wp\/v2\/users\/1"}],"replies":[{"embeddable":true,"href":"https:\/\/tvbrazilusa.com\/pt\/wp-json\/wp\/v2\/comments?post=8894"}],"version-history":[{"count":1,"href":"https:\/\/tvbrazilusa.com\/pt\/wp-json\/wp\/v2\/posts\/8894\/revisions"}],"predecessor-version":[{"id":8896,"href":"https:\/\/tvbrazilusa.com\/pt\/wp-json\/wp\/v2\/posts\/8894\/revisions\/8896"}],"wp:featuredmedia":[{"embeddable":true,"href":"https:\/\/tvbrazilusa.com\/pt\/wp-json\/wp\/v2\/media\/8895"}],"wp:attachment":[{"href":"https:\/\/tvbrazilusa.com\/pt\/wp-json\/wp\/v2\/media?parent=8894"}],"wp:term":[{"taxonomy":"category","embeddable":true,"href":"https:\/\/tvbrazilusa.com\/pt\/wp-json\/wp\/v2\/categories?post=8894"},{"taxonomy":"post_tag","embeddable":true,"href":"https:\/\/tvbrazilusa.com\/pt\/wp-json\/wp\/v2\/tags?post=8894"}],"curies":[{"name":"wp","href":"https:\/\/api.w.org\/{rel}","templated":true}]}}