{"id":88944,"date":"2025-01-07T23:13:34","date_gmt":"2025-01-07T23:13:34","guid":{"rendered":"https:\/\/tvbrazilusa.com\/2025\/01\/07\/o-caixao-de-jimmy-carter-chega-ao-capitolio-dos-eua-onde-ele-permanecera-em-estado\/"},"modified":"2025-01-08T00:17:19","modified_gmt":"2025-01-08T00:17:19","slug":"o-caixao-de-jimmy-carter-chega-ao-capitolio-dos-eua-onde-ele-permanecera-em-estado","status":"publish","type":"post","link":"https:\/\/tvbrazilusa.com\/pt\/2025\/01\/07\/o-caixao-de-jimmy-carter-chega-ao-capitolio-dos-eua-onde-ele-permanecera-em-estado\/","title":{"rendered":"O caix\u00e3o de Jimmy Carter chega ao Capit\u00f3lio dos EUA, onde ele permanecer\u00e1 em estado"},"content":{"rendered":"<p> <script async src=\"https:\/\/pagead2.googlesyndication.com\/pagead\/js\/adsbygoogle.js?client=ca-pub-8864793242727901\"\r\n     crossorigin=\"anonymous\"><\/script><br \/>\n<\/p>\n<div id=\"\">\n<header class=\"m-article-header m-article-header--standard\">\n\t\t\t\t\t\t\t\t\t\t\t\t<span id=\"article-header-primary-term\"><br \/>\n\t\t\t\t\t\t\t\t<a class=\"a-term a-term--primary\" href=\"https:\/\/www.boston.com\/tag\/politics\/\"><\/p>\n<p>\t\t\t\t\t\t\t\tPol\u00edtica\t\t\t\t\t\t\t\t<\/a><br \/>\n\t\t\t\t\t\t\t<\/span><\/p>\n<h2 class=\"m-article-header__sub-headline\">Carter, que morreu em 29 de dezembro aos 100 anos, ser\u00e1 internado na noite de ter\u00e7a-feira e novamente na quarta-feira.<\/h2>\n<figure class=\"a-photo m-article-header__photo\"><figcaption class=\"a-photo__caption\">\n<p>\tO ex-presidente dos EUA Jimmy Carter encontra-se na Rotunda do Capit\u00f3lio dos EUA, em Washington, DC, em 7 de janeiro de 2025.<em> KENT NISHIMURA\/POOL\/AFP via Getty Images<\/em>\t<\/figcaption><\/figure>\n<div class=\"m-article-header__meta\">\n<div class=\"m-article-header__byline\">\n<p class=\"m-article-header__author\">\n<p>\t\t\t\t\t\t\t\tPor BILL BARROW e JONATHAN J. COOPER, Associated Press\t\t\t\t\t\t\t<\/p>\n<p>\t\t\t\t\t\t\t\t\t\t\t\t\t\t\t<time class=\"m-article-header__date\"><\/p>\n<p>\t\t\t\t\t\t\t\t\t7 de janeiro de 2025 | 18h13\t\t\t\t\t\t\t\t<\/time><\/p>\n<p><span>3 minutos para ler<\/span><\/p>\n<\/p><\/div>\n<\/p><\/div>\n<\/header>\n<p>WASHINGTON (AP) \u2013 Quase 44 anos depois de Jimmy Carter deixar a capital do pa\u00eds em uma derrota humilhante, o 39\u00ba presidente retornou a Washington para tr\u00eas dias de ritos funer\u00e1rios de estado a partir de ter\u00e7a-feira.<\/p>\n<p>Os restos mortais de Carter, que estavam em repouso no Centro Presidencial Carter desde s\u00e1bado, deixaram o campus de Atlanta na manh\u00e3 de ter\u00e7a-feira, acompanhados por seus filhos e parentes. A Miss\u00e3o A\u00e9rea Especial 39 partiu da Base A\u00e9rea de Dobbins ao norte de Atlanta e chegou \u00e0 Base Conjunta Andrews, em Maryland. Uma carreata levou o caix\u00e3o at\u00e9 Washington para uma viagem final ao Capit\u00f3lio, onde os membros do Congresso prestar\u00e3o suas homenagens.<\/p>\n<p>Na Ge\u00f3rgia, oito carregadores militares seguraram o caix\u00e3o de Carter enquanto canh\u00f5es disparavam na pista pr\u00f3xima. Eles o levaram at\u00e9 um ve\u00edculo que o levou at\u00e9 o compartimento de passageiros da aeronave, a ic\u00f4nica variante azul e branca do Boeing 747, conhecida como For\u00e7a A\u00e9rea Um quando o presidente em exerc\u00edcio est\u00e1 a bordo. Carter nunca viajou como presidente no jato, que voou pela primeira vez como Air Force One em 1990 com o presidente George HW Bush.<\/p>\n<p>A cena se repetiu fora de Washington. O caix\u00e3o do ex-presidente foi retirado do avi\u00e3o, canh\u00f5es foram disparados e uma banda militar tocou. Um carro funer\u00e1rio estampado com o selo do presidente juntou-se a uma carreata que se dirigia a Washington.<\/p>\n<p>Uma delega\u00e7\u00e3o bipartid\u00e1ria de membros do Congresso foi conduzida \u00e0 rotunda do Capit\u00f3lio pelos senadores Raphael Warnock e Jon Ossoff, democratas que representam o estado natal de Carter. Tr\u00eas dos nove ju\u00edzes da Suprema Corte dos EUA tamb\u00e9m estiveram presentes. Os ju\u00edzes John Roberts, Brett Kavanaugh e Elena Kagan ficaram ao lado da prefeita de Washington DC, Muriel Bowser, na rotunda.<\/p>\n<p>O Quinteto de Metais da Banda do Ex\u00e9rcito dos EUA tocou enquanto as pessoas aguardavam a chegada do caix\u00e3o.<\/p>\n<p>Carter, que morreu em 29 de dezembro aos 100 anos, ser\u00e1 internado na noite de ter\u00e7a-feira e novamente na quarta-feira. Ele recebe um funeral de estado na quinta-feira na Catedral Nacional de Washington. O presidente Joe Biden far\u00e1 um elogio.<\/p>\n<p>Existem os rituais familiares que se seguem \u00e0 morte de um presidente &#8211; a viagem da For\u00e7a A\u00e9rea de volta ao Beltway, uma guarda de honra militar carregando um caix\u00e3o coberto com uma bandeira subindo os degraus do Capit\u00f3lio, o catafalco de Lincoln na Rotunda.<\/p>\n<p>Tamb\u00e9m haver\u00e1 um simbolismo exclusivo de Carter. Enquanto ele era carregado de seu centro presidencial, uma banda militar tocou hinos \u2013 \u201cAmazing Grace\u201d e \u201cBlessed Assurance\u201d para o franco evang\u00e9lico batista que se autodenominava um \u201ccrist\u00e3o nascido de novo\u201d quando buscou e ganhou a presid\u00eancia em 1976. Washington, seu carro funer\u00e1rio parou no Memorial da Marinha dos EUA, onde seus restos mortais foram transferidos para um caix\u00e3o puxado por cavalos durante o resto de sua viagem ao <a href=\"https:\/\/www.boston.com\/tag\/politics\/\">Capit\u00f3lio<\/a>. A localiza\u00e7\u00e3o aponta para o lugar de Carter como o \u00fanico graduado da Academia Naval dos EUA a se tornar comandante-em-chefe.<\/p>\n<p>Toda a pompa carrega alguma ironia para o democrata que passou do armaz\u00e9m de amendoim de sua fam\u00edlia para a Mans\u00e3o do Governador e, eventualmente, para a Casa Branca. Carter ganhou a presid\u00eancia como o sulista sorridente e engenheiro tecnocrata que prometeu mudar os h\u00e1bitos de Washington \u2013 e evitou muitas dessas regras n\u00e3o escritas quando chegou l\u00e1.<\/p>\n<p>De 1977 a 1981, Carter foi o residente de mais alto escal\u00e3o de Washington. Mas ele nunca dominou isso.<\/p>\n<p>\u201cEle poderia ser irritadi\u00e7o e ter uma personalidade n\u00e3o muito atraente\u201d em uma cidade que prospera com relacionamentos, disse o bi\u00f3grafo Jonathan Alter, descrevendo um presidente que lutou com legisladores e rep\u00f3rteres bajuladores.<\/p>\n<p>Carter muitas vezes desprezou as armadilhas cerimoniais que foram exibidas na Ge\u00f3rgia e continuar\u00e3o em Washington.<\/p>\n<p>Como presidente, ele queria impedir que a Banda da Marinha tocasse \u201cHail to the Chief\u201d, pensando que isso elevava demais o presidente. Seus conselheiros o convenceram a aceit\u00e1-lo como parte do trabalho. A m\u00fasica tocou no s\u00e1bado quando ele chegou ao centro presidencial depois de uma carreata que passou por sua cidade natal, Plains, e passou por sua fazenda de inf\u00e2ncia. Tocou novamente enquanto seus restos mortais eram levados a caminho de Washington.<\/p>\n<p>Ele tamb\u00e9m nunca usou seu nome completo, James Earl Carter Jr., mesmo fazendo o juramento de posse. Seu nome completo foi impresso em cart\u00f5es memoriais dados a todos os enlutados que prestaram suas homenagens em Atlanta.<\/p>\n<p>Certa vez, ele se dirigiu \u00e0 na\u00e7\u00e3o na resid\u00eancia da Casa Branca, vestindo um cardig\u00e3, agora em exibi\u00e7\u00e3o em seu museu e biblioteca. Seus restos mortais agora repousam em um caix\u00e3o de madeira, carregado e guardado por carregadores militares em seus uniformes de gala impec\u00e1veis.<\/p>\n<p>Enquanto os restos mortais de Carter deixavam a Ge\u00f3rgia, o presidente eleito Donald Trump criticou o falecido ex-presidente durante uma entrevista coletiva na Fl\u00f3rida por ter cedido o controle do Canal do Panam\u00e1 ao seu pa\u00eds natal.<\/p>\n<p>Pressionado sobre se as cr\u00edticas a Carter eram apropriadas durante os solenes ritos f\u00fanebres, Trump respondeu: \u201cGostei dele como homem. Eu discordei de suas pol\u00edticas. Ele achava que doar o Canal do Panam\u00e1 era uma coisa boa.\u201d<\/p>\n<p>\u201cEu n\u00e3o queria mencionar o Canal do Panam\u00e1 por causa da morte de Jimmy Carter\u201d, acrescentou, apesar de ter mencionado o assunto espontaneamente pela primeira vez.<\/p>\n<p><em>Cooper relatou de Phoenix.<\/em><\/p>\n<div class=\"m-block m-generic-cta\t m-generic-cta--post-content\t m-generic-cta--dark\t m-generic-cta--homepage\t m-generic-cta--email-signup\t\t m-generic-cta-block-style--default \tt-amp__generic-cta\"><\/p>\n<div class=\"m-generic-cta__wrap\">\n<div class=\"m-generic-cta__content\">\n<h3 class=\"m-generic-cta__title\">Boston.com hoje<\/h3>\n<p class=\"m-generic-cta__subtitle\">Inscreva-se para receber as \u00faltimas manchetes em sua caixa de entrada todas as manh\u00e3s.<\/p>\n<\/p><\/div>\n<\/p><\/div>\n<\/div><\/div>\n<p><script>\n\t\tvar consent=\"grant\";\n\t\t\/* The above code is parsing the JSON data from the local storage and storing it in a variable. *\/\n\t\t\t\t\tconst onetrustStorageConsent = JSON.parse(localStorage.getItem( 'consent_one_trust_bdc' ) );\n\t\t\tif ( ( onetrustStorageConsent !== null ) ) {\n\t\t\t\t\/* Checking to see if the user has consented to the use of cookies.\n\t\t\t\t* If they have not, it is deleting the cookie.\n\t\t\t\t* This will comment for now, until further notice.\n\t\t\t\t*\/\n\t\t\t\t\/\/if ( onetrustStorageConsent.C0002 === false ) {\n\t\t\t\t\/\/\tdocument.cookie=\"_fbp=;expires=Thu, 01 Jan 2010 00:00:00 UTC; path=\/; domain=.boston.com\";\n\t\t\t\t\/\/}\n\t\t\t\t\/* Checking if the user has given consent for the cookie C0002.\n\t\t\t\t* If the user has given consent, the variable consent will be set to 'grant'.\n\t\t\t\t* If the user has not given consent,the variable consent will be set to 'revoke'.\n\t\t\t\t* Documentation https:\/\/developers.facebook.com\/docs\/meta-pixel\/implementation\/gdpr\n\t\t\t\t*\/\n\t\t\t\tif ( onetrustStorageConsent.C0002 !== true ) {\n\t\t\t\t\tconsent=\"revoke\";\n\t\t\t\t}\n\t\t\t}\n\t\t\t\t!function(f,b,e,v,n,t,s)\n\t\t{if(f.fbq)return;n=f.fbq=function(){n.callMethod?\n\t\tn.callMethod.apply(n,arguments):n.queue.push(arguments)};\n\t\tif(!f._fbq)f._fbq=n;n.push=n;n.loaded=!0;n.version='2.0';\n\t\tn.queue=[];t=b.createElement(e);t.async=!0;\n\t\tt.src=v;s=b.getElementsByTagName(e)[0];\n\t\ts.parentNode.insertBefore(t,s)}(window, document,'script',\n\t\t'https:\/\/connect.facebook.net\/en_US\/fbevents.js');\n\t\tfbq('consent', consent);\n\t\tfbq('init', '989222871864976');\n\t\tfbq('track', 'PageView');\n\t<\/script><script type=\"module\">\n\t\tvar consent=\"grant\";\n\t\t\/* The above code is parsing the JSON data from the local storage and storing it in a variable. *\/\n\t\t\tconst onetrustStorageConsent = JSON.parse(localStorage.getItem( 'consent_one_trust_bdc' ) );\n\t\t\t\/* Checking to see if the user has consented to the use of cookies.\n\t\t\t* If they have not, it is deleting the cookie.\n\t\t\t* This will comment for now, until further notice.\n\t\t\t*\/\n\t\t\t\/\/if ( onetrustStorageConsent.C0002 === false ) {\n\t\t\t\/\/\tdocument.cookie=\"_fbp=;expires=Thu, 01 Jan 2010 00:00:00 UTC; path=\/; domain=.boston.com\";\n\t\t\t\/\/}\n\t\t\t\/* Checking if the user has given consent for the cookie C0002.\n\t\t\t* If the user has given consent, the variable consent will be set to 'grant'.\n\t\t\t* If the user has not given consent,the variable consent will be set to 'revoke'.\n\t\t\t* Documentation https:\/\/developers.facebook.com\/docs\/meta-pixel\/implementation\/gdpr\n\t\t\t*\/\n\t\t\tif ( ( onetrustStorageConsent !== null ) && (onetrustStorageConsent.C0002 !== true ) ) {\n\t\t\t\tconsent=\"revoke\";\n\t\t\t}\n\t\t\t\t!function(f,b,e,v,n,t,s){if(f.fbq)return;n=f.fbq=function()\n\t\t{n.callMethod? n.callMethod.apply(n,arguments):n.queue.push(arguments)}\n\t\t;if(!f._fbq)f._fbq=n;\n\t\tn.push=n;n.loaded=!0;n.version='2.0';n.queue=[];t=b.createElement(e);t.async=!0;\n\t\tt.src=v;s=b.getElementsByTagName(e)[0];s.parentNode.insertBefore(t,s)}(window,\n\t\tdocument,'script','https:\/\/connect.facebook.net\/en_US\/fbevents.js');\n\t\tfbq('consent', consent);\n\t\tfbq('init', '813236348753005');\n\t\tfbq('track', \"PageView\");\n\t<\/script><br \/>\n<br \/><br \/>\n<br \/><a href=\"https:\/\/www.boston.com\/news\/politics\/2025\/01\/07\/jimmy-carters-casket-arrives-at-the-u-s-capitol-where-he-will-lie-in-state\/\">Source link <\/a><\/p>","protected":false},"excerpt":{"rendered":"<p>Pol\u00edtica Carter, que morreu em 29 de dezembro aos 100 anos, ser\u00e1 internado na noite de ter\u00e7a-feira e novamente na quarta-feira. O ex-presidente dos EUA Jimmy Carter encontra-se na Rotunda&hellip;<\/p>","protected":false},"author":1,"featured_media":88945,"comment_status":"closed","ping_status":"open","sticky":false,"template":"","format":"standard","meta":{"content-type":"","footnotes":""},"categories":[1],"tags":[],"class_list":["post-88944","post","type-post","status-publish","format-standard","has-post-thumbnail","hentry","category-uncategorized"],"_links":{"self":[{"href":"https:\/\/tvbrazilusa.com\/pt\/wp-json\/wp\/v2\/posts\/88944","targetHints":{"allow":["GET"]}}],"collection":[{"href":"https:\/\/tvbrazilusa.com\/pt\/wp-json\/wp\/v2\/posts"}],"about":[{"href":"https:\/\/tvbrazilusa.com\/pt\/wp-json\/wp\/v2\/types\/post"}],"author":[{"embeddable":true,"href":"https:\/\/tvbrazilusa.com\/pt\/wp-json\/wp\/v2\/users\/1"}],"replies":[{"embeddable":true,"href":"https:\/\/tvbrazilusa.com\/pt\/wp-json\/wp\/v2\/comments?post=88944"}],"version-history":[{"count":1,"href":"https:\/\/tvbrazilusa.com\/pt\/wp-json\/wp\/v2\/posts\/88944\/revisions"}],"predecessor-version":[{"id":88946,"href":"https:\/\/tvbrazilusa.com\/pt\/wp-json\/wp\/v2\/posts\/88944\/revisions\/88946"}],"wp:featuredmedia":[{"embeddable":true,"href":"https:\/\/tvbrazilusa.com\/pt\/wp-json\/wp\/v2\/media\/88945"}],"wp:attachment":[{"href":"https:\/\/tvbrazilusa.com\/pt\/wp-json\/wp\/v2\/media?parent=88944"}],"wp:term":[{"taxonomy":"category","embeddable":true,"href":"https:\/\/tvbrazilusa.com\/pt\/wp-json\/wp\/v2\/categories?post=88944"},{"taxonomy":"post_tag","embeddable":true,"href":"https:\/\/tvbrazilusa.com\/pt\/wp-json\/wp\/v2\/tags?post=88944"}],"curies":[{"name":"wp","href":"https:\/\/api.w.org\/{rel}","templated":true}]}}