{"id":89091,"date":"2025-01-08T12:06:15","date_gmt":"2025-01-08T12:06:15","guid":{"rendered":"https:\/\/tvbrazilusa.com\/2025\/01\/08\/eliana-vira-alvo-de-golpistas-em-falsa-promocao-na-internet\/"},"modified":"2025-01-08T12:06:16","modified_gmt":"2025-01-08T12:06:16","slug":"eliana-vira-alvo-de-golpistas-em-falsa-promocao-na-internet","status":"publish","type":"post","link":"https:\/\/tvbrazilusa.com\/pt\/2025\/01\/08\/eliana-vira-alvo-de-golpistas-em-falsa-promocao-na-internet\/","title":{"rendered":"Eliana vira alvo de golpistas em falsa promo\u00e7\u00e3o na internet"},"content":{"rendered":"<p> <script async src=\"https:\/\/pagead2.googlesyndication.com\/pagead\/js\/adsbygoogle.js?client=ca-pub-8864793242727901\"\r\n     crossorigin=\"anonymous\"><\/script><br \/>\n<\/p>\n<div id=\"taboola-read-more\" style=\"display:block; width:100%\">\n<p>Eliana usou as redes sociais para alertar os f\u00e3s de que criminosos est\u00e3o usando sua imagem para aplicar golpes. A apresentadora da Globo explicou que a quadrilha est\u00e1 cobrando dinheiro para encontros com ela, o que n\u00e3o poderia acontecer j\u00e1 que ela nunca cobrou para estar ao lado de seus admiradores.\n<\/p>\n<p>\u201cJamais cobraria por isso\u201d, escreveu a artista em uma postagem realizada no Instagram. \u201cFiquei sabendo que existe um perfil se passando por mim e entrando em contato com meus f\u00e3s pelo Instagram, WhatsApp e Telegram\u201d, explicou Eliana.<\/p>\n<p>\u201cDepois de trocar mensagens, a pessoa fala sobre um cart\u00e3o VIP, pago, que seria usado para encontrar comigo ap\u00f3s shows e eventos\u201d, prosseguiu a apresentadora da pr\u00f3xima temporada do The Masked Singer Brasil, da TV Globo.\n<\/p>\n<p>Eliana garantiu que em 30 anos de carreira nunca faturou para receber o carinho dos f\u00e3s. \u201cNunca tive nada parecido, e quero alert\u00e1-los para que nunca passem nenhum dado pessoal, cliquem em links ou fa\u00e7am qualquer pagamento enviados atrav\u00e9s de perfis meus em redes sociais\u201d, informou a comunicadora.\n<\/p>\n<p>Eliana estrear\u00e1 oficialmente na Globo neste final de semana<br \/>\u201cSempre que consigo, me encontro com meus f\u00e3s ap\u00f3s as grava\u00e7\u00f5es com muito carinho e alegria, e jamais cobraria por isso\u201d, finalizou a ex-funcion\u00e1ria do SBT. A tentativa de golpe ocorre apenas alguns dias antes da estreia do programa de mascarados na Globo.\n<\/p>\n<p>A temporada apresentada por Eliana chegar\u00e1 \u00e0 tela da rede em 12 de janeiro. Ela j\u00e1 estreou na TV aberta do grupo com o programa Vem que Tem, destinado ao mercado publicit\u00e1rio, em novembro, e tamb\u00e9m lan\u00e7ou um especial de Natal do The Masked Singer Brasil nos \u00faltimos dias de 2024.<\/p>\n<p>Fonte: Revista Oeste              <\/p>\n<\/div>\n<p><br \/>\n<br \/><a href=\"https:\/\/diariodobrasilnoticias.com.br\/noticia\/eliana-vira-alvo-de-golpistas-em-falsa-promocao-na-internet-677e5688bd6eb\">Source link <\/a><\/p>","protected":false},"excerpt":{"rendered":"<p>Eliana usou as redes sociais para alertar os f\u00e3s de que criminosos est\u00e3o usando sua imagem para aplicar golpes. A apresentadora da Globo explicou que a quadrilha est\u00e1 cobrando dinheiro&hellip;<\/p>","protected":false},"author":1,"featured_media":89092,"comment_status":"closed","ping_status":"open","sticky":false,"template":"","format":"standard","meta":{"content-type":"","footnotes":""},"categories":[16],"tags":[123,2448,5313,1267],"class_list":["post-89091","post","type-post","status-publish","format-standard","has-post-thumbnail","hentry","category-noticias","tag-brasil","tag-diario","tag-noticia","tag-noticias"],"_links":{"self":[{"href":"https:\/\/tvbrazilusa.com\/pt\/wp-json\/wp\/v2\/posts\/89091","targetHints":{"allow":["GET"]}}],"collection":[{"href":"https:\/\/tvbrazilusa.com\/pt\/wp-json\/wp\/v2\/posts"}],"about":[{"href":"https:\/\/tvbrazilusa.com\/pt\/wp-json\/wp\/v2\/types\/post"}],"author":[{"embeddable":true,"href":"https:\/\/tvbrazilusa.com\/pt\/wp-json\/wp\/v2\/users\/1"}],"replies":[{"embeddable":true,"href":"https:\/\/tvbrazilusa.com\/pt\/wp-json\/wp\/v2\/comments?post=89091"}],"version-history":[{"count":1,"href":"https:\/\/tvbrazilusa.com\/pt\/wp-json\/wp\/v2\/posts\/89091\/revisions"}],"predecessor-version":[{"id":89093,"href":"https:\/\/tvbrazilusa.com\/pt\/wp-json\/wp\/v2\/posts\/89091\/revisions\/89093"}],"wp:featuredmedia":[{"embeddable":true,"href":"https:\/\/tvbrazilusa.com\/pt\/wp-json\/wp\/v2\/media\/89092"}],"wp:attachment":[{"href":"https:\/\/tvbrazilusa.com\/pt\/wp-json\/wp\/v2\/media?parent=89091"}],"wp:term":[{"taxonomy":"category","embeddable":true,"href":"https:\/\/tvbrazilusa.com\/pt\/wp-json\/wp\/v2\/categories?post=89091"},{"taxonomy":"post_tag","embeddable":true,"href":"https:\/\/tvbrazilusa.com\/pt\/wp-json\/wp\/v2\/tags?post=89091"}],"curies":[{"name":"wp","href":"https:\/\/api.w.org\/{rel}","templated":true}]}}