{"id":89097,"date":"2025-01-08T12:32:31","date_gmt":"2025-01-08T12:32:31","guid":{"rendered":"https:\/\/tvbrazilusa.com\/2025\/01\/08\/agora-pablo-marcal-anuncia-candidatura-a-presidencia-da-republica-em-2026-pelo-prtb\/"},"modified":"2025-01-08T12:32:32","modified_gmt":"2025-01-08T12:32:32","slug":"agora-pablo-marcal-anuncia-candidatura-a-presidencia-da-republica-em-2026-pelo-prtb","status":"publish","type":"post","link":"https:\/\/tvbrazilusa.com\/pt\/2025\/01\/08\/agora-pablo-marcal-anuncia-candidatura-a-presidencia-da-republica-em-2026-pelo-prtb\/","title":{"rendered":"AGORA: Pablo Mar\u00e7al anuncia candidatura \u00e0 Presid\u00eancia da Rep\u00fablica em 2026 pelo PRTB"},"content":{"rendered":"<p> <script async src=\"https:\/\/pagead2.googlesyndication.com\/pagead\/js\/adsbygoogle.js?client=ca-pub-8864793242727901\"\r\n     crossorigin=\"anonymous\"><\/script><br \/>\n<\/p>\n<div data-block-type=\"unstyled\" data-block-weight=\"86\" data-block-id=\"8\">\n<p class=\"content-text__container\" data-track-category=\"Link no Texto\" data-track-links=\"\" data-mrf-recirculation=\"Article links\">Se concretizada, essa ser\u00e1 a segunda vez que Mar\u00e7al tenta concorrer ao cargo. Em 2022, ele chegou a lan\u00e7ar oficialmente a candidatura \u00e0 presid\u00eancia pelo PROS, mas a Justi\u00e7a Eleitoral barrou a decis\u00e3o partid\u00e1ria que o declarou candidato.\n<\/p>\n<p class=\"content-text__container\" data-track-category=\"Link no Texto\" data-track-links=\"\" data-mrf-recirculation=\"Article links\">Depois, ele se tornou candidato a deputado federal, e chegou a ser eleito sub judice, mas nunca tomou posse pois recebeu decis\u00f5es desfavor\u00e1veis da Justi\u00e7a Eleitoral.\n<\/p>\n<p class=\"content-text__container\" data-track-category=\"Link no Texto\" data-track-links=\"\" data-mrf-recirculation=\"Article links\">Em 2024, ficou em terceiro lugar na disputa municipal mais acirrada da hist\u00f3ria em S\u00e3o Paulo, e recebeu 1,7 milh\u00f5es de votos.\n<\/p>\n<p class=\"content-text__container\" data-track-category=\"Link no Texto\" data-track-links=\"\" data-mrf-recirculation=\"Article links\">\u00a0\n<\/p>\n<p class=\"content-text__container\" data-track-category=\"Link no Texto\" data-track-links=\"\" data-mrf-recirculation=\"Article links\">Fonte: Gazeta Brasil\n<\/p>\n<\/div>\n<p><br \/>\n<br \/><a href=\"https:\/\/diariodobrasilnoticias.com.br\/noticia\/agora-pablo-marcal-anuncia-candidatura-a-presidencia-da-republica-em-2026-pelo-prtb-677e6b964e2a1\">Source link <\/a><\/p>","protected":false},"excerpt":{"rendered":"<p>Se concretizada, essa ser\u00e1 a segunda vez que Mar\u00e7al tenta concorrer ao cargo. Em 2022, ele chegou a lan\u00e7ar oficialmente a candidatura \u00e0 presid\u00eancia pelo PROS, mas a Justi\u00e7a Eleitoral&hellip;<\/p>","protected":false},"author":1,"featured_media":89098,"comment_status":"closed","ping_status":"open","sticky":false,"template":"","format":"standard","meta":{"content-type":"","footnotes":""},"categories":[16],"tags":[123,2448,5313,1267],"class_list":["post-89097","post","type-post","status-publish","format-standard","has-post-thumbnail","hentry","category-noticias","tag-brasil","tag-diario","tag-noticia","tag-noticias"],"_links":{"self":[{"href":"https:\/\/tvbrazilusa.com\/pt\/wp-json\/wp\/v2\/posts\/89097","targetHints":{"allow":["GET"]}}],"collection":[{"href":"https:\/\/tvbrazilusa.com\/pt\/wp-json\/wp\/v2\/posts"}],"about":[{"href":"https:\/\/tvbrazilusa.com\/pt\/wp-json\/wp\/v2\/types\/post"}],"author":[{"embeddable":true,"href":"https:\/\/tvbrazilusa.com\/pt\/wp-json\/wp\/v2\/users\/1"}],"replies":[{"embeddable":true,"href":"https:\/\/tvbrazilusa.com\/pt\/wp-json\/wp\/v2\/comments?post=89097"}],"version-history":[{"count":1,"href":"https:\/\/tvbrazilusa.com\/pt\/wp-json\/wp\/v2\/posts\/89097\/revisions"}],"predecessor-version":[{"id":89099,"href":"https:\/\/tvbrazilusa.com\/pt\/wp-json\/wp\/v2\/posts\/89097\/revisions\/89099"}],"wp:featuredmedia":[{"embeddable":true,"href":"https:\/\/tvbrazilusa.com\/pt\/wp-json\/wp\/v2\/media\/89098"}],"wp:attachment":[{"href":"https:\/\/tvbrazilusa.com\/pt\/wp-json\/wp\/v2\/media?parent=89097"}],"wp:term":[{"taxonomy":"category","embeddable":true,"href":"https:\/\/tvbrazilusa.com\/pt\/wp-json\/wp\/v2\/categories?post=89097"},{"taxonomy":"post_tag","embeddable":true,"href":"https:\/\/tvbrazilusa.com\/pt\/wp-json\/wp\/v2\/tags?post=89097"}],"curies":[{"name":"wp","href":"https:\/\/api.w.org\/{rel}","templated":true}]}}