{"id":89103,"date":"2025-01-08T12:46:56","date_gmt":"2025-01-08T12:46:56","guid":{"rendered":"https:\/\/tvbrazilusa.com\/2025\/01\/08\/ex-craque-do-mets-chega-com-novo-time\/"},"modified":"2025-01-08T12:56:33","modified_gmt":"2025-01-08T12:56:33","slug":"ex-craque-do-mets-chega-com-novo-time","status":"publish","type":"post","link":"https:\/\/tvbrazilusa.com\/pt\/2025\/01\/08\/ex-craque-do-mets-chega-com-novo-time\/","title":{"rendered":"Ex-craque do Mets chega com novo time"},"content":{"rendered":"<script async src=\"https:\/\/pagead2.googlesyndication.com\/pagead\/js\/adsbygoogle.js?client=ca-pub-8864793242727901\"\r\n     crossorigin=\"anonymous\"><\/script>\n<div>\n<p class=\"article__paragraph article__paragraph--left\" id=\"3YGDDCZD25EXLLEFNACRLFTFZU\">Justin Verlander est\u00e1 se juntando ao San Francisco Giants em um contrato de um ano no valor de US$ 15 milh\u00f5es, de acordo com v\u00e1rios relat\u00f3rios.<\/p>\n<p class=\"article__paragraph article__paragraph--left\" id=\"UIGFQKHAYFBQHMSM65ZG4LCFSE\">O tr\u00eas vezes vencedor do pr\u00eamio Cy Young est\u00e1 saindo de seu pior ano ao entrar na 20\u00aa temporada de sua carreira na liga principal.<\/p>\n<p class=\"article__paragraph article__paragraph--left\" id=\"K7T3KEUATJGZFLVBXWFWXLVAQM\">Velander, 41, come\u00e7ou a temporada passada com os Astros na lista de lesionados com inflama\u00e7\u00e3o no ombro e fez sua estreia em 2024 em 19 de abril. Ele acabou postando um ERA de 8,01 depois de ser limitado a 17 partidas com les\u00f5es no ombro e pesco\u00e7o.<\/p>\n<p class=\"article__paragraph article__paragraph--left\" id=\"JRASPDLJRNCJJN7RM4EQDQ2XEU\">Verlander ingressou no Mets antes da temporada de 2023 em um contrato de dois anos no valor de US$ 86,7 milh\u00f5es, mas foi negociado com os Astros no prazo final daquele ver\u00e3o.<\/p>\n<p class=\"article__paragraph article__paragraph--left\" id=\"YOYASJETHVDJVHV53SL6XV6MGI\">Ao longo de sua carreira de quase duas d\u00e9cadas, Verlander tem 262-147 pontos com uma ERA de 3,30. Ele fez sua estreia no Mets no in\u00edcio de maio daquele ano, depois de come\u00e7ar o ano na lista de lesionados e postou um recorde de 6-5 e 3,15 ERA em 16 partidas.<\/p>\n<p class=\"article__paragraph article__paragraph--left\" id=\"DL7AWD7FRZBJJINI37VIHT6BRQ\">Seu acordo com o Mets inclu\u00eda uma op\u00e7\u00e3o de aquisi\u00e7\u00e3o e, no momento de sua negocia\u00e7\u00e3o, Nova York concordou em pagar US$ 25 milh\u00f5es de seu sal\u00e1rio em 2024 e metade de seu sal\u00e1rio de US$ 35 milh\u00f5es em 2025. Mas ele n\u00e3o conseguiu acionar a op\u00e7\u00e3o quando n\u00e3o lan\u00e7ou 140 entradas em 2024.<\/p>\n<section class=\"Stories-By-Section-Tag-module_wrapper__69Ed7 Stories-By-Section-Tag-module_nj__RFbQx\"\/>\n<p class=\"article__paragraph article__paragraph--left\" id=\"X2454DOZKJFHHJBRCVVW52LPRQ\">Obrigado por confiar em n\u00f3s para fornecer o jornalismo em que voc\u00ea pode confiar. Por favor, considere nos apoiar com uma assinatura.<\/p>\n<\/div>\n<p><br \/>\n<br \/><a href=\"https:\/\/www.nj.com\/sports\/2025\/01\/ex-mets-ace-lands-with-new-team.html\">Source link <\/a><\/p>","protected":false},"excerpt":{"rendered":"<p>Justin Verlander est\u00e1 se juntando ao San Francisco Giants em um contrato de um ano no valor de US$ 15 milh\u00f5es, de acordo com v\u00e1rios relat\u00f3rios. O tr\u00eas vezes vencedor&hellip;<\/p>","protected":false},"author":1,"featured_media":89104,"comment_status":"closed","ping_status":"open","sticky":false,"template":"","format":"standard","meta":{"content-type":"","footnotes":""},"categories":[1],"tags":[],"class_list":["post-89103","post","type-post","status-publish","format-standard","has-post-thumbnail","hentry","category-uncategorized"],"_links":{"self":[{"href":"https:\/\/tvbrazilusa.com\/pt\/wp-json\/wp\/v2\/posts\/89103","targetHints":{"allow":["GET"]}}],"collection":[{"href":"https:\/\/tvbrazilusa.com\/pt\/wp-json\/wp\/v2\/posts"}],"about":[{"href":"https:\/\/tvbrazilusa.com\/pt\/wp-json\/wp\/v2\/types\/post"}],"author":[{"embeddable":true,"href":"https:\/\/tvbrazilusa.com\/pt\/wp-json\/wp\/v2\/users\/1"}],"replies":[{"embeddable":true,"href":"https:\/\/tvbrazilusa.com\/pt\/wp-json\/wp\/v2\/comments?post=89103"}],"version-history":[{"count":1,"href":"https:\/\/tvbrazilusa.com\/pt\/wp-json\/wp\/v2\/posts\/89103\/revisions"}],"predecessor-version":[{"id":89105,"href":"https:\/\/tvbrazilusa.com\/pt\/wp-json\/wp\/v2\/posts\/89103\/revisions\/89105"}],"wp:featuredmedia":[{"embeddable":true,"href":"https:\/\/tvbrazilusa.com\/pt\/wp-json\/wp\/v2\/media\/89104"}],"wp:attachment":[{"href":"https:\/\/tvbrazilusa.com\/pt\/wp-json\/wp\/v2\/media?parent=89103"}],"wp:term":[{"taxonomy":"category","embeddable":true,"href":"https:\/\/tvbrazilusa.com\/pt\/wp-json\/wp\/v2\/categories?post=89103"},{"taxonomy":"post_tag","embeddable":true,"href":"https:\/\/tvbrazilusa.com\/pt\/wp-json\/wp\/v2\/tags?post=89103"}],"curies":[{"name":"wp","href":"https:\/\/api.w.org\/{rel}","templated":true}]}}