{"id":89106,"date":"2025-01-08T13:03:48","date_gmt":"2025-01-08T13:03:48","guid":{"rendered":"https:\/\/tvbrazilusa.com\/2025\/01\/08\/medico-envolvido-em-escandalo-de-orgaos-contaminados-volta-a-trabalhar-na-prefeitura\/"},"modified":"2025-01-08T13:03:49","modified_gmt":"2025-01-08T13:03:49","slug":"medico-envolvido-em-escandalo-de-orgaos-contaminados-volta-a-trabalhar-na-prefeitura","status":"publish","type":"post","link":"https:\/\/tvbrazilusa.com\/pt\/2025\/01\/08\/medico-envolvido-em-escandalo-de-orgaos-contaminados-volta-a-trabalhar-na-prefeitura\/","title":{"rendered":"M\u00e9dico envolvido em esc\u00e2ndalo de \u00f3rg\u00e3os contaminados volta a trabalhar na prefeitura"},"content":{"rendered":"<p> <script async src=\"https:\/\/pagead2.googlesyndication.com\/pagead\/js\/adsbygoogle.js?client=ca-pub-8864793242727901\"\r\n     crossorigin=\"anonymous\"><\/script><br \/>\n<\/p>\n<div id=\"taboola-read-more\" style=\"display:block; width:100%\">\n<p>O m\u00e9dico Walter Vieira, reconduzido ao cargo de ginecologista e obstetra na Prefeitura de Nova Igua\u00e7u, teve seu nome publicado no Di\u00e1rio Oficial do dia 6 de janeiro de 2025, voltando a atuar na cidade ap\u00f3s ser afastado em outubro de 2024. A decis\u00e3o ocorre ap\u00f3s ele ter sido implicado no maior esc\u00e2ndalo do programa de transplantes do Brasil, envolvendo o laborat\u00f3rio PCS Saleme, do qual Vieira era s\u00f3cio.\n<\/p>\n<p>O esc\u00e2ndalo se desenrolou quando pacientes transplantados testaram positivo para HIV ap\u00f3s receberem \u00f3rg\u00e3os infectados. O nome de Walter Vieira apareceu em documentos que atestavam que os \u00f3rg\u00e3os dispon\u00edveis para transplante eram provenientes de pacientes que n\u00e3o tinham o v\u00edrus, mas exames posteriores confirmaram que os resultados de dois pacientes foram falsificados, revelando um falso negativo. Pelo menos seis transplantados testaram positivo para HIV, o que gerou um grande impacto no programa.<\/p>\n<p>Vieira foi um dos seis m\u00e9dicos denunciados e presos, sendo responsabilizado por crimes como falsifica\u00e7\u00e3o de documentos, associa\u00e7\u00e3o criminosa, infra\u00e7\u00e3o sanit\u00e1ria e crimes contra a rela\u00e7\u00e3o de consumo. Na \u00e9poca do esc\u00e2ndalo, ele tamb\u00e9m exercia a fun\u00e7\u00e3o de presidente do Comit\u00ea Gestor de Vigil\u00e2ncia e An\u00e1lise do \u00d3bito Materno Infantil e Fetal de Nova Igua\u00e7u.\n<\/p>\n<p>Em dezembro de 2024, todos os acusados foram soltos e ir\u00e3o responder em liberdade. Apesar da gravidade dos fatos, a Prefeitura de Nova Igua\u00e7u justificou a recondu\u00e7\u00e3o de Walter Vieira, ressaltando que ele \u00e9 concursado e n\u00e3o houve condena\u00e7\u00e3o ou julgamento definitivo sobre seu caso. A defesa do m\u00e9dico afirmou que ele n\u00e3o est\u00e1 proibido de exercer a medicina, sendo restrito apenas em atividades relacionadas a laborat\u00f3rio de an\u00e1lises cl\u00ednicas.\n<\/p>\n<p>A Prefeitura esclareceu ainda que Walter Vieira est\u00e1 de f\u00e9rias e retornar\u00e1 ao cargo assim que voltar ao trabalho. Por sua parte, o Conselho Regional de Medicina do Estado do Rio de Janeiro (Cremerj) informou que h\u00e1 uma sindic\u00e2ncia aberta para investigar a conduta do m\u00e9dico, mas que o processo segue em sigilo. Caso as investiga\u00e7\u00f5es confirmem irregularidades, as san\u00e7\u00f5es podem variar desde advert\u00eancias at\u00e9 a cassa\u00e7\u00e3o do registro profissional de Walter Vieira.<\/p>\n<p>Fonte: Gazeta Brasil              <\/p>\n<\/div>\n<p><br \/>\n<br \/><a href=\"https:\/\/diariodobrasilnoticias.com.br\/noticia\/medico-envolvido-em-escandalo-de-orgaos-contaminados-volta-a-trabalhar-na-prefeitura-677e570429ec1\">Source link <\/a><\/p>","protected":false},"excerpt":{"rendered":"<p>O m\u00e9dico Walter Vieira, reconduzido ao cargo de ginecologista e obstetra na Prefeitura de Nova Igua\u00e7u, teve seu nome publicado no Di\u00e1rio Oficial do dia 6 de janeiro de 2025,&hellip;<\/p>","protected":false},"author":1,"featured_media":89107,"comment_status":"closed","ping_status":"open","sticky":false,"template":"","format":"standard","meta":{"content-type":"","footnotes":""},"categories":[16],"tags":[123,2448,5313,1267],"class_list":["post-89106","post","type-post","status-publish","format-standard","has-post-thumbnail","hentry","category-noticias","tag-brasil","tag-diario","tag-noticia","tag-noticias"],"_links":{"self":[{"href":"https:\/\/tvbrazilusa.com\/pt\/wp-json\/wp\/v2\/posts\/89106","targetHints":{"allow":["GET"]}}],"collection":[{"href":"https:\/\/tvbrazilusa.com\/pt\/wp-json\/wp\/v2\/posts"}],"about":[{"href":"https:\/\/tvbrazilusa.com\/pt\/wp-json\/wp\/v2\/types\/post"}],"author":[{"embeddable":true,"href":"https:\/\/tvbrazilusa.com\/pt\/wp-json\/wp\/v2\/users\/1"}],"replies":[{"embeddable":true,"href":"https:\/\/tvbrazilusa.com\/pt\/wp-json\/wp\/v2\/comments?post=89106"}],"version-history":[{"count":1,"href":"https:\/\/tvbrazilusa.com\/pt\/wp-json\/wp\/v2\/posts\/89106\/revisions"}],"predecessor-version":[{"id":89108,"href":"https:\/\/tvbrazilusa.com\/pt\/wp-json\/wp\/v2\/posts\/89106\/revisions\/89108"}],"wp:featuredmedia":[{"embeddable":true,"href":"https:\/\/tvbrazilusa.com\/pt\/wp-json\/wp\/v2\/media\/89107"}],"wp:attachment":[{"href":"https:\/\/tvbrazilusa.com\/pt\/wp-json\/wp\/v2\/media?parent=89106"}],"wp:term":[{"taxonomy":"category","embeddable":true,"href":"https:\/\/tvbrazilusa.com\/pt\/wp-json\/wp\/v2\/categories?post=89106"},{"taxonomy":"post_tag","embeddable":true,"href":"https:\/\/tvbrazilusa.com\/pt\/wp-json\/wp\/v2\/tags?post=89106"}],"curies":[{"name":"wp","href":"https:\/\/api.w.org\/{rel}","templated":true}]}}