{"id":89109,"date":"2025-01-08T13:16:57","date_gmt":"2025-01-08T13:16:57","guid":{"rendered":"https:\/\/tvbrazilusa.com\/2025\/01\/08\/secretario-de-lula-critica-encerramento-da-checagem-externa-pela-meta\/"},"modified":"2025-01-08T13:17:00","modified_gmt":"2025-01-08T13:17:00","slug":"secretario-de-lula-critica-encerramento-da-checagem-externa-pela-meta","status":"publish","type":"post","link":"https:\/\/tvbrazilusa.com\/pt\/2025\/01\/08\/secretario-de-lula-critica-encerramento-da-checagem-externa-pela-meta\/","title":{"rendered":"Secret\u00e1rio de Lula critica encerramento da checagem externa pela Meta"},"content":{"rendered":"<p> <script async src=\"https:\/\/pagead2.googlesyndication.com\/pagead\/js\/adsbygoogle.js?client=ca-pub-8864793242727901\"\r\n     crossorigin=\"anonymous\"><\/script><br \/>\n<\/p>\n<div>\n<figure class=\"post-image\">\n<\/figure>\n<p>            <span style=\"font-size: 12px\">Fotos: Linkedin Jo\u00e3o Brant e Instagram @zuck<\/span><\/p>\n<p>            <!-- end metas --><br \/>\n            <!-- ADS --><\/p>\n<div id=\"taboola-read-more\" style=\"display:block; width:100%\">\n<p>O secret\u00e1rio de Pol\u00edticas Digitais do governo Lula (PT), Jo\u00e3o Brant, criticou, nesta ter\u00e7a-feira (7), a decis\u00e3o da Meta de encerrar o sistema de checagem de fatos em plataformas como Facebook e Instagram. A mudan\u00e7a foi anunciada pelo CEO Mark Zuckerberg tamb\u00e9m nesta ter\u00e7a.\n<\/p>\n<p>O secret\u00e1rio ainda criticou a fala de Zuckeberg que ele entendeu como uma cr\u00edtica direta ao Supremo Tribunal Federal (STF) quando fala em \u201ccorte secreta\u201d.<\/p>\n<p>\u2013 O an\u00fancio feito hoje por Mark Zuckerberg antecipa o in\u00edcio do governo Trump e explicita alian\u00e7a da Meta com o governo dos EUA para enfrentar Uni\u00e3o Europeia, Brasil e outros pa\u00edses que buscam proteger direitos no ambiente online (na vis\u00e3o dele, os que \u201cpromovem censura\u201d). \u00c9 uma declara\u00e7\u00e3o fort\u00edssima, que chama tacitamente o STF de \u201ccorte secreta\u201d, ataca de maneira absurda os checadores de fatos (dizendo que eles \u201cmais destru\u00edram do que constru\u00edram confian\u00e7a\u201d nas plataformas) e questiona publicamente o vi\u00e9s da pr\u00f3pria equipe de \u201ctrust and safety\u201d da Meta \u2013 numa justificativa para fugir da legisla\u00e7\u00e3o californiana.\n<\/p>\n<p>Brant afirmou que a medida favorece o ativismo da extrema-direita, transformando as redes sociais em ferramentas pol\u00edticas. Em postagem no LinkedIn, ele alertou que a Meta priorizar\u00e1 a liberdade de express\u00e3o individual em detrimento de outros direitos, como a prote\u00e7\u00e3o coletiva.\n<\/p>\n<p>\u2013 Meta vai atuar politicamente no \u00e2mbito internacional de forma articulada com o governo Trump para combater pol\u00edticas da Europa, do Brasil e de outros pa\u00edses que buscam equilibrar direitos no ambiente online. A declara\u00e7\u00e3o \u00e9 expl\u00edcita, sinaliza que a empresa n\u00e3o aceita a soberania dos pa\u00edses sobre o funcionamento do ambiente digital e soa como antecipa\u00e7\u00e3o de a\u00e7\u00f5es que ser\u00e3o tomadas pelo governo Trump \u2013 escreveu o secret\u00e1rio.\n<\/p>\n<p><img decoding=\"async\" src=\"https:\/\/static.cdn.pleno.news\/2025\/01\/Captura-de-tela-2025-01-07-163132.png\" alt=\"\" width=\"100%\"\/><\/p>\n<p>Fonte: Pleno News              <\/p>\n<\/div>\n<p>                        <!-- Scripts para conteudo --><\/p>\n<p>            <!-- .\/Scripts para conteudo --><br \/>\n            <!-- .\/Mat\u00e9ria --><\/p>\n<div class=\"row mt-3\">\n<div class=\"col-sm-6\">\n                <!-- Whatsapp channel 3--><br \/>\n                <a href=\"https:\/\/chat.whatsapp.com\/B8Qy6Erx4kb6yTzj3kaDco\" target=\"_blank\"><br \/>\n                  <img decoding=\"async\" src=\"https:\/\/diariodobrasilnoticias.com.br\/assets-site\/images\/bot_whatsapp.png\"\/><\/a>\n              <\/div>\n<div class=\"col-sm-6\">\n                <a href=\"https:\/\/t.me\/+_4gTmi5LKo03OTM5\" target=\"_blank\"><br \/>\n                  <img decoding=\"async\" src=\"https:\/\/diariodobrasilnoticias.com.br\/assets-site\/images\/bot_telegram.png\"\/><\/a>\n              <\/div>\n<\/p><\/div>\n<p>            <!-- end post-navigation --><\/p>\n<p>              <!-- end row --><\/p>\n<p>              <!-- end col-12-->\n                      <\/div>\n<p><br \/>\n<br \/><a href=\"https:\/\/diariodobrasilnoticias.com.br\/noticia\/secretario-de-lula-critica-encerramento-da-checagem-externa-pela-meta-677e5a4d2932f\">Source link <\/a><\/p>","protected":false},"excerpt":{"rendered":"<p>Fotos: Linkedin Jo\u00e3o Brant e Instagram @zuck O secret\u00e1rio de Pol\u00edticas Digitais do governo Lula (PT), Jo\u00e3o Brant, criticou, nesta ter\u00e7a-feira (7), a decis\u00e3o da Meta de encerrar o sistema&hellip;<\/p>","protected":false},"author":1,"featured_media":89110,"comment_status":"closed","ping_status":"open","sticky":false,"template":"","format":"standard","meta":{"content-type":"","footnotes":""},"categories":[16],"tags":[123,2448,5313,1267],"class_list":["post-89109","post","type-post","status-publish","format-standard","has-post-thumbnail","hentry","category-noticias","tag-brasil","tag-diario","tag-noticia","tag-noticias"],"_links":{"self":[{"href":"https:\/\/tvbrazilusa.com\/pt\/wp-json\/wp\/v2\/posts\/89109","targetHints":{"allow":["GET"]}}],"collection":[{"href":"https:\/\/tvbrazilusa.com\/pt\/wp-json\/wp\/v2\/posts"}],"about":[{"href":"https:\/\/tvbrazilusa.com\/pt\/wp-json\/wp\/v2\/types\/post"}],"author":[{"embeddable":true,"href":"https:\/\/tvbrazilusa.com\/pt\/wp-json\/wp\/v2\/users\/1"}],"replies":[{"embeddable":true,"href":"https:\/\/tvbrazilusa.com\/pt\/wp-json\/wp\/v2\/comments?post=89109"}],"version-history":[{"count":1,"href":"https:\/\/tvbrazilusa.com\/pt\/wp-json\/wp\/v2\/posts\/89109\/revisions"}],"predecessor-version":[{"id":89111,"href":"https:\/\/tvbrazilusa.com\/pt\/wp-json\/wp\/v2\/posts\/89109\/revisions\/89111"}],"wp:featuredmedia":[{"embeddable":true,"href":"https:\/\/tvbrazilusa.com\/pt\/wp-json\/wp\/v2\/media\/89110"}],"wp:attachment":[{"href":"https:\/\/tvbrazilusa.com\/pt\/wp-json\/wp\/v2\/media?parent=89109"}],"wp:term":[{"taxonomy":"category","embeddable":true,"href":"https:\/\/tvbrazilusa.com\/pt\/wp-json\/wp\/v2\/categories?post=89109"},{"taxonomy":"post_tag","embeddable":true,"href":"https:\/\/tvbrazilusa.com\/pt\/wp-json\/wp\/v2\/tags?post=89109"}],"curies":[{"name":"wp","href":"https:\/\/api.w.org\/{rel}","templated":true}]}}