{"id":89139,"date":"2025-01-08T14:30:48","date_gmt":"2025-01-08T14:30:48","guid":{"rendered":"https:\/\/tvbrazilusa.com\/2025\/01\/08\/trump-diz-que-mudara-o-nome-do-golfo-do-mexico-ele-pode-fazer-isso\/"},"modified":"2025-01-08T14:42:15","modified_gmt":"2025-01-08T14:42:15","slug":"trump-diz-que-mudara-o-nome-do-golfo-do-mexico-ele-pode-fazer-isso","status":"publish","type":"post","link":"https:\/\/tvbrazilusa.com\/pt\/2025\/01\/08\/trump-diz-que-mudara-o-nome-do-golfo-do-mexico-ele-pode-fazer-isso\/","title":{"rendered":"Trump diz que mudar\u00e1 o nome do Golfo do M\u00e9xico. Ele pode fazer isso?"},"content":{"rendered":"<p> <script async src=\"https:\/\/pagead2.googlesyndication.com\/pagead\/js\/adsbygoogle.js?client=ca-pub-8864793242727901\"\r\n     crossorigin=\"anonymous\"><\/script><br \/>\n<\/p>\n<div id=\"\">\n<header class=\"m-article-header m-article-header--standard\">\n\t\t\t\t\t\t\t\t\t\t\t\t<span id=\"article-header-primary-term\"><br \/>\n\t\t\t\t\t\t\t\t<a class=\"a-term a-term--primary\" href=\"https:\/\/www.boston.com\/tag\/politics\/\"><\/p>\n<p>\t\t\t\t\t\t\t\tPol\u00edtica\t\t\t\t\t\t\t\t<\/a><br \/>\n\t\t\t\t\t\t\t<\/span><\/p>\n<h2 class=\"m-article-header__sub-headline\">O Golfo do M\u00e9xico \u00e9 frequentemente referido como a \u201cTerceira Costa\u201d dos Estados Unidos devido ao seu litoral que abrange cinco estados do sudeste.<\/h2>\n<figure class=\"a-photo m-article-header__photo\"><figcaption class=\"a-photo__caption\">\n<p>\tO presidente eleito Donald Trump desce do p\u00f3dio ap\u00f3s uma entrevista coletiva em Mar-a-Lago, ter\u00e7a-feira, 7 de janeiro de 2025, em Palm Beach, Fl\u00f3rida. <em> AP Foto\/Evan Vucci<\/em>\t<\/figcaption><\/figure>\n<div class=\"m-article-header__meta\">\n<div class=\"m-article-header__byline\">\n<p class=\"m-article-header__author\">\n<p>\t\t\t\t\t\t\t\tPor MEG KINNARD, Associated Press\t\t\t\t\t\t\t<\/p>\n<p>\t\t\t\t\t\t\t\t\t\t\t\t\t\t\t<time class=\"m-article-header__date\"><\/p>\n<p>\t\t\t\t\t\t\t\t\t8 de janeiro de 2025 | 9h30\t\t\t\t\t\t\t\t<\/time><\/p>\n<p><span>3 minutos para ler<\/span><\/p>\n<\/p><\/div>\n<\/p><\/div>\n<\/header>\n<p>Presidente eleito <a href=\"https:\/\/www.boston.com\/tag\/donald-trump\/\">Donald Trump<\/a> disse na ter\u00e7a-feira que tentaria renomear o Golfo do M\u00e9xico para \u201cGolfo da Am\u00e9rica\u201d, um nome que ele disse ter \u201cum belo toque\u201d.<\/p>\n<p>\u00c9 sua \u00faltima sugest\u00e3o redesenhar o mapa do Hemisf\u00e9rio Ocidental. Trump referiu-se repetidamente ao Canad\u00e1 como o \u201c51\u00ba Estado\u201d, exigiu que a Dinamarca considerasse ceder a Gronel\u00e2ndia e apelou ao Panam\u00e1 para devolver o Canal do Panam\u00e1.<\/p>\n<p>Aqui est\u00e1 uma olhada em seu coment\u00e1rio e o que acontece em um nome.<\/p>\n<h3 class=\"wp-block-heading\" id=\"h-why-is-trump-talking-about-renaming-the-gulf-of-mexico\">Por que Trump est\u00e1 falando em renomear o Golfo do M\u00e9xico?<\/h3>\n<p>Desde a sua primeira candidatura \u00e0 Casa Branca em 2016, Trump entrou repetidamente em conflito com o M\u00e9xico sobre uma s\u00e9rie de quest\u00f5es, incluindo a seguran\u00e7a das fronteiras e a imposi\u00e7\u00e3o de tarifas sobre produtos importados. Ele prometeu ent\u00e3o construir um muro ao longo da fronteira entre os EUA e o M\u00e9xico e fazer o M\u00e9xico pagar por isso. Os EUA acabaram por construir ou remodelar cerca de 720 quil\u00f3metros de muro durante o seu primeiro mandato.<\/p>\n<p>O Golfo do M\u00e9xico \u00e9 frequentemente referido como a \u201cTerceira Costa\u201d dos Estados Unidos devido ao seu litoral que abrange cinco estados do sudeste. Os mexicanos usam uma vers\u00e3o em espanhol do mesmo nome para o golfo: \u201cEl Golfo de M\u00e9xico\u201d.<\/p>\n<p>Americanos e mexicanos divergem sobre o que chamar de outro corpo de \u00e1gua importante, o rio que forma a fronteira entre o Texas e os estados mexicanos de Chihuahua, Coahuila, Nuevo Leon e Tamaulipas. Os americanos chamam-no de Rio Grande; Os mexicanos o chamam de Rio Bravo.<\/p>\n<h3 class=\"wp-block-heading\" id=\"h-can-trump-change-the-name-of-the-gulf-of-mexico\">Trump pode mudar o nome do Golfo do M\u00e9xico?<\/h3>\n<p>Talvez, mas n\u00e3o \u00e9 uma decis\u00e3o unilateral e outros pa\u00edses n\u00e3o t\u00eam de concordar.<\/p>\n<p>A Organiza\u00e7\u00e3o Hidrogr\u00e1fica Internacional \u2013 da qual os Estados Unidos e o M\u00e9xico s\u00e3o membros \u2013 trabalha para garantir que todos os mares, oceanos e \u00e1guas naveg\u00e1veis \u200b\u200bdo mundo sejam pesquisados \u200b\u200be mapeados uniformemente, e tamb\u00e9m nomeia alguns deles. H\u00e1 casos em que pa\u00edses se referem ao mesmo corpo de \u00e1gua ou ponto de refer\u00eancia por nomes diferentes na sua pr\u00f3pria documenta\u00e7\u00e3o.<\/p>\n<p>Pode ser mais f\u00e1cil quando um marco ou corpo de \u00e1gua est\u00e1 dentro dos limites de um pa\u00eds. Em 2015, o ent\u00e3o presidente Barack Obama aprovou uma ordem do Departamento do Interior para renomear o Monte McKinley \u2013 o pico mais alto da Am\u00e9rica do Norte \u2013 para Denali, uma medida que Trump tamb\u00e9m disse querer reverter.<\/p>\n<p>Logo ap\u00f3s os coment\u00e1rios de Trump na ter\u00e7a-feira, a deputada Marjorie Taylor Greene, da Ge\u00f3rgia, disse durante uma entrevista ao podcaster Benny Johnson que instruiria sua equipe a elaborar uma legisla\u00e7\u00e3o para mudar o nome do Golfo do M\u00e9xico, uma medida que ela disse que cuidaria do financiamento. para novos mapas e materiais de pol\u00edtica administrativa em todo o governo federal.<\/p>\n<h3 class=\"wp-block-heading\" id=\"h-how-did-the-gulf-of-mexico-get-its-name\">Como o Golfo do M\u00e9xico recebeu esse nome?<\/h3>\n<p>O corpo de \u00e1gua \u00e9 retratado com esse nome h\u00e1 mais de quatro s\u00e9culos, uma determina\u00e7\u00e3o original que se acredita ter sido tirada de uma cidade nativa americana do \u201cM\u00e9xico\u201d.<\/p>\n<h3 class=\"wp-block-heading\" id=\"h-has-renaming-the-gulf-of-mexico-come-up-before\">A renomea\u00e7\u00e3o do Golfo do M\u00e9xico j\u00e1 foi mencionada antes?<\/h3>\n<p>Sim. Em 2012, um membro do Legislativo do Mississippi prop\u00f4s um projeto de lei para renomear partes do golfo que tocam as praias daquele estado como \u201cGolfo da Am\u00e9rica\u201d, uma medida que o autor do projeto mais tarde chamou de \u201cpiada\u201d. Esse projeto, que foi encaminhado a uma comiss\u00e3o, n\u00e3o foi aprovado.<\/p>\n<p>Dois anos antes, o comediante Stephen Colbert tinha brincado no seu programa que, na sequ\u00eancia do enorme derrame de petr\u00f3leo da Deepwater Horizon no Golfo do M\u00e9xico, o programa deveria ser rebatizado de \u201cGolfo da Am\u00e9rica\u201d porque: \u201cN\u00f3s o quebramos, n\u00f3s o compramos\u201d.<\/p>\n<h3 class=\"wp-block-heading\" id=\"h-are-there-other-international-disputes-over-the-names-of-places\">Existem outras disputas internacionais sobre nomes de lugares?<\/h3>\n<p>H\u00e1 uma disputa de longa data sobre o nome do Mar do Jap\u00e3o entre Jap\u00e3o, Coreia do Norte, Coreia do Sul e R\u00fassia, com a Coreia do Sul argumentando que o nome atual n\u00e3o era comumente usado at\u00e9 que a Coreia estivesse sob dom\u00ednio japon\u00eas. Numa reuni\u00e3o da Organiza\u00e7\u00e3o Hidrogr\u00e1fica Internacional em 2020, os estados membros concordaram num plano para substituir nomes por identificadores num\u00e9ricos e desenvolver um novo padr\u00e3o digital para sistemas modernos de informa\u00e7\u00e3o geogr\u00e1fica.<\/p>\n<p>O Golfo P\u00e9rsico \u00e9 amplamente conhecido por esse nome desde o s\u00e9culo XVI, embora o uso de \u201cGolfo\u201d e \u201cGolfo \u00c1rabe\u201d seja dominante em muitos pa\u00edses do M\u00e9dio Oriente. O governo do Ir\u00e3o amea\u00e7ou processar a Google em 2012 pela decis\u00e3o da empresa de n\u00e3o rotular a massa de \u00e1gua nos seus mapas.<\/p>\n<p>Houve outras conversas sobre corpos d&#8217;\u00e1gua, inclusive do oponente de Trump em 2016. De acordo com materiais revelados pelo WikiLeaks em uma invas\u00e3o da conta pessoal de seu presidente de campanha, a ex-secret\u00e1ria de Estado Hillary Clinton disse em 2013 a uma audi\u00eancia que, pela l\u00f3gica da China, que reivindicou quase todo o Mar da China Meridional, depois os EUA ap\u00f3s a Guerra Mundial II poderia ter rotulado o Oceano Pac\u00edfico de \u201cMar Americano\u201d.<\/p>\n<p><em>Kinnard relatou de Chapin, Carolina do Sul, e pode ser contatado em http:\/\/x.com\/MegKinnardAP.<\/em><\/p>\n<div class=\"m-block m-generic-cta\t m-generic-cta--post-content\t m-generic-cta--dark\t m-generic-cta--homepage\t m-generic-cta--email-signup\t\t m-generic-cta-block-style--default \tt-amp__generic-cta\"><\/p>\n<div class=\"m-generic-cta__wrap\">\n<div class=\"m-generic-cta__content\">\n<h3 class=\"m-generic-cta__title\">Alertas extras de not\u00edcias<\/h3>\n<p class=\"m-generic-cta__subtitle\">Receba as \u00faltimas atualiza\u00e7\u00f5es conforme elas acontecem.<\/p>\n<\/p><\/div>\n<\/p><\/div>\n<\/div><\/div>\n<p><script>\n\t\tvar consent=\"grant\";\n\t\t\/* The above code is parsing the JSON data from the local storage and storing it in a variable. *\/\n\t\t\t\t\tconst onetrustStorageConsent = JSON.parse(localStorage.getItem( 'consent_one_trust_bdc' ) );\n\t\t\tif ( ( onetrustStorageConsent !== null ) ) {\n\t\t\t\t\/* Checking to see if the user has consented to the use of cookies.\n\t\t\t\t* If they have not, it is deleting the cookie.\n\t\t\t\t* This will comment for now, until further notice.\n\t\t\t\t*\/\n\t\t\t\t\/\/if ( onetrustStorageConsent.C0002 === false ) {\n\t\t\t\t\/\/\tdocument.cookie=\"_fbp=;expires=Thu, 01 Jan 2010 00:00:00 UTC; path=\/; domain=.boston.com\";\n\t\t\t\t\/\/}\n\t\t\t\t\/* Checking if the user has given consent for the cookie C0002.\n\t\t\t\t* If the user has given consent, the variable consent will be set to 'grant'.\n\t\t\t\t* If the user has not given consent,the variable consent will be set to 'revoke'.\n\t\t\t\t* Documentation https:\/\/developers.facebook.com\/docs\/meta-pixel\/implementation\/gdpr\n\t\t\t\t*\/\n\t\t\t\tif ( onetrustStorageConsent.C0002 !== true ) {\n\t\t\t\t\tconsent=\"revoke\";\n\t\t\t\t}\n\t\t\t}\n\t\t\t\t!function(f,b,e,v,n,t,s)\n\t\t{if(f.fbq)return;n=f.fbq=function(){n.callMethod?\n\t\tn.callMethod.apply(n,arguments):n.queue.push(arguments)};\n\t\tif(!f._fbq)f._fbq=n;n.push=n;n.loaded=!0;n.version='2.0';\n\t\tn.queue=[];t=b.createElement(e);t.async=!0;\n\t\tt.src=v;s=b.getElementsByTagName(e)[0];\n\t\ts.parentNode.insertBefore(t,s)}(window, document,'script',\n\t\t'https:\/\/connect.facebook.net\/en_US\/fbevents.js');\n\t\tfbq('consent', consent);\n\t\tfbq('init', '989222871864976');\n\t\tfbq('track', 'PageView');\n\t<\/script><script type=\"module\">\n\t\tvar consent=\"grant\";\n\t\t\/* The above code is parsing the JSON data from the local storage and storing it in a variable. *\/\n\t\t\tconst onetrustStorageConsent = JSON.parse(localStorage.getItem( 'consent_one_trust_bdc' ) );\n\t\t\t\/* Checking to see if the user has consented to the use of cookies.\n\t\t\t* If they have not, it is deleting the cookie.\n\t\t\t* This will comment for now, until further notice.\n\t\t\t*\/\n\t\t\t\/\/if ( onetrustStorageConsent.C0002 === false ) {\n\t\t\t\/\/\tdocument.cookie=\"_fbp=;expires=Thu, 01 Jan 2010 00:00:00 UTC; path=\/; domain=.boston.com\";\n\t\t\t\/\/}\n\t\t\t\/* Checking if the user has given consent for the cookie C0002.\n\t\t\t* If the user has given consent, the variable consent will be set to 'grant'.\n\t\t\t* If the user has not given consent,the variable consent will be set to 'revoke'.\n\t\t\t* Documentation https:\/\/developers.facebook.com\/docs\/meta-pixel\/implementation\/gdpr\n\t\t\t*\/\n\t\t\tif ( ( onetrustStorageConsent !== null ) && (onetrustStorageConsent.C0002 !== true ) ) {\n\t\t\t\tconsent=\"revoke\";\n\t\t\t}\n\t\t\t\t!function(f,b,e,v,n,t,s){if(f.fbq)return;n=f.fbq=function()\n\t\t{n.callMethod? n.callMethod.apply(n,arguments):n.queue.push(arguments)}\n\t\t;if(!f._fbq)f._fbq=n;\n\t\tn.push=n;n.loaded=!0;n.version='2.0';n.queue=[];t=b.createElement(e);t.async=!0;\n\t\tt.src=v;s=b.getElementsByTagName(e)[0];s.parentNode.insertBefore(t,s)}(window,\n\t\tdocument,'script','https:\/\/connect.facebook.net\/en_US\/fbevents.js');\n\t\tfbq('consent', consent);\n\t\tfbq('init', '813236348753005');\n\t\tfbq('track', \"PageView\");\n\t<\/script><br \/>\n<br \/><br \/>\n<br \/><a href=\"https:\/\/www.boston.com\/news\/politics\/2025\/01\/08\/donald-trump-change-name-gulf-of-mexico\/\">Source link <\/a><\/p>","protected":false},"excerpt":{"rendered":"<p>Pol\u00edtica O Golfo do M\u00e9xico \u00e9 frequentemente referido como a \u201cTerceira Costa\u201d dos Estados Unidos devido ao seu litoral que abrange cinco estados do sudeste. O presidente eleito Donald Trump&hellip;<\/p>","protected":false},"author":1,"featured_media":89140,"comment_status":"closed","ping_status":"open","sticky":false,"template":"","format":"standard","meta":{"content-type":"","footnotes":""},"categories":[1],"tags":[],"class_list":["post-89139","post","type-post","status-publish","format-standard","has-post-thumbnail","hentry","category-uncategorized"],"_links":{"self":[{"href":"https:\/\/tvbrazilusa.com\/pt\/wp-json\/wp\/v2\/posts\/89139","targetHints":{"allow":["GET"]}}],"collection":[{"href":"https:\/\/tvbrazilusa.com\/pt\/wp-json\/wp\/v2\/posts"}],"about":[{"href":"https:\/\/tvbrazilusa.com\/pt\/wp-json\/wp\/v2\/types\/post"}],"author":[{"embeddable":true,"href":"https:\/\/tvbrazilusa.com\/pt\/wp-json\/wp\/v2\/users\/1"}],"replies":[{"embeddable":true,"href":"https:\/\/tvbrazilusa.com\/pt\/wp-json\/wp\/v2\/comments?post=89139"}],"version-history":[{"count":1,"href":"https:\/\/tvbrazilusa.com\/pt\/wp-json\/wp\/v2\/posts\/89139\/revisions"}],"predecessor-version":[{"id":89141,"href":"https:\/\/tvbrazilusa.com\/pt\/wp-json\/wp\/v2\/posts\/89139\/revisions\/89141"}],"wp:featuredmedia":[{"embeddable":true,"href":"https:\/\/tvbrazilusa.com\/pt\/wp-json\/wp\/v2\/media\/89140"}],"wp:attachment":[{"href":"https:\/\/tvbrazilusa.com\/pt\/wp-json\/wp\/v2\/media?parent=89139"}],"wp:term":[{"taxonomy":"category","embeddable":true,"href":"https:\/\/tvbrazilusa.com\/pt\/wp-json\/wp\/v2\/categories?post=89139"},{"taxonomy":"post_tag","embeddable":true,"href":"https:\/\/tvbrazilusa.com\/pt\/wp-json\/wp\/v2\/tags?post=89139"}],"curies":[{"name":"wp","href":"https:\/\/api.w.org\/{rel}","templated":true}]}}